{"id":962,"date":"2021-09-01T14:49:30","date_gmt":"2021-09-01T12:49:30","guid":{"rendered":"https:\/\/festiwale.zakopane.pl\/zlote-kierpce\/?p=962"},"modified":"2021-09-01T14:51:12","modified_gmt":"2021-09-01T12:51:12","slug":"laureaci-na-52-miedzynarodowym-festiwalu-folkloru-ziem-gorskich","status":"publish","type":"post","link":"http:\/\/archiwum.festiwale.zakopane.pl\/zlote-kierpce\/2021\/09\/01\/laureaci-na-52-miedzynarodowym-festiwalu-folkloru-ziem-gorskich\/","title":{"rendered":"Laureaci na 52 Mi\u0119dzynarodowym Festiwalu Folkloru Ziem G\u00f3rskich"},"content":{"rendered":"<p><span class=\"d2edcug0 hpfvmrgz qv66sw1b c1et5uql lr9zc1uh a8c37x1j keod5gw0 nxhoafnm aigsh9s9 d3f4x2em fe6kdd0r mau55g9w c8b282yb iv3no6db jq4qci2q a3bd9o3v b1v8xokw oo9gr5id hzawbc8m\" dir=\"auto\">Laureaci Tatrza\u0144skiego Festiwalu Zespo\u0142\u00f3w G\u00f3ralskich &#8222;Z\u0142ote Kierpce&#8221; wyst\u0105pili podczas koncertu &#8222;Mali G\u00f3rale&#8221; na scenie plenerowej w dniu 14 sierpnia 2021r. Zdobywcy Z\u0142otych i Srebrnych Kierpiec: Zawaternik z Le\u015bnicy &#8211; Gronia, Mali Maniowianie z Mani\u00f3w oraz Mali \u015awarni z Nowego Targu zaprezentowali swoje programy w ramach 52 MFFZG. Go\u015bcinnie wyst\u0105pi\u0142 zesp\u00f3\u0142 Hulajniki z Mil\u00f3wki <span class=\"pq6dq46d tbxw36s4 knj5qynh kvgmc6g5 ditlmg2l oygrvhab nvdbi5me sf5mxxl7 gl3lb2sf hhz5lgdu\"><img loading=\"lazy\" src=\"https:\/\/static.xx.fbcdn.net\/images\/emoji.php\/v9\/t51\/1\/16\/1f603.png\" alt=\"\ud83d\ude03\" width=\"16\" height=\"16\" \/><\/span><\/span><\/p>\n<div id='gallery-1' class='gallery galleryid-962 gallery-columns-3 gallery-size-thumbnail'><figure class='gallery-item'>\n\t\t\t<div class='gallery-icon landscape'>\n\t\t\t\t<a href='http:\/\/archiwum.festiwale.zakopane.pl\/zlote-kierpce\/2021\/09\/01\/laureaci-na-52-miedzynarodowym-festiwalu-folkloru-ziem-gorskich\/dsc_0027\/'><img width=\"150\" height=\"150\" src=\"http:\/\/archiwum.festiwale.zakopane.pl\/zlote-kierpce\/wp-content\/uploads\/sites\/17\/2021\/09\/DSC_0027-150x150.jpg\" class=\"attachment-thumbnail size-thumbnail\" alt=\"\" loading=\"lazy\" \/><\/a>\n\t\t\t<\/div><\/figure><figure class='gallery-item'>\n\t\t\t<div class='gallery-icon landscape'>\n\t\t\t\t<a href='http:\/\/archiwum.festiwale.zakopane.pl\/zlote-kierpce\/2021\/09\/01\/laureaci-na-52-miedzynarodowym-festiwalu-folkloru-ziem-gorskich\/dsc_0065\/'><img width=\"150\" height=\"150\" src=\"http:\/\/archiwum.festiwale.zakopane.pl\/zlote-kierpce\/wp-content\/uploads\/sites\/17\/2021\/09\/DSC_0065-150x150.jpg\" class=\"attachment-thumbnail size-thumbnail\" alt=\"\" loading=\"lazy\" \/><\/a>\n\t\t\t<\/div><\/figure><figure class='gallery-item'>\n\t\t\t<div class='gallery-icon landscape'>\n\t\t\t\t<a href='http:\/\/archiwum.festiwale.zakopane.pl\/zlote-kierpce\/2021\/09\/01\/laureaci-na-52-miedzynarodowym-festiwalu-folkloru-ziem-gorskich\/dsc_0080\/'><img width=\"150\" height=\"150\" src=\"http:\/\/archiwum.festiwale.zakopane.pl\/zlote-kierpce\/wp-content\/uploads\/sites\/17\/2021\/09\/DSC_0080-150x150.jpg\" class=\"attachment-thumbnail size-thumbnail\" alt=\"\" loading=\"lazy\" \/><\/a>\n\t\t\t<\/div><\/figure><figure class='gallery-item'>\n\t\t\t<div class='gallery-icon landscape'>\n\t\t\t\t<a href='http:\/\/archiwum.festiwale.zakopane.pl\/zlote-kierpce\/2021\/09\/01\/laureaci-na-52-miedzynarodowym-festiwalu-folkloru-ziem-gorskich\/dsc_0105\/'><img width=\"150\" height=\"150\" src=\"http:\/\/archiwum.festiwale.zakopane.pl\/zlote-kierpce\/wp-content\/uploads\/sites\/17\/2021\/09\/DSC_0105-150x150.jpg\" class=\"attachment-thumbnail size-thumbnail\" alt=\"\" loading=\"lazy\" \/><\/a>\n\t\t\t<\/div><\/figure><figure class='gallery-item'>\n\t\t\t<div class='gallery-icon landscape'>\n\t\t\t\t<a href='http:\/\/archiwum.festiwale.zakopane.pl\/zlote-kierpce\/2021\/09\/01\/laureaci-na-52-miedzynarodowym-festiwalu-folkloru-ziem-gorskich\/dsc_0123\/'><img width=\"150\" height=\"150\" src=\"http:\/\/archiwum.festiwale.zakopane.pl\/zlote-kierpce\/wp-content\/uploads\/sites\/17\/2021\/09\/DSC_0123-150x150.jpg\" class=\"attachment-thumbnail size-thumbnail\" alt=\"\" loading=\"lazy\" \/><\/a>\n\t\t\t<\/div><\/figure><figure class='gallery-item'>\n\t\t\t<div class='gallery-icon landscape'>\n\t\t\t\t<a href='http:\/\/archiwum.festiwale.zakopane.pl\/zlote-kierpce\/2021\/09\/01\/laureaci-na-52-miedzynarodowym-festiwalu-folkloru-ziem-gorskich\/dsc_0135\/'><img width=\"150\" height=\"150\" src=\"http:\/\/archiwum.festiwale.zakopane.pl\/zlote-kierpce\/wp-content\/uploads\/sites\/17\/2021\/09\/DSC_0135-150x150.jpg\" class=\"attachment-thumbnail size-thumbnail\" alt=\"\" loading=\"lazy\" \/><\/a>\n\t\t\t<\/div><\/figure><figure class='gallery-item'>\n\t\t\t<div class='gallery-icon landscape'>\n\t\t\t\t<a href='http:\/\/archiwum.festiwale.zakopane.pl\/zlote-kierpce\/2021\/09\/01\/laureaci-na-52-miedzynarodowym-festiwalu-folkloru-ziem-gorskich\/dsc_0144\/'><img width=\"150\" height=\"150\" src=\"http:\/\/archiwum.festiwale.zakopane.pl\/zlote-kierpce\/wp-content\/uploads\/sites\/17\/2021\/09\/DSC_0144-150x150.jpg\" class=\"attachment-thumbnail size-thumbnail\" alt=\"\" loading=\"lazy\" \/><\/a>\n\t\t\t<\/div><\/figure><figure class='gallery-item'>\n\t\t\t<div class='gallery-icon landscape'>\n\t\t\t\t<a href='http:\/\/archiwum.festiwale.zakopane.pl\/zlote-kierpce\/2021\/09\/01\/laureaci-na-52-miedzynarodowym-festiwalu-folkloru-ziem-gorskich\/dsc_0156\/'><img width=\"150\" height=\"150\" src=\"http:\/\/archiwum.festiwale.zakopane.pl\/zlote-kierpce\/wp-content\/uploads\/sites\/17\/2021\/09\/DSC_0156-150x150.jpg\" class=\"attachment-thumbnail size-thumbnail\" alt=\"\" loading=\"lazy\" \/><\/a>\n\t\t\t<\/div><\/figure><figure class='gallery-item'>\n\t\t\t<div class='gallery-icon landscape'>\n\t\t\t\t<a href='http:\/\/archiwum.festiwale.zakopane.pl\/zlote-kierpce\/2021\/09\/01\/laureaci-na-52-miedzynarodowym-festiwalu-folkloru-ziem-gorskich\/dsc_0173\/'><img width=\"150\" height=\"150\" src=\"http:\/\/archiwum.festiwale.zakopane.pl\/zlote-kierpce\/wp-content\/uploads\/sites\/17\/2021\/09\/DSC_0173-150x150.jpg\" class=\"attachment-thumbnail size-thumbnail\" alt=\"\" loading=\"lazy\" \/><\/a>\n\t\t\t<\/div><\/figure><figure class='gallery-item'>\n\t\t\t<div class='gallery-icon landscape'>\n\t\t\t\t<a href='http:\/\/archiwum.festiwale.zakopane.pl\/zlote-kierpce\/2021\/09\/01\/laureaci-na-52-miedzynarodowym-festiwalu-folkloru-ziem-gorskich\/dsc_0185\/'><img width=\"150\" height=\"150\" src=\"http:\/\/archiwum.festiwale.zakopane.pl\/zlote-kierpce\/wp-content\/uploads\/sites\/17\/2021\/09\/DSC_0185-150x150.jpg\" class=\"attachment-thumbnail size-thumbnail\" alt=\"\" loading=\"lazy\" \/><\/a>\n\t\t\t<\/div><\/figure><figure class='gallery-item'>\n\t\t\t<div class='gallery-icon landscape'>\n\t\t\t\t<a href='http:\/\/archiwum.festiwale.zakopane.pl\/zlote-kierpce\/2021\/09\/01\/laureaci-na-52-miedzynarodowym-festiwalu-folkloru-ziem-gorskich\/dsc_0196\/'><img width=\"150\" height=\"150\" src=\"http:\/\/archiwum.festiwale.zakopane.pl\/zlote-kierpce\/wp-content\/uploads\/sites\/17\/2021\/09\/DSC_0196-150x150.jpg\" class=\"attachment-thumbnail size-thumbnail\" alt=\"\" loading=\"lazy\" \/><\/a>\n\t\t\t<\/div><\/figure><figure class='gallery-item'>\n\t\t\t<div class='gallery-icon landscape'>\n\t\t\t\t<a href='http:\/\/archiwum.festiwale.zakopane.pl\/zlote-kierpce\/2021\/09\/01\/laureaci-na-52-miedzynarodowym-festiwalu-folkloru-ziem-gorskich\/dsc_0203\/'><img width=\"150\" height=\"150\" src=\"http:\/\/archiwum.festiwale.zakopane.pl\/zlote-kierpce\/wp-content\/uploads\/sites\/17\/2021\/09\/DSC_0203-150x150.jpg\" class=\"attachment-thumbnail size-thumbnail\" alt=\"\" loading=\"lazy\" \/><\/a>\n\t\t\t<\/div><\/figure><figure class='gallery-item'>\n\t\t\t<div class='gallery-icon landscape'>\n\t\t\t\t<a href='http:\/\/archiwum.festiwale.zakopane.pl\/zlote-kierpce\/2021\/09\/01\/laureaci-na-52-miedzynarodowym-festiwalu-folkloru-ziem-gorskich\/dsc_0221\/'><img width=\"150\" height=\"150\" src=\"http:\/\/archiwum.festiwale.zakopane.pl\/zlote-kierpce\/wp-content\/uploads\/sites\/17\/2021\/09\/DSC_0221-150x150.jpg\" class=\"attachment-thumbnail size-thumbnail\" alt=\"\" loading=\"lazy\" \/><\/a>\n\t\t\t<\/div><\/figure><figure class='gallery-item'>\n\t\t\t<div class='gallery-icon landscape'>\n\t\t\t\t<a href='http:\/\/archiwum.festiwale.zakopane.pl\/zlote-kierpce\/2021\/09\/01\/laureaci-na-52-miedzynarodowym-festiwalu-folkloru-ziem-gorskich\/dsc_0264\/'><img width=\"150\" height=\"150\" src=\"http:\/\/archiwum.festiwale.zakopane.pl\/zlote-kierpce\/wp-content\/uploads\/sites\/17\/2021\/09\/DSC_0264-150x150.jpg\" class=\"attachment-thumbnail size-thumbnail\" alt=\"\" loading=\"lazy\" \/><\/a>\n\t\t\t<\/div><\/figure>\n\t\t<\/div>\n\n","protected":false},"excerpt":{"rendered":"<p>Laureaci Tatrza\u0144skiego Festiwalu Zespo\u0142\u00f3w G\u00f3ralskich &#8222;Z\u0142ote Kierpce&#8221; wyst\u0105pili podczas koncertu &#8222;Mali G\u00f3rale&#8221; na scenie plenerowej [&hellip;]<\/p>\n","protected":false},"author":7,"featured_media":977,"comment_status":"closed","ping_status":"closed","sticky":false,"template":"","format":"standard","meta":[],"categories":[1],"tags":[],"acf":[],"_links":{"self":[{"href":"http:\/\/archiwum.festiwale.zakopane.pl\/zlote-kierpce\/wp-json\/wp\/v2\/posts\/962"}],"collection":[{"href":"http:\/\/archiwum.festiwale.zakopane.pl\/zlote-kierpce\/wp-json\/wp\/v2\/posts"}],"about":[{"href":"http:\/\/archiwum.festiwale.zakopane.pl\/zlote-kierpce\/wp-json\/wp\/v2\/types\/post"}],"author":[{"embeddable":true,"href":"http:\/\/archiwum.festiwale.zakopane.pl\/zlote-kierpce\/wp-json\/wp\/v2\/users\/7"}],"replies":[{"embeddable":true,"href":"http:\/\/archiwum.festiwale.zakopane.pl\/zlote-kierpce\/wp-json\/wp\/v2\/comments?post=962"}],"version-history":[{"count":1,"href":"http:\/\/archiwum.festiwale.zakopane.pl\/zlote-kierpce\/wp-json\/wp\/v2\/posts\/962\/revisions"}],"predecessor-version":[{"id":978,"href":"http:\/\/archiwum.festiwale.zakopane.pl\/zlote-kierpce\/wp-json\/wp\/v2\/posts\/962\/revisions\/978"}],"wp:featuredmedia":[{"embeddable":true,"href":"http:\/\/archiwum.festiwale.zakopane.pl\/zlote-kierpce\/wp-json\/wp\/v2\/media\/977"}],"wp:attachment":[{"href":"http:\/\/archiwum.festiwale.zakopane.pl\/zlote-kierpce\/wp-json\/wp\/v2\/media?parent=962"}],"wp:term":[{"taxonomy":"category","embeddable":true,"href":"http:\/\/archiwum.festiwale.zakopane.pl\/zlote-kierpce\/wp-json\/wp\/v2\/categories?post=962"},{"taxonomy":"post_tag","embeddable":true,"href":"http:\/\/archiwum.festiwale.zakopane.pl\/zlote-kierpce\/wp-json\/wp\/v2\/tags?post=962"}],"curies":[{"name":"wp","href":"https:\/\/api.w.org\/{rel}","templated":true}]}}