{"id":955,"date":"2021-08-02T08:34:44","date_gmt":"2021-08-02T06:34:44","guid":{"rendered":"https:\/\/festiwale.zakopane.pl\/zlote-kierpce\/?p=955"},"modified":"2021-08-02T08:34:44","modified_gmt":"2021-08-02T06:34:44","slug":"dzieciecy-plakat-festiwalowy","status":"publish","type":"post","link":"http:\/\/archiwum.festiwale.zakopane.pl\/zlote-kierpce\/2021\/08\/02\/dzieciecy-plakat-festiwalowy\/","title":{"rendered":"&#8222;Dzieci\u0119cy Plakat Festiwalowy&#8221;"},"content":{"rendered":"<p><span class=\"d2edcug0 hpfvmrgz qv66sw1b c1et5uql lr9zc1uh a8c37x1j keod5gw0 nxhoafnm aigsh9s9 d3f4x2em fe6kdd0r mau55g9w c8b282yb iv3no6db jq4qci2q a3bd9o3v knj5qynh oo9gr5id hzawbc8m\" dir=\"auto\">Serdecznie zapraszamy na pokonkursow\u0105 wystaw\u0119 plenerow\u0105 &#8222;Dzieci\u0119cy Plakat Festiwalowy&#8221; do Parku Miejskiego im. J. Pi\u0142sudskiego w Zakopanem. Wystawa potrwa do 31 sierpnia 2021r.<\/span> Motywem przewodnim konkursu na &#8221; Dzieci\u0119cy Plakat festiwalowy&#8221; by\u0142y obrz\u0119dy zwi\u0105zane z pracami w polu, a tak\u017ce z przygotowywaniem i spo\u017cywaniem posi\u0142k\u00f3w. M\u0142odzi arty\u015bci doskonale poradzili sobie z tematyk\u0105.<\/p>\n<p>&nbsp;<\/p>\n","protected":false},"excerpt":{"rendered":"<p>Serdecznie zapraszamy na pokonkursow\u0105 wystaw\u0119 plenerow\u0105 &#8222;Dzieci\u0119cy Plakat Festiwalowy&#8221; do Parku Miejskiego im. J. Pi\u0142sudskiego [&hellip;]<\/p>\n","protected":false},"author":7,"featured_media":956,"comment_status":"closed","ping_status":"closed","sticky":false,"template":"","format":"standard","meta":[],"categories":[1],"tags":[],"acf":[],"_links":{"self":[{"href":"http:\/\/archiwum.festiwale.zakopane.pl\/zlote-kierpce\/wp-json\/wp\/v2\/posts\/955"}],"collection":[{"href":"http:\/\/archiwum.festiwale.zakopane.pl\/zlote-kierpce\/wp-json\/wp\/v2\/posts"}],"about":[{"href":"http:\/\/archiwum.festiwale.zakopane.pl\/zlote-kierpce\/wp-json\/wp\/v2\/types\/post"}],"author":[{"embeddable":true,"href":"http:\/\/archiwum.festiwale.zakopane.pl\/zlote-kierpce\/wp-json\/wp\/v2\/users\/7"}],"replies":[{"embeddable":true,"href":"http:\/\/archiwum.festiwale.zakopane.pl\/zlote-kierpce\/wp-json\/wp\/v2\/comments?post=955"}],"version-history":[{"count":1,"href":"http:\/\/archiwum.festiwale.zakopane.pl\/zlote-kierpce\/wp-json\/wp\/v2\/posts\/955\/revisions"}],"predecessor-version":[{"id":957,"href":"http:\/\/archiwum.festiwale.zakopane.pl\/zlote-kierpce\/wp-json\/wp\/v2\/posts\/955\/revisions\/957"}],"wp:featuredmedia":[{"embeddable":true,"href":"http:\/\/archiwum.festiwale.zakopane.pl\/zlote-kierpce\/wp-json\/wp\/v2\/media\/956"}],"wp:attachment":[{"href":"http:\/\/archiwum.festiwale.zakopane.pl\/zlote-kierpce\/wp-json\/wp\/v2\/media?parent=955"}],"wp:term":[{"taxonomy":"category","embeddable":true,"href":"http:\/\/archiwum.festiwale.zakopane.pl\/zlote-kierpce\/wp-json\/wp\/v2\/categories?post=955"},{"taxonomy":"post_tag","embeddable":true,"href":"http:\/\/archiwum.festiwale.zakopane.pl\/zlote-kierpce\/wp-json\/wp\/v2\/tags?post=955"}],"curies":[{"name":"wp","href":"https:\/\/api.w.org\/{rel}","templated":true}]}}