{"id":949,"date":"2021-05-14T12:29:08","date_gmt":"2021-05-14T10:29:08","guid":{"rendered":"https:\/\/festiwale.zakopane.pl\/zlote-kierpce\/?p=949"},"modified":"2021-05-14T12:29:08","modified_gmt":"2021-05-14T10:29:08","slug":"dziekujemy-partnerom","status":"publish","type":"post","link":"http:\/\/archiwum.festiwale.zakopane.pl\/zlote-kierpce\/2021\/05\/14\/dziekujemy-partnerom\/","title":{"rendered":"Dzi\u0119kujemy Partnerom"},"content":{"rendered":"<p><span class=\"d2edcug0 hpfvmrgz qv66sw1b c1et5uql lr9zc1uh a8c37x1j keod5gw0 nxhoafnm aigsh9s9 d3f4x2em fe6kdd0r mau55g9w c8b282yb iv3no6db jq4qci2q a3bd9o3v knj5qynh oo9gr5id hzawbc8m\" dir=\"auto\">Podzi\u0119kowania kierujemy do Partner\u00f3w za w\u0142\u0105czenie si\u0119 w zorganizowanie tegorocznego wydarzenia oraz ufundowanie nagr\u00f3d: Starostwo Powiatowe w Zakopanem, <a class=\"oajrlxb2 g5ia77u1 qu0x051f esr5mh6w e9989ue4 r7d6kgcz rq0escxv nhd2j8a9 nc684nl6 p7hjln8o kvgmc6g5 cxmmr5t8 oygrvhab hcukyx3x jb3vyjys rz4wbd8a qt6c0cv9 a8nywdso i1ao9s8h esuyzwwr f1sip0of lzcic4wl q66pz984 gpro0wi8 b1v8xokw\" role=\"link\" href=\"https:\/\/www.facebook.com\/TatrzanskiParkNarodowy\/?__cft__[0]=AZV2LGF61xSUzzs4NFn1lT_4GuE9GF6FdINCwwrVJ4WZ39eVAv4s1LH_cwo7TDi7pPyo36gOeLF0iGl7wx6BsNTReWZ9gxMaOfsXBcWik2AKrrW_Uo3DjDkDgtZ4Vbld-OwHD2FklxZtv5Kc9IxVLsy1bG2I5mTeJxiAhfljuo6BgQCQR4QLzeupSQiYJ4NlCxY&amp;__tn__=kK-R\"><span class=\"nc684nl6\">Tatrza\u0144ski Park Narodowy<\/span><\/a>, Polskie Tatry S.A. Aqua Park w Zakopanem, <a class=\"oajrlxb2 g5ia77u1 qu0x051f esr5mh6w e9989ue4 r7d6kgcz rq0escxv nhd2j8a9 nc684nl6 p7hjln8o kvgmc6g5 cxmmr5t8 oygrvhab hcukyx3x jb3vyjys rz4wbd8a qt6c0cv9 a8nywdso i1ao9s8h esuyzwwr f1sip0of lzcic4wl q66pz984 gpro0wi8 b1v8xokw\" role=\"link\" href=\"https:\/\/www.facebook.com\/WawelSlodycze\/?__cft__[0]=AZV2LGF61xSUzzs4NFn1lT_4GuE9GF6FdINCwwrVJ4WZ39eVAv4s1LH_cwo7TDi7pPyo36gOeLF0iGl7wx6BsNTReWZ9gxMaOfsXBcWik2AKrrW_Uo3DjDkDgtZ4Vbld-OwHD2FklxZtv5Kc9IxVLsy1bG2I5mTeJxiAhfljuo6BgQCQR4QLzeupSQiYJ4NlCxY&amp;__tn__=kK-R\"><span class=\"nc684nl6\">Wawel<\/span><\/a>, Zwi\u0105zek Podhalan Oddzia\u0142 Zakopane, <a class=\"oajrlxb2 g5ia77u1 qu0x051f esr5mh6w e9989ue4 r7d6kgcz rq0escxv nhd2j8a9 nc684nl6 p7hjln8o kvgmc6g5 cxmmr5t8 oygrvhab hcukyx3x jb3vyjys rz4wbd8a qt6c0cv9 a8nywdso i1ao9s8h esuyzwwr f1sip0of lzcic4wl q66pz984 gpro0wi8 b1v8xokw\" role=\"link\" href=\"https:\/\/www.facebook.com\/KinoGiewont\/?__cft__[0]=AZV2LGF61xSUzzs4NFn1lT_4GuE9GF6FdINCwwrVJ4WZ39eVAv4s1LH_cwo7TDi7pPyo36gOeLF0iGl7wx6BsNTReWZ9gxMaOfsXBcWik2AKrrW_Uo3DjDkDgtZ4Vbld-OwHD2FklxZtv5Kc9IxVLsy1bG2I5mTeJxiAhfljuo6BgQCQR4QLzeupSQiYJ4NlCxY&amp;__tn__=kK-R\"><span class=\"nc684nl6\">Kino Giewont<\/span><\/a>, Ma\u0142opolskie Centrum Kultury &#8222;Sok\u00f3\u0142&#8221; w Nowym S\u0105czu<\/span><\/p>\n","protected":false},"excerpt":{"rendered":"<p>Podzi\u0119kowania kierujemy do Partner\u00f3w za w\u0142\u0105czenie si\u0119 w zorganizowanie tegorocznego wydarzenia oraz ufundowanie nagr\u00f3d: Starostwo [&hellip;]<\/p>\n","protected":false},"author":7,"featured_media":950,"comment_status":"closed","ping_status":"closed","sticky":false,"template":"","format":"standard","meta":[],"categories":[1],"tags":[],"acf":[],"_links":{"self":[{"href":"http:\/\/archiwum.festiwale.zakopane.pl\/zlote-kierpce\/wp-json\/wp\/v2\/posts\/949"}],"collection":[{"href":"http:\/\/archiwum.festiwale.zakopane.pl\/zlote-kierpce\/wp-json\/wp\/v2\/posts"}],"about":[{"href":"http:\/\/archiwum.festiwale.zakopane.pl\/zlote-kierpce\/wp-json\/wp\/v2\/types\/post"}],"author":[{"embeddable":true,"href":"http:\/\/archiwum.festiwale.zakopane.pl\/zlote-kierpce\/wp-json\/wp\/v2\/users\/7"}],"replies":[{"embeddable":true,"href":"http:\/\/archiwum.festiwale.zakopane.pl\/zlote-kierpce\/wp-json\/wp\/v2\/comments?post=949"}],"version-history":[{"count":1,"href":"http:\/\/archiwum.festiwale.zakopane.pl\/zlote-kierpce\/wp-json\/wp\/v2\/posts\/949\/revisions"}],"predecessor-version":[{"id":951,"href":"http:\/\/archiwum.festiwale.zakopane.pl\/zlote-kierpce\/wp-json\/wp\/v2\/posts\/949\/revisions\/951"}],"wp:featuredmedia":[{"embeddable":true,"href":"http:\/\/archiwum.festiwale.zakopane.pl\/zlote-kierpce\/wp-json\/wp\/v2\/media\/950"}],"wp:attachment":[{"href":"http:\/\/archiwum.festiwale.zakopane.pl\/zlote-kierpce\/wp-json\/wp\/v2\/media?parent=949"}],"wp:term":[{"taxonomy":"category","embeddable":true,"href":"http:\/\/archiwum.festiwale.zakopane.pl\/zlote-kierpce\/wp-json\/wp\/v2\/categories?post=949"},{"taxonomy":"post_tag","embeddable":true,"href":"http:\/\/archiwum.festiwale.zakopane.pl\/zlote-kierpce\/wp-json\/wp\/v2\/tags?post=949"}],"curies":[{"name":"wp","href":"https:\/\/api.w.org\/{rel}","templated":true}]}}