{"id":941,"date":"2021-05-12T09:24:17","date_gmt":"2021-05-12T07:24:17","guid":{"rendered":"https:\/\/festiwale.zakopane.pl\/zlote-kierpce\/?p=941"},"modified":"2021-05-12T09:24:17","modified_gmt":"2021-05-12T07:24:17","slug":"wystep-zespolu-zawaternik-podczas-xii-tatrzanskiego-festiwalu-zespolow-goralskich-zlote-kierpce","status":"publish","type":"post","link":"http:\/\/archiwum.festiwale.zakopane.pl\/zlote-kierpce\/2021\/05\/12\/wystep-zespolu-zawaternik-podczas-xii-tatrzanskiego-festiwalu-zespolow-goralskich-zlote-kierpce\/","title":{"rendered":"Wyst\u0119p zespo\u0142u &#8222;Zawaternik&#8221; podczas XII Tatrza\u0144skiego Festiwalu Zespo\u0142\u00f3w G\u00f3ralskich &#8222;Z\u0142ote Kierpce&#8221;"},"content":{"rendered":"<p>Dnia 8 maja 2021r. w kinie Giewont w Zakopanem podczas XII Tatrza\u0144skiego Festiwalu Zespo\u0142\u00f3w G\u00f3ralskich \u201eZ\u0142ote Kierpce\u201d zesp\u00f3\u0142 Zawaternik zaprezentowa\u0142 program pt. &#8222;G\u0105secki&#8221;. Scenka rodzajowa przedstawia rodze\u0144stwo, kt\u00f3re po oprz\u0105tni\u0119ciu obory idzie wypasa\u0107 g\u0119si. Po czasie do\u0142\u0105czaj\u0105 do nich inne dzieci i rozpoczyna si\u0119 zabawa, ta\u0144ce i \u015bpiew.<\/p>\n<p>Zesp\u00f3\u0142 za sw\u00f3j wyst\u0119p zosta\u0142 uhonorowany statuetk\u0105 Z\u0141OTE KIERPCE oraz nagrod\u0105 w postaci pieni\u0119\u017cnej w wysoko\u015bci 1000 z\u0142.<\/p>\n<div id='gallery-1' class='gallery galleryid-941 gallery-columns-3 gallery-size-thumbnail'><figure class='gallery-item'>\n\t\t\t<div class='gallery-icon landscape'>\n\t\t\t\t<a href='http:\/\/archiwum.festiwale.zakopane.pl\/zlote-kierpce\/2021\/05\/12\/wystep-zespolu-zawaternik-podczas-xii-tatrzanskiego-festiwalu-zespolow-goralskich-zlote-kierpce\/male2-4\/'><img width=\"150\" height=\"150\" src=\"http:\/\/archiwum.festiwale.zakopane.pl\/zlote-kierpce\/wp-content\/uploads\/sites\/17\/2021\/05\/male2-3-150x150.jpg\" class=\"attachment-thumbnail size-thumbnail\" alt=\"\" loading=\"lazy\" \/><\/a>\n\t\t\t<\/div><\/figure><figure class='gallery-item'>\n\t\t\t<div class='gallery-icon landscape'>\n\t\t\t\t<a href='http:\/\/archiwum.festiwale.zakopane.pl\/zlote-kierpce\/2021\/05\/12\/wystep-zespolu-zawaternik-podczas-xii-tatrzanskiego-festiwalu-zespolow-goralskich-zlote-kierpce\/male3-3\/'><img width=\"150\" height=\"150\" src=\"http:\/\/archiwum.festiwale.zakopane.pl\/zlote-kierpce\/wp-content\/uploads\/sites\/17\/2021\/05\/male3-2-150x150.jpg\" class=\"attachment-thumbnail size-thumbnail\" alt=\"\" loading=\"lazy\" \/><\/a>\n\t\t\t<\/div><\/figure><figure class='gallery-item'>\n\t\t\t<div class='gallery-icon landscape'>\n\t\t\t\t<a href='http:\/\/archiwum.festiwale.zakopane.pl\/zlote-kierpce\/2021\/05\/12\/wystep-zespolu-zawaternik-podczas-xii-tatrzanskiego-festiwalu-zespolow-goralskich-zlote-kierpce\/male5-2\/'><img width=\"150\" height=\"150\" src=\"http:\/\/archiwum.festiwale.zakopane.pl\/zlote-kierpce\/wp-content\/uploads\/sites\/17\/2021\/05\/male5-1-150x150.jpg\" class=\"attachment-thumbnail size-thumbnail\" alt=\"\" loading=\"lazy\" \/><\/a>\n\t\t\t<\/div><\/figure><figure class='gallery-item'>\n\t\t\t<div class='gallery-icon landscape'>\n\t\t\t\t<a href='http:\/\/archiwum.festiwale.zakopane.pl\/zlote-kierpce\/2021\/05\/12\/wystep-zespolu-zawaternik-podczas-xii-tatrzanskiego-festiwalu-zespolow-goralskich-zlote-kierpce\/male8-3\/'><img width=\"150\" height=\"150\" src=\"http:\/\/archiwum.festiwale.zakopane.pl\/zlote-kierpce\/wp-content\/uploads\/sites\/17\/2021\/05\/male8-2-150x150.jpg\" class=\"attachment-thumbnail size-thumbnail\" alt=\"\" loading=\"lazy\" \/><\/a>\n\t\t\t<\/div><\/figure><figure class='gallery-item'>\n\t\t\t<div class='gallery-icon landscape'>\n\t\t\t\t<a href='http:\/\/archiwum.festiwale.zakopane.pl\/zlote-kierpce\/2021\/05\/12\/wystep-zespolu-zawaternik-podczas-xii-tatrzanskiego-festiwalu-zespolow-goralskich-zlote-kierpce\/male11\/'><img width=\"150\" height=\"150\" src=\"http:\/\/archiwum.festiwale.zakopane.pl\/zlote-kierpce\/wp-content\/uploads\/sites\/17\/2021\/05\/male11-150x150.jpg\" class=\"attachment-thumbnail size-thumbnail\" alt=\"\" loading=\"lazy\" \/><\/a>\n\t\t\t<\/div><\/figure>\n\t\t<\/div>\n\n","protected":false},"excerpt":{"rendered":"<p>Dnia 8 maja 2021r. w kinie Giewont w Zakopanem podczas XII Tatrza\u0144skiego Festiwalu Zespo\u0142\u00f3w G\u00f3ralskich [&hellip;]<\/p>\n","protected":false},"author":7,"featured_media":942,"comment_status":"closed","ping_status":"closed","sticky":false,"template":"","format":"standard","meta":[],"categories":[1],"tags":[],"acf":[],"_links":{"self":[{"href":"http:\/\/archiwum.festiwale.zakopane.pl\/zlote-kierpce\/wp-json\/wp\/v2\/posts\/941"}],"collection":[{"href":"http:\/\/archiwum.festiwale.zakopane.pl\/zlote-kierpce\/wp-json\/wp\/v2\/posts"}],"about":[{"href":"http:\/\/archiwum.festiwale.zakopane.pl\/zlote-kierpce\/wp-json\/wp\/v2\/types\/post"}],"author":[{"embeddable":true,"href":"http:\/\/archiwum.festiwale.zakopane.pl\/zlote-kierpce\/wp-json\/wp\/v2\/users\/7"}],"replies":[{"embeddable":true,"href":"http:\/\/archiwum.festiwale.zakopane.pl\/zlote-kierpce\/wp-json\/wp\/v2\/comments?post=941"}],"version-history":[{"count":1,"href":"http:\/\/archiwum.festiwale.zakopane.pl\/zlote-kierpce\/wp-json\/wp\/v2\/posts\/941\/revisions"}],"predecessor-version":[{"id":948,"href":"http:\/\/archiwum.festiwale.zakopane.pl\/zlote-kierpce\/wp-json\/wp\/v2\/posts\/941\/revisions\/948"}],"wp:featuredmedia":[{"embeddable":true,"href":"http:\/\/archiwum.festiwale.zakopane.pl\/zlote-kierpce\/wp-json\/wp\/v2\/media\/942"}],"wp:attachment":[{"href":"http:\/\/archiwum.festiwale.zakopane.pl\/zlote-kierpce\/wp-json\/wp\/v2\/media?parent=941"}],"wp:term":[{"taxonomy":"category","embeddable":true,"href":"http:\/\/archiwum.festiwale.zakopane.pl\/zlote-kierpce\/wp-json\/wp\/v2\/categories?post=941"},{"taxonomy":"post_tag","embeddable":true,"href":"http:\/\/archiwum.festiwale.zakopane.pl\/zlote-kierpce\/wp-json\/wp\/v2\/tags?post=941"}],"curies":[{"name":"wp","href":"https:\/\/api.w.org\/{rel}","templated":true}]}}