{"id":908,"date":"2021-05-12T08:00:06","date_gmt":"2021-05-12T06:00:06","guid":{"rendered":"https:\/\/festiwale.zakopane.pl\/zlote-kierpce\/?p=908"},"modified":"2021-05-12T08:04:14","modified_gmt":"2021-05-12T06:04:14","slug":"wystep-zespolu-luban-podczas-xii-tatrzanskiego-festiwalu-zespolow-goralskich-zlote-kierpce","status":"publish","type":"post","link":"http:\/\/archiwum.festiwale.zakopane.pl\/zlote-kierpce\/2021\/05\/12\/wystep-zespolu-luban-podczas-xii-tatrzanskiego-festiwalu-zespolow-goralskich-zlote-kierpce\/","title":{"rendered":"Wyst\u0119p zespo\u0142u &#8222;Luba\u0144&#8221; podczas XII Tatrza\u0144skiego Festiwalu Zespo\u0142\u00f3w G\u00f3ralskich &#8222;Z\u0142ote Kierpce&#8221;"},"content":{"rendered":"<p>Dnia 8 maja 2021r. w kinie Giewont w Zakopanem podczas XII Tatrza\u0144skiego Festiwalu Zespo\u0142\u00f3w G\u00f3ralskich \u201eZ\u0142ote Kierpce\u201d zesp\u00f3\u0142 Luba\u0144 z Kluszkowiec zaprezentowa\u0142 program pt. &#8222;Pobawiymy si\u0119 w sko\u0142e&#8221;. Scenka zobrazowa\u0142a, jak pod nieobecno\u015b\u0107 rodzic\u00f3w starsze dzieci zajmowa\u0142y si\u0119 m\u0142odszymi. By\u0142a zabawa w szko\u0142\u0119 na podw\u00f3rku obok domu, ale te\u017c ciuciubabka, muzyka, ta\u0144ce i \u015bpiew.<\/p>\n<p>Zesp\u00f3\u0142 Luba\u0144 za sw\u00f3j wyst\u0119p dosta\u0142 wyr\u00f3\u017cnienie i nagrod\u0119 w postaci bilet\u00f3w do Aqua Parku w Zakopanem ufundowan\u0105 przez Polskie Tatry S.A.<\/p>\n<div id='gallery-1' class='gallery galleryid-908 gallery-columns-3 gallery-size-thumbnail'><figure class='gallery-item'>\n\t\t\t<div class='gallery-icon landscape'>\n\t\t\t\t<a href='http:\/\/archiwum.festiwale.zakopane.pl\/zlote-kierpce\/2021\/05\/12\/wystep-zespolu-luban-podczas-xii-tatrzanskiego-festiwalu-zespolow-goralskich-zlote-kierpce\/male4\/'><img width=\"150\" height=\"150\" src=\"http:\/\/archiwum.festiwale.zakopane.pl\/zlote-kierpce\/wp-content\/uploads\/sites\/17\/2021\/05\/male4-150x150.jpg\" class=\"attachment-thumbnail size-thumbnail\" alt=\"\" loading=\"lazy\" \/><\/a>\n\t\t\t<\/div><\/figure><figure class='gallery-item'>\n\t\t\t<div class='gallery-icon landscape'>\n\t\t\t\t<a href='http:\/\/archiwum.festiwale.zakopane.pl\/zlote-kierpce\/2021\/05\/12\/wystep-zespolu-luban-podczas-xii-tatrzanskiego-festiwalu-zespolow-goralskich-zlote-kierpce\/male3\/'><img width=\"150\" height=\"150\" src=\"http:\/\/archiwum.festiwale.zakopane.pl\/zlote-kierpce\/wp-content\/uploads\/sites\/17\/2021\/05\/male3-150x150.jpg\" class=\"attachment-thumbnail size-thumbnail\" alt=\"\" loading=\"lazy\" \/><\/a>\n\t\t\t<\/div><\/figure><figure class='gallery-item'>\n\t\t\t<div class='gallery-icon landscape'>\n\t\t\t\t<a href='http:\/\/archiwum.festiwale.zakopane.pl\/zlote-kierpce\/2021\/05\/12\/wystep-zespolu-luban-podczas-xii-tatrzanskiego-festiwalu-zespolow-goralskich-zlote-kierpce\/male2\/'><img width=\"150\" height=\"150\" src=\"http:\/\/archiwum.festiwale.zakopane.pl\/zlote-kierpce\/wp-content\/uploads\/sites\/17\/2021\/05\/male2-150x150.jpg\" class=\"attachment-thumbnail size-thumbnail\" alt=\"\" loading=\"lazy\" \/><\/a>\n\t\t\t<\/div><\/figure><figure class='gallery-item'>\n\t\t\t<div class='gallery-icon landscape'>\n\t\t\t\t<a href='http:\/\/archiwum.festiwale.zakopane.pl\/zlote-kierpce\/2021\/05\/12\/wystep-zespolu-luban-podczas-xii-tatrzanskiego-festiwalu-zespolow-goralskich-zlote-kierpce\/zdj-2-2\/'><img width=\"150\" height=\"150\" src=\"http:\/\/archiwum.festiwale.zakopane.pl\/zlote-kierpce\/wp-content\/uploads\/sites\/17\/2021\/05\/zdj.2-1-150x150.jpg\" class=\"attachment-thumbnail size-thumbnail\" alt=\"\" loading=\"lazy\" \/><\/a>\n\t\t\t<\/div><\/figure><figure class='gallery-item'>\n\t\t\t<div class='gallery-icon landscape'>\n\t\t\t\t<a href='http:\/\/archiwum.festiwale.zakopane.pl\/zlote-kierpce\/2021\/05\/12\/wystep-zespolu-luban-podczas-xii-tatrzanskiego-festiwalu-zespolow-goralskich-zlote-kierpce\/p5080564_easy-resize-com\/'><img width=\"150\" height=\"150\" src=\"http:\/\/archiwum.festiwale.zakopane.pl\/zlote-kierpce\/wp-content\/uploads\/sites\/17\/2021\/05\/p5080564_Easy-Resize.com_-150x150.jpg\" class=\"attachment-thumbnail size-thumbnail\" alt=\"\" loading=\"lazy\" \/><\/a>\n\t\t\t<\/div><\/figure><figure class='gallery-item'>\n\t\t\t<div class='gallery-icon landscape'>\n\t\t\t\t<a href='http:\/\/archiwum.festiwale.zakopane.pl\/zlote-kierpce\/2021\/05\/12\/wystep-zespolu-luban-podczas-xii-tatrzanskiego-festiwalu-zespolow-goralskich-zlote-kierpce\/p5080548-min-3\/'><img width=\"150\" height=\"150\" src=\"http:\/\/archiwum.festiwale.zakopane.pl\/zlote-kierpce\/wp-content\/uploads\/sites\/17\/2021\/05\/p5080548-min-2-150x150.jpg\" class=\"attachment-thumbnail size-thumbnail\" alt=\"\" loading=\"lazy\" \/><\/a>\n\t\t\t<\/div><\/figure>\n\t\t<\/div>\n\n<p>&nbsp;<\/p>\n","protected":false},"excerpt":{"rendered":"<p>Dnia 8 maja 2021r. w kinie Giewont w Zakopanem podczas XII Tatrza\u0144skiego Festiwalu Zespo\u0142\u00f3w G\u00f3ralskich [&hellip;]<\/p>\n","protected":false},"author":7,"featured_media":910,"comment_status":"closed","ping_status":"closed","sticky":false,"template":"","format":"standard","meta":[],"categories":[1],"tags":[],"acf":[],"_links":{"self":[{"href":"http:\/\/archiwum.festiwale.zakopane.pl\/zlote-kierpce\/wp-json\/wp\/v2\/posts\/908"}],"collection":[{"href":"http:\/\/archiwum.festiwale.zakopane.pl\/zlote-kierpce\/wp-json\/wp\/v2\/posts"}],"about":[{"href":"http:\/\/archiwum.festiwale.zakopane.pl\/zlote-kierpce\/wp-json\/wp\/v2\/types\/post"}],"author":[{"embeddable":true,"href":"http:\/\/archiwum.festiwale.zakopane.pl\/zlote-kierpce\/wp-json\/wp\/v2\/users\/7"}],"replies":[{"embeddable":true,"href":"http:\/\/archiwum.festiwale.zakopane.pl\/zlote-kierpce\/wp-json\/wp\/v2\/comments?post=908"}],"version-history":[{"count":4,"href":"http:\/\/archiwum.festiwale.zakopane.pl\/zlote-kierpce\/wp-json\/wp\/v2\/posts\/908\/revisions"}],"predecessor-version":[{"id":921,"href":"http:\/\/archiwum.festiwale.zakopane.pl\/zlote-kierpce\/wp-json\/wp\/v2\/posts\/908\/revisions\/921"}],"wp:featuredmedia":[{"embeddable":true,"href":"http:\/\/archiwum.festiwale.zakopane.pl\/zlote-kierpce\/wp-json\/wp\/v2\/media\/910"}],"wp:attachment":[{"href":"http:\/\/archiwum.festiwale.zakopane.pl\/zlote-kierpce\/wp-json\/wp\/v2\/media?parent=908"}],"wp:term":[{"taxonomy":"category","embeddable":true,"href":"http:\/\/archiwum.festiwale.zakopane.pl\/zlote-kierpce\/wp-json\/wp\/v2\/categories?post=908"},{"taxonomy":"post_tag","embeddable":true,"href":"http:\/\/archiwum.festiwale.zakopane.pl\/zlote-kierpce\/wp-json\/wp\/v2\/tags?post=908"}],"curies":[{"name":"wp","href":"https:\/\/api.w.org\/{rel}","templated":true}]}}