{"id":905,"date":"2021-05-11T13:53:08","date_gmt":"2021-05-11T11:53:08","guid":{"rendered":"https:\/\/festiwale.zakopane.pl\/zlote-kierpce\/?p=905"},"modified":"2021-05-12T08:25:15","modified_gmt":"2021-05-12T06:25:15","slug":"wystep-zespolu-mali-swarni-z-bustryku-podczas-xii-tatrzanskiego-festiwalu-zespolow-goralskich-zlote-kierpce","status":"publish","type":"post","link":"http:\/\/archiwum.festiwale.zakopane.pl\/zlote-kierpce\/2021\/05\/11\/wystep-zespolu-mali-swarni-z-bustryku-podczas-xii-tatrzanskiego-festiwalu-zespolow-goralskich-zlote-kierpce\/","title":{"rendered":"Wyst\u0119p zespo\u0142u &#8222;Maniowianie&#8221; podczas XII Tatrza\u0144skiego Festiwalu Zespo\u0142\u00f3w G\u00f3ralskich &#8222;Z\u0142ote Kierpce&#8221;"},"content":{"rendered":"<p>Dnia 8 maja 2021r. w kinie Giewont w Zakopanem podczas XII Tatrza\u0144skiego Festiwalu Zespo\u0142\u00f3w G\u00f3ralskich \u201eZ\u0142ote Kierpce\u201d zesp\u00f3\u0142 Maniowianie zaprezentowa\u0142 program pt. \u201eZielone \u015bwi\u0105tki- sk\u0142adacka&#8221;. Dzi\u0119ki scence dowiedzieli\u015bmy si\u0119 jak kiedy\u015b mieszka\u0144cy wsi sp\u0119dzali dzie\u0144 zielonych \u015bwi\u0105tek. Zobaczyli\u015bmy \u015bpiew, taniec i sk\u0142adacke, czyli biesiadowanie przy ognisku.<\/p>\n<p>Zesp\u00f3\u0142 za sw\u00f3j wyst\u0119p zosta\u0142 uhonorowany statuetk\u0105 BR\u0104ZOWE KIERPCE oraz nagrod\u0105 w postaci pieni\u0119\u017cnej w wysoko\u015bci 500 z\u0142.<\/p>\n<div id='gallery-1' class='gallery galleryid-905 gallery-columns-3 gallery-size-thumbnail'><figure class='gallery-item'>\n\t\t\t<div class='gallery-icon landscape'>\n\t\t\t\t<a href='http:\/\/archiwum.festiwale.zakopane.pl\/zlote-kierpce\/2021\/05\/11\/wystep-zespolu-mali-swarni-z-bustryku-podczas-xii-tatrzanskiego-festiwalu-zespolow-goralskich-zlote-kierpce\/male9\/'><img width=\"150\" height=\"150\" src=\"http:\/\/archiwum.festiwale.zakopane.pl\/zlote-kierpce\/wp-content\/uploads\/sites\/17\/2021\/05\/male9-150x150.jpg\" class=\"attachment-thumbnail size-thumbnail\" alt=\"\" loading=\"lazy\" \/><\/a>\n\t\t\t<\/div><\/figure><figure class='gallery-item'>\n\t\t\t<div class='gallery-icon landscape'>\n\t\t\t\t<a href='http:\/\/archiwum.festiwale.zakopane.pl\/zlote-kierpce\/2021\/05\/11\/wystep-zespolu-mali-swarni-z-bustryku-podczas-xii-tatrzanskiego-festiwalu-zespolow-goralskich-zlote-kierpce\/male8\/'><img width=\"150\" height=\"150\" src=\"http:\/\/archiwum.festiwale.zakopane.pl\/zlote-kierpce\/wp-content\/uploads\/sites\/17\/2021\/05\/male8-150x150.jpg\" class=\"attachment-thumbnail size-thumbnail\" alt=\"\" loading=\"lazy\" \/><\/a>\n\t\t\t<\/div><\/figure><figure class='gallery-item'>\n\t\t\t<div class='gallery-icon landscape'>\n\t\t\t\t<a href='http:\/\/archiwum.festiwale.zakopane.pl\/zlote-kierpce\/2021\/05\/11\/wystep-zespolu-mali-swarni-z-bustryku-podczas-xii-tatrzanskiego-festiwalu-zespolow-goralskich-zlote-kierpce\/male6\/'><img width=\"150\" height=\"150\" src=\"http:\/\/archiwum.festiwale.zakopane.pl\/zlote-kierpce\/wp-content\/uploads\/sites\/17\/2021\/05\/male6-150x150.jpg\" class=\"attachment-thumbnail size-thumbnail\" alt=\"\" loading=\"lazy\" \/><\/a>\n\t\t\t<\/div><\/figure><figure class='gallery-item'>\n\t\t\t<div class='gallery-icon landscape'>\n\t\t\t\t<a href='http:\/\/archiwum.festiwale.zakopane.pl\/zlote-kierpce\/2021\/05\/11\/wystep-zespolu-mali-swarni-z-bustryku-podczas-xii-tatrzanskiego-festiwalu-zespolow-goralskich-zlote-kierpce\/male5\/'><img width=\"150\" height=\"150\" src=\"http:\/\/archiwum.festiwale.zakopane.pl\/zlote-kierpce\/wp-content\/uploads\/sites\/17\/2021\/05\/male5-150x150.jpg\" class=\"attachment-thumbnail size-thumbnail\" alt=\"\" loading=\"lazy\" \/><\/a>\n\t\t\t<\/div><\/figure><figure class='gallery-item'>\n\t\t\t<div class='gallery-icon landscape'>\n\t\t\t\t<a href='http:\/\/archiwum.festiwale.zakopane.pl\/zlote-kierpce\/2021\/05\/11\/wystep-zespolu-mali-swarni-z-bustryku-podczas-xii-tatrzanskiego-festiwalu-zespolow-goralskich-zlote-kierpce\/male2-2\/'><img width=\"150\" height=\"150\" src=\"http:\/\/archiwum.festiwale.zakopane.pl\/zlote-kierpce\/wp-content\/uploads\/sites\/17\/2021\/05\/male2-1-150x150.jpg\" class=\"attachment-thumbnail size-thumbnail\" alt=\"\" loading=\"lazy\" \/><\/a>\n\t\t\t<\/div><\/figure><figure class='gallery-item'>\n\t\t\t<div class='gallery-icon landscape'>\n\t\t\t\t<a href='http:\/\/archiwum.festiwale.zakopane.pl\/zlote-kierpce\/2021\/05\/12\/wystep-zespolu-luban-podczas-xii-tatrzanskiego-festiwalu-zespolow-goralskich-zlote-kierpce\/male4\/'><img width=\"150\" height=\"150\" src=\"http:\/\/archiwum.festiwale.zakopane.pl\/zlote-kierpce\/wp-content\/uploads\/sites\/17\/2021\/05\/male4-150x150.jpg\" class=\"attachment-thumbnail size-thumbnail\" alt=\"\" loading=\"lazy\" \/><\/a>\n\t\t\t<\/div><\/figure>\n\t\t<\/div>\n\n","protected":false},"excerpt":{"rendered":"<p>Dnia 8 maja 2021r. w kinie Giewont w Zakopanem podczas XII Tatrza\u0144skiego Festiwalu Zespo\u0142\u00f3w G\u00f3ralskich [&hellip;]<\/p>\n","protected":false},"author":7,"featured_media":923,"comment_status":"closed","ping_status":"closed","sticky":false,"template":"","format":"standard","meta":[],"categories":[1],"tags":[],"acf":[],"_links":{"self":[{"href":"http:\/\/archiwum.festiwale.zakopane.pl\/zlote-kierpce\/wp-json\/wp\/v2\/posts\/905"}],"collection":[{"href":"http:\/\/archiwum.festiwale.zakopane.pl\/zlote-kierpce\/wp-json\/wp\/v2\/posts"}],"about":[{"href":"http:\/\/archiwum.festiwale.zakopane.pl\/zlote-kierpce\/wp-json\/wp\/v2\/types\/post"}],"author":[{"embeddable":true,"href":"http:\/\/archiwum.festiwale.zakopane.pl\/zlote-kierpce\/wp-json\/wp\/v2\/users\/7"}],"replies":[{"embeddable":true,"href":"http:\/\/archiwum.festiwale.zakopane.pl\/zlote-kierpce\/wp-json\/wp\/v2\/comments?post=905"}],"version-history":[{"count":3,"href":"http:\/\/archiwum.festiwale.zakopane.pl\/zlote-kierpce\/wp-json\/wp\/v2\/posts\/905\/revisions"}],"predecessor-version":[{"id":930,"href":"http:\/\/archiwum.festiwale.zakopane.pl\/zlote-kierpce\/wp-json\/wp\/v2\/posts\/905\/revisions\/930"}],"wp:featuredmedia":[{"embeddable":true,"href":"http:\/\/archiwum.festiwale.zakopane.pl\/zlote-kierpce\/wp-json\/wp\/v2\/media\/923"}],"wp:attachment":[{"href":"http:\/\/archiwum.festiwale.zakopane.pl\/zlote-kierpce\/wp-json\/wp\/v2\/media?parent=905"}],"wp:term":[{"taxonomy":"category","embeddable":true,"href":"http:\/\/archiwum.festiwale.zakopane.pl\/zlote-kierpce\/wp-json\/wp\/v2\/categories?post=905"},{"taxonomy":"post_tag","embeddable":true,"href":"http:\/\/archiwum.festiwale.zakopane.pl\/zlote-kierpce\/wp-json\/wp\/v2\/tags?post=905"}],"curies":[{"name":"wp","href":"https:\/\/api.w.org\/{rel}","templated":true}]}}