{"id":884,"date":"2021-05-10T11:14:48","date_gmt":"2021-05-10T09:14:48","guid":{"rendered":"https:\/\/festiwale.zakopane.pl\/zlote-kierpce\/?p=884"},"modified":"2021-05-10T11:14:48","modified_gmt":"2021-05-10T09:14:48","slug":"wystep-zespolu-zawrat-podczas-xii-tatrzanskiego-festiwalu-zespolow-goralskich-zlote-kierpce","status":"publish","type":"post","link":"http:\/\/archiwum.festiwale.zakopane.pl\/zlote-kierpce\/2021\/05\/10\/wystep-zespolu-zawrat-podczas-xii-tatrzanskiego-festiwalu-zespolow-goralskich-zlote-kierpce\/","title":{"rendered":"Wyst\u0119p zespo\u0142u &#8222;Zawrat&#8221; podczas XII Tatrza\u0144skiego Festiwalu Zespo\u0142\u00f3w G\u00f3ralskich &#8222;Z\u0142ote Kierpce&#8221;"},"content":{"rendered":"<p>Dnia 8 maja 2021r. w kinie Giewont w Zakopanem podczas XII Tatrza\u0144skiego Festiwalu Zespo\u0142\u00f3w G\u00f3ralskich \u201eZ\u0142ote Kierpce\u201d, zesp\u00f3\u0142 Zawrat z Bustryku zaprezentowa\u0142 program pt. &#8222;u Krzesnego na \u0141oborze&#8221;. Na scenie pokazano dawne zabawy dzieci\u0119ce w &#8222;cupkanego&#8221; i &#8222;ciuciubabke&#8221;, wsp\u00f3lne muzykowanie, \u015bpiew i przy\u015bpiewki pasterskie. Nie zabrak\u0142o te\u017c ta\u0144ca solowego i zb\u00f3jnickiego.<\/p>\n<p>Zesp\u00f3\u0142 Zawrat za sw\u00f3j wyst\u0119p dosta\u0142 wyr\u00f3\u017cnienie i nagrod\u0119 Starosty Tatrza\u0144skiego w postaci bonu do sklepu regionalnego.<\/p>\n<div id='gallery-1' class='gallery galleryid-884 gallery-columns-3 gallery-size-thumbnail'><figure class='gallery-item'>\n\t\t\t<div class='gallery-icon landscape'>\n\t\t\t\t<a href='http:\/\/archiwum.festiwale.zakopane.pl\/zlote-kierpce\/2021\/05\/10\/wystep-zespolu-zawrat-podczas-xii-tatrzanskiego-festiwalu-zespolow-goralskich-zlote-kierpce\/dsc-4683\/'><img width=\"150\" height=\"150\" src=\"http:\/\/archiwum.festiwale.zakopane.pl\/zlote-kierpce\/wp-content\/uploads\/sites\/17\/2021\/05\/dsc-4683-150x150.jpg\" class=\"attachment-thumbnail size-thumbnail\" alt=\"\" loading=\"lazy\" \/><\/a>\n\t\t\t<\/div><\/figure><figure class='gallery-item'>\n\t\t\t<div class='gallery-icon landscape'>\n\t\t\t\t<a href='http:\/\/archiwum.festiwale.zakopane.pl\/zlote-kierpce\/2021\/05\/10\/wystep-zespolu-zawrat-podczas-xii-tatrzanskiego-festiwalu-zespolow-goralskich-zlote-kierpce\/dsc-4688\/'><img width=\"150\" height=\"150\" src=\"http:\/\/archiwum.festiwale.zakopane.pl\/zlote-kierpce\/wp-content\/uploads\/sites\/17\/2021\/05\/dsc-4688-150x150.jpg\" class=\"attachment-thumbnail size-thumbnail\" alt=\"\" loading=\"lazy\" \/><\/a>\n\t\t\t<\/div><\/figure><figure class='gallery-item'>\n\t\t\t<div class='gallery-icon landscape'>\n\t\t\t\t<a href='http:\/\/archiwum.festiwale.zakopane.pl\/zlote-kierpce\/2021\/05\/10\/wystep-zespolu-zawrat-podczas-xii-tatrzanskiego-festiwalu-zespolow-goralskich-zlote-kierpce\/dsc-4698\/'><img width=\"150\" height=\"150\" src=\"http:\/\/archiwum.festiwale.zakopane.pl\/zlote-kierpce\/wp-content\/uploads\/sites\/17\/2021\/05\/dsc-4698-150x150.jpg\" class=\"attachment-thumbnail size-thumbnail\" alt=\"\" loading=\"lazy\" \/><\/a>\n\t\t\t<\/div><\/figure><figure class='gallery-item'>\n\t\t\t<div class='gallery-icon landscape'>\n\t\t\t\t<a href='http:\/\/archiwum.festiwale.zakopane.pl\/zlote-kierpce\/2021\/05\/10\/wystep-zespolu-zawrat-podczas-xii-tatrzanskiego-festiwalu-zespolow-goralskich-zlote-kierpce\/dsc-4703\/'><img width=\"150\" height=\"150\" src=\"http:\/\/archiwum.festiwale.zakopane.pl\/zlote-kierpce\/wp-content\/uploads\/sites\/17\/2021\/05\/dsc-4703-150x150.jpg\" class=\"attachment-thumbnail size-thumbnail\" alt=\"\" loading=\"lazy\" \/><\/a>\n\t\t\t<\/div><\/figure><figure class='gallery-item'>\n\t\t\t<div class='gallery-icon landscape'>\n\t\t\t\t<a href='http:\/\/archiwum.festiwale.zakopane.pl\/zlote-kierpce\/2021\/05\/10\/wystep-zespolu-zawrat-podczas-xii-tatrzanskiego-festiwalu-zespolow-goralskich-zlote-kierpce\/dsc-4710\/'><img width=\"150\" height=\"150\" src=\"http:\/\/archiwum.festiwale.zakopane.pl\/zlote-kierpce\/wp-content\/uploads\/sites\/17\/2021\/05\/dsc-4710-150x150.jpg\" class=\"attachment-thumbnail size-thumbnail\" alt=\"\" loading=\"lazy\" \/><\/a>\n\t\t\t<\/div><\/figure><figure class='gallery-item'>\n\t\t\t<div class='gallery-icon landscape'>\n\t\t\t\t<a href='http:\/\/archiwum.festiwale.zakopane.pl\/zlote-kierpce\/2021\/05\/10\/wystep-zespolu-zawrat-podczas-xii-tatrzanskiego-festiwalu-zespolow-goralskich-zlote-kierpce\/dsc-4718\/'><img width=\"150\" height=\"150\" src=\"http:\/\/archiwum.festiwale.zakopane.pl\/zlote-kierpce\/wp-content\/uploads\/sites\/17\/2021\/05\/dsc-4718-150x150.jpg\" class=\"attachment-thumbnail size-thumbnail\" alt=\"\" loading=\"lazy\" \/><\/a>\n\t\t\t<\/div><\/figure><figure class='gallery-item'>\n\t\t\t<div class='gallery-icon landscape'>\n\t\t\t\t<a href='http:\/\/archiwum.festiwale.zakopane.pl\/zlote-kierpce\/2021\/05\/10\/wystep-zespolu-zawrat-podczas-xii-tatrzanskiego-festiwalu-zespolow-goralskich-zlote-kierpce\/dsc-4724\/'><img width=\"150\" height=\"150\" src=\"http:\/\/archiwum.festiwale.zakopane.pl\/zlote-kierpce\/wp-content\/uploads\/sites\/17\/2021\/05\/dsc-4724-150x150.jpg\" class=\"attachment-thumbnail size-thumbnail\" alt=\"\" loading=\"lazy\" \/><\/a>\n\t\t\t<\/div><\/figure><figure class='gallery-item'>\n\t\t\t<div class='gallery-icon landscape'>\n\t\t\t\t<a href='http:\/\/archiwum.festiwale.zakopane.pl\/zlote-kierpce\/2021\/05\/10\/wystep-zespolu-zawrat-podczas-xii-tatrzanskiego-festiwalu-zespolow-goralskich-zlote-kierpce\/dsc-4726\/'><img width=\"150\" height=\"150\" src=\"http:\/\/archiwum.festiwale.zakopane.pl\/zlote-kierpce\/wp-content\/uploads\/sites\/17\/2021\/05\/dsc-4726-150x150.jpg\" class=\"attachment-thumbnail size-thumbnail\" alt=\"\" loading=\"lazy\" \/><\/a>\n\t\t\t<\/div><\/figure><figure class='gallery-item'>\n\t\t\t<div class='gallery-icon landscape'>\n\t\t\t\t<a href='http:\/\/archiwum.festiwale.zakopane.pl\/zlote-kierpce\/2021\/05\/10\/wystep-zespolu-zawrat-podczas-xii-tatrzanskiego-festiwalu-zespolow-goralskich-zlote-kierpce\/dsc-4730\/'><img width=\"150\" height=\"150\" src=\"http:\/\/archiwum.festiwale.zakopane.pl\/zlote-kierpce\/wp-content\/uploads\/sites\/17\/2021\/05\/dsc-4730-150x150.jpg\" class=\"attachment-thumbnail size-thumbnail\" alt=\"\" loading=\"lazy\" \/><\/a>\n\t\t\t<\/div><\/figure><figure class='gallery-item'>\n\t\t\t<div class='gallery-icon landscape'>\n\t\t\t\t<a href='http:\/\/archiwum.festiwale.zakopane.pl\/zlote-kierpce\/2021\/05\/10\/wystep-zespolu-zawrat-podczas-xii-tatrzanskiego-festiwalu-zespolow-goralskich-zlote-kierpce\/dsc-4745\/'><img width=\"150\" height=\"150\" src=\"http:\/\/archiwum.festiwale.zakopane.pl\/zlote-kierpce\/wp-content\/uploads\/sites\/17\/2021\/05\/dsc-4745-150x150.jpg\" class=\"attachment-thumbnail size-thumbnail\" alt=\"\" loading=\"lazy\" \/><\/a>\n\t\t\t<\/div><\/figure><figure class='gallery-item'>\n\t\t\t<div class='gallery-icon landscape'>\n\t\t\t\t<a href='http:\/\/archiwum.festiwale.zakopane.pl\/zlote-kierpce\/2021\/05\/10\/wystep-zespolu-zawrat-podczas-xii-tatrzanskiego-festiwalu-zespolow-goralskich-zlote-kierpce\/dsc-4769\/'><img width=\"150\" height=\"150\" src=\"http:\/\/archiwum.festiwale.zakopane.pl\/zlote-kierpce\/wp-content\/uploads\/sites\/17\/2021\/05\/dsc-4769-150x150.jpg\" class=\"attachment-thumbnail size-thumbnail\" alt=\"\" loading=\"lazy\" \/><\/a>\n\t\t\t<\/div><\/figure><figure class='gallery-item'>\n\t\t\t<div class='gallery-icon landscape'>\n\t\t\t\t<a href='http:\/\/archiwum.festiwale.zakopane.pl\/zlote-kierpce\/2021\/05\/10\/wystep-zespolu-zawrat-podczas-xii-tatrzanskiego-festiwalu-zespolow-goralskich-zlote-kierpce\/dsc-4774\/'><img width=\"150\" height=\"150\" src=\"http:\/\/archiwum.festiwale.zakopane.pl\/zlote-kierpce\/wp-content\/uploads\/sites\/17\/2021\/05\/dsc-4774-150x150.jpg\" class=\"attachment-thumbnail size-thumbnail\" alt=\"\" loading=\"lazy\" \/><\/a>\n\t\t\t<\/div><\/figure><figure class='gallery-item'>\n\t\t\t<div class='gallery-icon landscape'>\n\t\t\t\t<a href='http:\/\/archiwum.festiwale.zakopane.pl\/zlote-kierpce\/2021\/05\/10\/wystep-zespolu-zawrat-podczas-xii-tatrzanskiego-festiwalu-zespolow-goralskich-zlote-kierpce\/dsc-4778\/'><img width=\"150\" height=\"150\" src=\"http:\/\/archiwum.festiwale.zakopane.pl\/zlote-kierpce\/wp-content\/uploads\/sites\/17\/2021\/05\/dsc-4778-150x150.jpg\" class=\"attachment-thumbnail size-thumbnail\" alt=\"\" loading=\"lazy\" \/><\/a>\n\t\t\t<\/div><\/figure>\n\t\t<\/div>\n\n","protected":false},"excerpt":{"rendered":"<p>Dnia 8 maja 2021r. w kinie Giewont w Zakopanem podczas XII Tatrza\u0144skiego Festiwalu Zespo\u0142\u00f3w G\u00f3ralskich [&hellip;]<\/p>\n","protected":false},"author":7,"featured_media":885,"comment_status":"closed","ping_status":"closed","sticky":false,"template":"","format":"standard","meta":[],"categories":[1],"tags":[],"acf":[],"_links":{"self":[{"href":"http:\/\/archiwum.festiwale.zakopane.pl\/zlote-kierpce\/wp-json\/wp\/v2\/posts\/884"}],"collection":[{"href":"http:\/\/archiwum.festiwale.zakopane.pl\/zlote-kierpce\/wp-json\/wp\/v2\/posts"}],"about":[{"href":"http:\/\/archiwum.festiwale.zakopane.pl\/zlote-kierpce\/wp-json\/wp\/v2\/types\/post"}],"author":[{"embeddable":true,"href":"http:\/\/archiwum.festiwale.zakopane.pl\/zlote-kierpce\/wp-json\/wp\/v2\/users\/7"}],"replies":[{"embeddable":true,"href":"http:\/\/archiwum.festiwale.zakopane.pl\/zlote-kierpce\/wp-json\/wp\/v2\/comments?post=884"}],"version-history":[{"count":1,"href":"http:\/\/archiwum.festiwale.zakopane.pl\/zlote-kierpce\/wp-json\/wp\/v2\/posts\/884\/revisions"}],"predecessor-version":[{"id":900,"href":"http:\/\/archiwum.festiwale.zakopane.pl\/zlote-kierpce\/wp-json\/wp\/v2\/posts\/884\/revisions\/900"}],"wp:featuredmedia":[{"embeddable":true,"href":"http:\/\/archiwum.festiwale.zakopane.pl\/zlote-kierpce\/wp-json\/wp\/v2\/media\/885"}],"wp:attachment":[{"href":"http:\/\/archiwum.festiwale.zakopane.pl\/zlote-kierpce\/wp-json\/wp\/v2\/media?parent=884"}],"wp:term":[{"taxonomy":"category","embeddable":true,"href":"http:\/\/archiwum.festiwale.zakopane.pl\/zlote-kierpce\/wp-json\/wp\/v2\/categories?post=884"},{"taxonomy":"post_tag","embeddable":true,"href":"http:\/\/archiwum.festiwale.zakopane.pl\/zlote-kierpce\/wp-json\/wp\/v2\/tags?post=884"}],"curies":[{"name":"wp","href":"https:\/\/api.w.org\/{rel}","templated":true}]}}