{"id":868,"date":"2021-05-10T10:58:41","date_gmt":"2021-05-10T08:58:41","guid":{"rendered":"https:\/\/festiwale.zakopane.pl\/zlote-kierpce\/?p=868"},"modified":"2021-05-10T10:58:41","modified_gmt":"2021-05-10T08:58:41","slug":"wystep-zespolu-mali-swarni-podczas-xii-tatrzanskiego-festiwalu-zespolow-goralskich-zlote-kierpce","status":"publish","type":"post","link":"http:\/\/archiwum.festiwale.zakopane.pl\/zlote-kierpce\/2021\/05\/10\/wystep-zespolu-mali-swarni-podczas-xii-tatrzanskiego-festiwalu-zespolow-goralskich-zlote-kierpce\/","title":{"rendered":"Wyst\u0119p zespo\u0142u &#8222;Mali \u015awarni&#8221; Podczas XII Tatrza\u0144skiego Festiwalu Zespo\u0142\u00f3w G\u00f3ralskich &#8222;Z\u0142ote Kierpce&#8221;"},"content":{"rendered":"<p>Dnia 8 maja 2021r. w kinie Giewont w Zakopanem podczas XII Tatrza\u0144skiego Festiwalu Zespo\u0142\u00f3w G\u00f3ralskich &#8222;Z\u0142ote Kierpce&#8221;, m\u0142odzie\u017cowy zesp\u00f3\u0142 &#8222;Mali \u015awarni&#8221; z Nowego Targu zaprezentowa\u0142 program pt. &#8222;Prucki&#8221; przedstawiaj\u0105cy dawny zwyczaj prucia pierzy. W trakcie prucia pierzy do rodziny przychodz\u0105 kumoski, aby pom\u00f3c. Przy okazji pracy pokazane s\u0105 dawne \u015bpiewy, ta\u0144ce i rozmowy.<\/p>\n<p>Komisja artystyczna uhonorowa\u0142a wyst\u0119p drug\u0105 nagrod\u0105 i statuetk\u0105 SREBRNE KIERPCE.<\/p>\n<div id='gallery-1' class='gallery galleryid-868 gallery-columns-3 gallery-size-thumbnail'><figure class='gallery-item'>\n\t\t\t<div class='gallery-icon landscape'>\n\t\t\t\t<a href='http:\/\/archiwum.festiwale.zakopane.pl\/zlote-kierpce\/2021\/05\/10\/wystep-zespolu-mali-swarni-podczas-xii-tatrzanskiego-festiwalu-zespolow-goralskich-zlote-kierpce\/dsc-4599\/'><img width=\"150\" height=\"150\" src=\"http:\/\/archiwum.festiwale.zakopane.pl\/zlote-kierpce\/wp-content\/uploads\/sites\/17\/2021\/05\/dsc-4599-150x150.jpg\" class=\"attachment-thumbnail size-thumbnail\" alt=\"\" loading=\"lazy\" \/><\/a>\n\t\t\t<\/div><\/figure><figure class='gallery-item'>\n\t\t\t<div class='gallery-icon landscape'>\n\t\t\t\t<a href='http:\/\/archiwum.festiwale.zakopane.pl\/zlote-kierpce\/2021\/05\/10\/wystep-zespolu-mali-swarni-podczas-xii-tatrzanskiego-festiwalu-zespolow-goralskich-zlote-kierpce\/dsc-4600\/'><img width=\"150\" height=\"150\" src=\"http:\/\/archiwum.festiwale.zakopane.pl\/zlote-kierpce\/wp-content\/uploads\/sites\/17\/2021\/05\/dsc-4600-150x150.jpg\" class=\"attachment-thumbnail size-thumbnail\" alt=\"\" loading=\"lazy\" \/><\/a>\n\t\t\t<\/div><\/figure><figure class='gallery-item'>\n\t\t\t<div class='gallery-icon landscape'>\n\t\t\t\t<a href='http:\/\/archiwum.festiwale.zakopane.pl\/zlote-kierpce\/2021\/05\/10\/wystep-zespolu-mali-swarni-podczas-xii-tatrzanskiego-festiwalu-zespolow-goralskich-zlote-kierpce\/dsc-4609\/'><img width=\"150\" height=\"150\" src=\"http:\/\/archiwum.festiwale.zakopane.pl\/zlote-kierpce\/wp-content\/uploads\/sites\/17\/2021\/05\/dsc-4609-150x150.jpg\" class=\"attachment-thumbnail size-thumbnail\" alt=\"\" loading=\"lazy\" \/><\/a>\n\t\t\t<\/div><\/figure><figure class='gallery-item'>\n\t\t\t<div class='gallery-icon landscape'>\n\t\t\t\t<a href='http:\/\/archiwum.festiwale.zakopane.pl\/zlote-kierpce\/2021\/05\/10\/wystep-zespolu-mali-swarni-podczas-xii-tatrzanskiego-festiwalu-zespolow-goralskich-zlote-kierpce\/dsc-4611\/'><img width=\"150\" height=\"150\" src=\"http:\/\/archiwum.festiwale.zakopane.pl\/zlote-kierpce\/wp-content\/uploads\/sites\/17\/2021\/05\/dsc-4611-150x150.jpg\" class=\"attachment-thumbnail size-thumbnail\" alt=\"\" loading=\"lazy\" \/><\/a>\n\t\t\t<\/div><\/figure><figure class='gallery-item'>\n\t\t\t<div class='gallery-icon landscape'>\n\t\t\t\t<a href='http:\/\/archiwum.festiwale.zakopane.pl\/zlote-kierpce\/2021\/05\/10\/wystep-zespolu-mali-swarni-podczas-xii-tatrzanskiego-festiwalu-zespolow-goralskich-zlote-kierpce\/dsc-4618\/'><img width=\"150\" height=\"150\" src=\"http:\/\/archiwum.festiwale.zakopane.pl\/zlote-kierpce\/wp-content\/uploads\/sites\/17\/2021\/05\/dsc-4618-150x150.jpg\" class=\"attachment-thumbnail size-thumbnail\" alt=\"\" loading=\"lazy\" \/><\/a>\n\t\t\t<\/div><\/figure><figure class='gallery-item'>\n\t\t\t<div class='gallery-icon landscape'>\n\t\t\t\t<a href='http:\/\/archiwum.festiwale.zakopane.pl\/zlote-kierpce\/2021\/05\/10\/wystep-zespolu-mali-swarni-podczas-xii-tatrzanskiego-festiwalu-zespolow-goralskich-zlote-kierpce\/dsc-4627\/'><img width=\"150\" height=\"150\" src=\"http:\/\/archiwum.festiwale.zakopane.pl\/zlote-kierpce\/wp-content\/uploads\/sites\/17\/2021\/05\/dsc-4627-150x150.jpg\" class=\"attachment-thumbnail size-thumbnail\" alt=\"\" loading=\"lazy\" \/><\/a>\n\t\t\t<\/div><\/figure><figure class='gallery-item'>\n\t\t\t<div class='gallery-icon landscape'>\n\t\t\t\t<a href='http:\/\/archiwum.festiwale.zakopane.pl\/zlote-kierpce\/2021\/05\/10\/wystep-zespolu-mali-swarni-podczas-xii-tatrzanskiego-festiwalu-zespolow-goralskich-zlote-kierpce\/dsc-4630\/'><img width=\"150\" height=\"150\" src=\"http:\/\/archiwum.festiwale.zakopane.pl\/zlote-kierpce\/wp-content\/uploads\/sites\/17\/2021\/05\/dsc-4630-150x150.jpg\" class=\"attachment-thumbnail size-thumbnail\" alt=\"\" loading=\"lazy\" \/><\/a>\n\t\t\t<\/div><\/figure><figure class='gallery-item'>\n\t\t\t<div class='gallery-icon landscape'>\n\t\t\t\t<a href='http:\/\/archiwum.festiwale.zakopane.pl\/zlote-kierpce\/2021\/05\/10\/wystep-zespolu-mali-swarni-podczas-xii-tatrzanskiego-festiwalu-zespolow-goralskich-zlote-kierpce\/dsc-4637\/'><img width=\"150\" height=\"150\" src=\"http:\/\/archiwum.festiwale.zakopane.pl\/zlote-kierpce\/wp-content\/uploads\/sites\/17\/2021\/05\/dsc-4637-150x150.jpg\" class=\"attachment-thumbnail size-thumbnail\" alt=\"\" loading=\"lazy\" \/><\/a>\n\t\t\t<\/div><\/figure><figure class='gallery-item'>\n\t\t\t<div class='gallery-icon landscape'>\n\t\t\t\t<a href='http:\/\/archiwum.festiwale.zakopane.pl\/zlote-kierpce\/2021\/05\/10\/wystep-zespolu-mali-swarni-podczas-xii-tatrzanskiego-festiwalu-zespolow-goralskich-zlote-kierpce\/dsc-4650\/'><img width=\"150\" height=\"150\" src=\"http:\/\/archiwum.festiwale.zakopane.pl\/zlote-kierpce\/wp-content\/uploads\/sites\/17\/2021\/05\/dsc-4650-150x150.jpg\" class=\"attachment-thumbnail size-thumbnail\" alt=\"\" loading=\"lazy\" \/><\/a>\n\t\t\t<\/div><\/figure><figure class='gallery-item'>\n\t\t\t<div class='gallery-icon landscape'>\n\t\t\t\t<a href='http:\/\/archiwum.festiwale.zakopane.pl\/zlote-kierpce\/2021\/05\/10\/wystep-zespolu-mali-swarni-podczas-xii-tatrzanskiego-festiwalu-zespolow-goralskich-zlote-kierpce\/dsc-4670\/'><img width=\"150\" height=\"150\" src=\"http:\/\/archiwum.festiwale.zakopane.pl\/zlote-kierpce\/wp-content\/uploads\/sites\/17\/2021\/05\/dsc-4670-150x150.jpg\" class=\"attachment-thumbnail size-thumbnail\" alt=\"\" loading=\"lazy\" \/><\/a>\n\t\t\t<\/div><\/figure><figure class='gallery-item'>\n\t\t\t<div class='gallery-icon landscape'>\n\t\t\t\t<a href='http:\/\/archiwum.festiwale.zakopane.pl\/zlote-kierpce\/2021\/05\/10\/wystep-zespolu-mali-swarni-podczas-xii-tatrzanskiego-festiwalu-zespolow-goralskich-zlote-kierpce\/dsc-4671\/'><img width=\"150\" height=\"150\" src=\"http:\/\/archiwum.festiwale.zakopane.pl\/zlote-kierpce\/wp-content\/uploads\/sites\/17\/2021\/05\/dsc-4671-150x150.jpg\" class=\"attachment-thumbnail size-thumbnail\" alt=\"\" loading=\"lazy\" \/><\/a>\n\t\t\t<\/div><\/figure><figure class='gallery-item'>\n\t\t\t<div class='gallery-icon landscape'>\n\t\t\t\t<a href='http:\/\/archiwum.festiwale.zakopane.pl\/zlote-kierpce\/2021\/05\/10\/wystep-zespolu-mali-swarni-podczas-xii-tatrzanskiego-festiwalu-zespolow-goralskich-zlote-kierpce\/dsc-4675\/'><img width=\"150\" height=\"150\" src=\"http:\/\/archiwum.festiwale.zakopane.pl\/zlote-kierpce\/wp-content\/uploads\/sites\/17\/2021\/05\/dsc-4675-150x150.jpg\" class=\"attachment-thumbnail size-thumbnail\" alt=\"\" loading=\"lazy\" \/><\/a>\n\t\t\t<\/div><\/figure><figure class='gallery-item'>\n\t\t\t<div class='gallery-icon landscape'>\n\t\t\t\t<a href='http:\/\/archiwum.festiwale.zakopane.pl\/zlote-kierpce\/2021\/05\/10\/wystep-zespolu-mali-swarni-podczas-xii-tatrzanskiego-festiwalu-zespolow-goralskich-zlote-kierpce\/dsc-4614\/'><img width=\"150\" height=\"150\" src=\"http:\/\/archiwum.festiwale.zakopane.pl\/zlote-kierpce\/wp-content\/uploads\/sites\/17\/2021\/05\/dsc-4614-150x150.jpg\" class=\"attachment-thumbnail size-thumbnail\" alt=\"\" loading=\"lazy\" \/><\/a>\n\t\t\t<\/div><\/figure>\n\t\t<\/div>\n\n<p>&nbsp;<\/p>\n","protected":false},"excerpt":{"rendered":"<p>Dnia 8 maja 2021r. w kinie Giewont w Zakopanem podczas XII Tatrza\u0144skiego Festiwalu Zespo\u0142\u00f3w G\u00f3ralskich [&hellip;]<\/p>\n","protected":false},"author":7,"featured_media":869,"comment_status":"closed","ping_status":"closed","sticky":false,"template":"","format":"standard","meta":[],"categories":[1],"tags":[],"acf":[],"_links":{"self":[{"href":"http:\/\/archiwum.festiwale.zakopane.pl\/zlote-kierpce\/wp-json\/wp\/v2\/posts\/868"}],"collection":[{"href":"http:\/\/archiwum.festiwale.zakopane.pl\/zlote-kierpce\/wp-json\/wp\/v2\/posts"}],"about":[{"href":"http:\/\/archiwum.festiwale.zakopane.pl\/zlote-kierpce\/wp-json\/wp\/v2\/types\/post"}],"author":[{"embeddable":true,"href":"http:\/\/archiwum.festiwale.zakopane.pl\/zlote-kierpce\/wp-json\/wp\/v2\/users\/7"}],"replies":[{"embeddable":true,"href":"http:\/\/archiwum.festiwale.zakopane.pl\/zlote-kierpce\/wp-json\/wp\/v2\/comments?post=868"}],"version-history":[{"count":1,"href":"http:\/\/archiwum.festiwale.zakopane.pl\/zlote-kierpce\/wp-json\/wp\/v2\/posts\/868\/revisions"}],"predecessor-version":[{"id":883,"href":"http:\/\/archiwum.festiwale.zakopane.pl\/zlote-kierpce\/wp-json\/wp\/v2\/posts\/868\/revisions\/883"}],"wp:featuredmedia":[{"embeddable":true,"href":"http:\/\/archiwum.festiwale.zakopane.pl\/zlote-kierpce\/wp-json\/wp\/v2\/media\/869"}],"wp:attachment":[{"href":"http:\/\/archiwum.festiwale.zakopane.pl\/zlote-kierpce\/wp-json\/wp\/v2\/media?parent=868"}],"wp:term":[{"taxonomy":"category","embeddable":true,"href":"http:\/\/archiwum.festiwale.zakopane.pl\/zlote-kierpce\/wp-json\/wp\/v2\/categories?post=868"},{"taxonomy":"post_tag","embeddable":true,"href":"http:\/\/archiwum.festiwale.zakopane.pl\/zlote-kierpce\/wp-json\/wp\/v2\/tags?post=868"}],"curies":[{"name":"wp","href":"https:\/\/api.w.org\/{rel}","templated":true}]}}