{"id":839,"date":"2021-05-10T10:13:51","date_gmt":"2021-05-10T08:13:51","guid":{"rendered":"https:\/\/festiwale.zakopane.pl\/zlote-kierpce\/?p=839"},"modified":"2021-07-06T10:28:45","modified_gmt":"2021-07-06T08:28:45","slug":"laureaci-xii-tatrzanskiego-festiwalu-zespolow-goralskich-zlote-kierpce","status":"publish","type":"post","link":"http:\/\/archiwum.festiwale.zakopane.pl\/zlote-kierpce\/2021\/05\/10\/laureaci-xii-tatrzanskiego-festiwalu-zespolow-goralskich-zlote-kierpce\/","title":{"rendered":"Laureaci XII Tatrza\u0144skiego Festiwalu Zespo\u0142\u00f3w G\u00f3ralskich &#8222;Z\u0142ote Kierpce&#8221;"},"content":{"rendered":"<p><strong>Protok\u00f3\u0142 z posiedzenia komisji artystycznej XII Tatrza\u0144skiego Festiwalu Zespo\u0142\u00f3w G\u00f3ralskich &#8222;Z\u0142ote Kierpce&#8221; Zakopane 8 maja 2021r.<\/strong><\/p>\n<p>Komisja artystyczna w sk\u0142adzie:<\/p>\n<ol>\n<li>przewodnicz\u0105ca- dr Dorota Majerczyk- etnolog<\/li>\n<li>mgr Katarzyna Chowaniec- Trebunia- regionalistka<\/li>\n<li>Zofia Kubiniec- Stanuch- regionalistka, cz\u0142onek Rady Artystycznej 52.MFFZG<\/li>\n<\/ol>\n<p>Po obejrzeniu i wnikliwej ocenie 6 zespo\u0142\u00f3w regionalnych z Podhala, komisja artystyczna postanowi\u0142a przyzna\u0107 nast\u0119puj\u0105ce nagrody:<\/p>\n<ol>\n<li>Nagrod\u0119 pierwsz\u0105, statuetk\u0119 Z\u0141OTE KIERPCE oraz nagrod\u0119 w postaci pieni\u0119\u017cnej 1000 z\u0142 (jeden tysi\u0105c z\u0142otych) otrzymuje zesp\u00f3\u0142: w kategorii zespo\u0142\u00f3w dzieci\u0119cych &#8222;Zawaternik&#8221; z Le\u015bnicy Gronia<\/li>\n<li>Nagrod\u0119 drug\u0105, statuetk\u0119 SREBRNE KIERPCE oraz nagrod\u0119 w postaci pieni\u0119\u017cnej po 750 z\u0142 (siedemset pi\u0119\u0107dziesi\u0105t z\u0142otych) otrzymuj\u0105 zespo\u0142y: w kategorii zespo\u0142\u00f3w dzieci\u0119cych &#8222;Mali Maniowanie&#8221; z Mani\u00f3w, w kategorii zespo\u0142\u00f3w m\u0142odzie\u017cowych &#8222;Mali \u015awarni&#8221; z Nowego Targu.<\/li>\n<li>Nagrod\u0119 trzeci\u0105, statuetk\u0119 BR\u0104ZOWE KIERPCE oraz nagrod\u0119 w postaci pieni\u0119\u017cnej 500 z\u0142 (pi\u0119\u0107set z\u0142otych) otrzymuje zesp\u00f3\u0142: w kategorii zespo\u0142\u00f3w m\u0142odzie\u017cowych &#8222;Maniowianie&#8221; z Mani\u00f3w.<\/li>\n<\/ol>\n<p>Do prezentacji na 44. Karpackim Festiwalu Dzieci\u0119cych Zespo\u0142\u00f3w Regionalnych w Rabce- Zdroju komisja nominuje nast\u0119puj\u0105ce zespo\u0142y:<\/p>\n<p>&#8222;Zawaternik&#8221; z Le\u015bnicy Gronia<\/p>\n<p>&#8222;Mali Maniowanie&#8221; z Mani\u00f3w<\/p>\n<p>Jury przyzna\u0142o tak\u017ce nast\u0119puj\u0105ce nagrody i wyr\u00f3\u017cnienia:<\/p>\n<p><strong>WYR\u00d3\u017bNIENIA:<\/strong><\/p>\n<p>dzieci\u0119cy zesp\u00f3\u0142 &#8222;Luba\u0144&#8221; z Kluszkowiec<\/p>\n<p>dzieci\u0119cy zesp\u00f3\u0142 &#8222;Zawrat&#8221; z Bustryku<\/p>\n<p>Zesp\u00f3\u0142 &#8222;Luba\u0144&#8221; z Kluszkowiec otrzymuje bilety do Aqua Parku ufundowane przez Polskie Tatry S.A.<\/p>\n<p>Zesp\u00f3\u0142 &#8222;Zawrat&#8221; z Bustryku otrzymuje nagrod\u0119 Starosty Tatrza\u0144skiego w postaci bonu do sklepu regionalnego.<\/p>\n<p><strong>Fundatorami nagr\u00f3d s\u0105:<\/strong><\/p>\n<p>Burmistrz Zakopanego Leszek Dorula<\/p>\n<p>Starosta Tatrza\u0144ski Piotr B\u0105k<\/p>\n<p>Firma Wawel<\/p>\n<p>Polskie Tatry S.A. Aqua Park Zakopane<\/p>\n<p>Tatrza\u0144ski Park Narodowy<\/p>\n<p>Zwi\u0105zek Podhalan Oddzia\u0142 Zakopane<\/p>\n<div id='gallery-1' class='gallery galleryid-839 gallery-columns-3 gallery-size-thumbnail'><figure class='gallery-item'>\n\t\t\t<div class='gallery-icon landscape'>\n\t\t\t\t<a href='http:\/\/archiwum.festiwale.zakopane.pl\/zlote-kierpce\/2021\/05\/10\/laureaci-xii-tatrzanskiego-festiwalu-zespolow-goralskich-zlote-kierpce\/dsc-4816\/'><img width=\"150\" height=\"150\" src=\"http:\/\/archiwum.festiwale.zakopane.pl\/zlote-kierpce\/wp-content\/uploads\/sites\/17\/2021\/05\/dsc-4816-150x150.jpg\" class=\"attachment-thumbnail size-thumbnail\" alt=\"\" loading=\"lazy\" \/><\/a>\n\t\t\t<\/div><\/figure><figure class='gallery-item'>\n\t\t\t<div class='gallery-icon landscape'>\n\t\t\t\t<a href='http:\/\/archiwum.festiwale.zakopane.pl\/zlote-kierpce\/2021\/05\/10\/laureaci-xii-tatrzanskiego-festiwalu-zespolow-goralskich-zlote-kierpce\/dsc-4824\/'><img width=\"150\" height=\"150\" src=\"http:\/\/archiwum.festiwale.zakopane.pl\/zlote-kierpce\/wp-content\/uploads\/sites\/17\/2021\/05\/dsc-4824-150x150.jpg\" class=\"attachment-thumbnail size-thumbnail\" alt=\"\" loading=\"lazy\" \/><\/a>\n\t\t\t<\/div><\/figure><figure class='gallery-item'>\n\t\t\t<div class='gallery-icon landscape'>\n\t\t\t\t<a href='http:\/\/archiwum.festiwale.zakopane.pl\/zlote-kierpce\/2021\/05\/10\/laureaci-xii-tatrzanskiego-festiwalu-zespolow-goralskich-zlote-kierpce\/dsc-4834\/'><img width=\"150\" height=\"150\" src=\"http:\/\/archiwum.festiwale.zakopane.pl\/zlote-kierpce\/wp-content\/uploads\/sites\/17\/2021\/05\/dsc-4834-150x150.jpg\" class=\"attachment-thumbnail size-thumbnail\" alt=\"\" loading=\"lazy\" \/><\/a>\n\t\t\t<\/div><\/figure><figure class='gallery-item'>\n\t\t\t<div class='gallery-icon landscape'>\n\t\t\t\t<a href='http:\/\/archiwum.festiwale.zakopane.pl\/zlote-kierpce\/2021\/05\/10\/laureaci-xii-tatrzanskiego-festiwalu-zespolow-goralskich-zlote-kierpce\/dsc-4842\/'><img width=\"150\" height=\"150\" src=\"http:\/\/archiwum.festiwale.zakopane.pl\/zlote-kierpce\/wp-content\/uploads\/sites\/17\/2021\/05\/dsc-4842-150x150.jpg\" class=\"attachment-thumbnail size-thumbnail\" alt=\"\" loading=\"lazy\" \/><\/a>\n\t\t\t<\/div><\/figure><figure class='gallery-item'>\n\t\t\t<div class='gallery-icon landscape'>\n\t\t\t\t<a href='http:\/\/archiwum.festiwale.zakopane.pl\/zlote-kierpce\/2021\/05\/10\/laureaci-xii-tatrzanskiego-festiwalu-zespolow-goralskich-zlote-kierpce\/dsc-4847\/'><img width=\"150\" height=\"150\" src=\"http:\/\/archiwum.festiwale.zakopane.pl\/zlote-kierpce\/wp-content\/uploads\/sites\/17\/2021\/05\/dsc-4847-150x150.jpg\" class=\"attachment-thumbnail size-thumbnail\" alt=\"\" loading=\"lazy\" \/><\/a>\n\t\t\t<\/div><\/figure><figure class='gallery-item'>\n\t\t\t<div class='gallery-icon landscape'>\n\t\t\t\t<a href='http:\/\/archiwum.festiwale.zakopane.pl\/zlote-kierpce\/2021\/05\/10\/laureaci-xii-tatrzanskiego-festiwalu-zespolow-goralskich-zlote-kierpce\/dsc-4850\/'><img width=\"150\" height=\"150\" src=\"http:\/\/archiwum.festiwale.zakopane.pl\/zlote-kierpce\/wp-content\/uploads\/sites\/17\/2021\/05\/dsc-4850-150x150.jpg\" class=\"attachment-thumbnail size-thumbnail\" alt=\"\" loading=\"lazy\" \/><\/a>\n\t\t\t<\/div><\/figure><figure class='gallery-item'>\n\t\t\t<div class='gallery-icon landscape'>\n\t\t\t\t<a href='http:\/\/archiwum.festiwale.zakopane.pl\/zlote-kierpce\/2021\/05\/10\/laureaci-xii-tatrzanskiego-festiwalu-zespolow-goralskich-zlote-kierpce\/dsc-4855\/'><img width=\"150\" height=\"150\" src=\"http:\/\/archiwum.festiwale.zakopane.pl\/zlote-kierpce\/wp-content\/uploads\/sites\/17\/2021\/05\/dsc-4855-150x150.jpg\" class=\"attachment-thumbnail size-thumbnail\" alt=\"\" loading=\"lazy\" \/><\/a>\n\t\t\t<\/div><\/figure><figure class='gallery-item'>\n\t\t\t<div class='gallery-icon landscape'>\n\t\t\t\t<a href='http:\/\/archiwum.festiwale.zakopane.pl\/zlote-kierpce\/2021\/05\/10\/laureaci-xii-tatrzanskiego-festiwalu-zespolow-goralskich-zlote-kierpce\/dsc-4860\/'><img width=\"150\" height=\"150\" src=\"http:\/\/archiwum.festiwale.zakopane.pl\/zlote-kierpce\/wp-content\/uploads\/sites\/17\/2021\/05\/dsc-4860-150x150.jpg\" class=\"attachment-thumbnail size-thumbnail\" alt=\"\" loading=\"lazy\" \/><\/a>\n\t\t\t<\/div><\/figure><figure class='gallery-item'>\n\t\t\t<div class='gallery-icon landscape'>\n\t\t\t\t<a href='http:\/\/archiwum.festiwale.zakopane.pl\/zlote-kierpce\/2021\/05\/10\/laureaci-xii-tatrzanskiego-festiwalu-zespolow-goralskich-zlote-kierpce\/dsc-4862\/'><img width=\"150\" height=\"150\" src=\"http:\/\/archiwum.festiwale.zakopane.pl\/zlote-kierpce\/wp-content\/uploads\/sites\/17\/2021\/05\/dsc-4862-150x150.jpg\" class=\"attachment-thumbnail size-thumbnail\" alt=\"\" loading=\"lazy\" \/><\/a>\n\t\t\t<\/div><\/figure><figure class='gallery-item'>\n\t\t\t<div class='gallery-icon landscape'>\n\t\t\t\t<a href='http:\/\/archiwum.festiwale.zakopane.pl\/zlote-kierpce\/2021\/05\/10\/laureaci-xii-tatrzanskiego-festiwalu-zespolow-goralskich-zlote-kierpce\/dsc-4863\/'><img width=\"150\" height=\"150\" src=\"http:\/\/archiwum.festiwale.zakopane.pl\/zlote-kierpce\/wp-content\/uploads\/sites\/17\/2021\/05\/dsc-4863-150x150.jpg\" class=\"attachment-thumbnail size-thumbnail\" alt=\"\" loading=\"lazy\" \/><\/a>\n\t\t\t<\/div><\/figure><figure class='gallery-item'>\n\t\t\t<div class='gallery-icon landscape'>\n\t\t\t\t<a href='http:\/\/archiwum.festiwale.zakopane.pl\/zlote-kierpce\/2021\/05\/10\/laureaci-xii-tatrzanskiego-festiwalu-zespolow-goralskich-zlote-kierpce\/dsc-4867\/'><img width=\"150\" height=\"150\" src=\"http:\/\/archiwum.festiwale.zakopane.pl\/zlote-kierpce\/wp-content\/uploads\/sites\/17\/2021\/05\/dsc-4867-150x150.jpg\" class=\"attachment-thumbnail size-thumbnail\" alt=\"\" loading=\"lazy\" \/><\/a>\n\t\t\t<\/div><\/figure><figure class='gallery-item'>\n\t\t\t<div class='gallery-icon landscape'>\n\t\t\t\t<a href='http:\/\/archiwum.festiwale.zakopane.pl\/zlote-kierpce\/2021\/05\/10\/laureaci-xii-tatrzanskiego-festiwalu-zespolow-goralskich-zlote-kierpce\/dsc-4871\/'><img width=\"150\" height=\"150\" src=\"http:\/\/archiwum.festiwale.zakopane.pl\/zlote-kierpce\/wp-content\/uploads\/sites\/17\/2021\/05\/dsc-4871-150x150.jpg\" class=\"attachment-thumbnail size-thumbnail\" alt=\"\" loading=\"lazy\" \/><\/a>\n\t\t\t<\/div><\/figure><figure class='gallery-item'>\n\t\t\t<div class='gallery-icon landscape'>\n\t\t\t\t<a href='http:\/\/archiwum.festiwale.zakopane.pl\/zlote-kierpce\/2021\/05\/10\/laureaci-xii-tatrzanskiego-festiwalu-zespolow-goralskich-zlote-kierpce\/dsc-4873\/'><img width=\"150\" height=\"150\" src=\"http:\/\/archiwum.festiwale.zakopane.pl\/zlote-kierpce\/wp-content\/uploads\/sites\/17\/2021\/05\/dsc-4873-150x150.jpg\" class=\"attachment-thumbnail size-thumbnail\" alt=\"\" loading=\"lazy\" \/><\/a>\n\t\t\t<\/div><\/figure><figure class='gallery-item'>\n\t\t\t<div class='gallery-icon landscape'>\n\t\t\t\t<a href='http:\/\/archiwum.festiwale.zakopane.pl\/zlote-kierpce\/2021\/05\/10\/laureaci-xii-tatrzanskiego-festiwalu-zespolow-goralskich-zlote-kierpce\/dsc-4876\/'><img width=\"150\" height=\"150\" src=\"http:\/\/archiwum.festiwale.zakopane.pl\/zlote-kierpce\/wp-content\/uploads\/sites\/17\/2021\/05\/dsc-4876-150x150.jpg\" class=\"attachment-thumbnail size-thumbnail\" alt=\"\" loading=\"lazy\" \/><\/a>\n\t\t\t<\/div><\/figure><figure class='gallery-item'>\n\t\t\t<div class='gallery-icon landscape'>\n\t\t\t\t<a href='http:\/\/archiwum.festiwale.zakopane.pl\/zlote-kierpce\/2021\/05\/10\/laureaci-xii-tatrzanskiego-festiwalu-zespolow-goralskich-zlote-kierpce\/dsc-4879\/'><img width=\"150\" height=\"150\" src=\"http:\/\/archiwum.festiwale.zakopane.pl\/zlote-kierpce\/wp-content\/uploads\/sites\/17\/2021\/05\/dsc-4879-150x150.jpg\" class=\"attachment-thumbnail size-thumbnail\" alt=\"\" loading=\"lazy\" \/><\/a>\n\t\t\t<\/div><\/figure><figure class='gallery-item'>\n\t\t\t<div class='gallery-icon landscape'>\n\t\t\t\t<a href='http:\/\/archiwum.festiwale.zakopane.pl\/zlote-kierpce\/2021\/05\/10\/laureaci-xii-tatrzanskiego-festiwalu-zespolow-goralskich-zlote-kierpce\/dsc-4881\/'><img width=\"150\" height=\"150\" src=\"http:\/\/archiwum.festiwale.zakopane.pl\/zlote-kierpce\/wp-content\/uploads\/sites\/17\/2021\/05\/dsc-4881-150x150.jpg\" class=\"attachment-thumbnail size-thumbnail\" alt=\"\" loading=\"lazy\" \/><\/a>\n\t\t\t<\/div><\/figure><figure class='gallery-item'>\n\t\t\t<div class='gallery-icon landscape'>\n\t\t\t\t<a href='http:\/\/archiwum.festiwale.zakopane.pl\/zlote-kierpce\/2021\/05\/10\/laureaci-xii-tatrzanskiego-festiwalu-zespolow-goralskich-zlote-kierpce\/dsc-4884\/'><img width=\"150\" height=\"150\" src=\"http:\/\/archiwum.festiwale.zakopane.pl\/zlote-kierpce\/wp-content\/uploads\/sites\/17\/2021\/05\/dsc-4884-150x150.jpg\" class=\"attachment-thumbnail size-thumbnail\" alt=\"\" loading=\"lazy\" \/><\/a>\n\t\t\t<\/div><\/figure><figure class='gallery-item'>\n\t\t\t<div class='gallery-icon portrait'>\n\t\t\t\t<a href='http:\/\/archiwum.festiwale.zakopane.pl\/zlote-kierpce\/2021\/05\/10\/laureaci-xii-tatrzanskiego-festiwalu-zespolow-goralskich-zlote-kierpce\/dsc-4885\/'><img width=\"150\" height=\"150\" src=\"http:\/\/archiwum.festiwale.zakopane.pl\/zlote-kierpce\/wp-content\/uploads\/sites\/17\/2021\/05\/dsc-4885-150x150.jpg\" class=\"attachment-thumbnail size-thumbnail\" alt=\"\" loading=\"lazy\" \/><\/a>\n\t\t\t<\/div><\/figure><figure class='gallery-item'>\n\t\t\t<div class='gallery-icon landscape'>\n\t\t\t\t<a href='http:\/\/archiwum.festiwale.zakopane.pl\/zlote-kierpce\/2021\/05\/10\/laureaci-xii-tatrzanskiego-festiwalu-zespolow-goralskich-zlote-kierpce\/dsc-4889\/'><img width=\"150\" height=\"150\" src=\"http:\/\/archiwum.festiwale.zakopane.pl\/zlote-kierpce\/wp-content\/uploads\/sites\/17\/2021\/05\/dsc-4889-150x150.jpg\" class=\"attachment-thumbnail size-thumbnail\" alt=\"\" loading=\"lazy\" \/><\/a>\n\t\t\t<\/div><\/figure><figure class='gallery-item'>\n\t\t\t<div class='gallery-icon portrait'>\n\t\t\t\t<a href='http:\/\/archiwum.festiwale.zakopane.pl\/zlote-kierpce\/2021\/05\/10\/laureaci-xii-tatrzanskiego-festiwalu-zespolow-goralskich-zlote-kierpce\/dsc-4892\/'><img width=\"150\" height=\"150\" src=\"http:\/\/archiwum.festiwale.zakopane.pl\/zlote-kierpce\/wp-content\/uploads\/sites\/17\/2021\/05\/dsc-4892-150x150.jpg\" class=\"attachment-thumbnail size-thumbnail\" alt=\"\" loading=\"lazy\" \/><\/a>\n\t\t\t<\/div><\/figure><figure class='gallery-item'>\n\t\t\t<div class='gallery-icon portrait'>\n\t\t\t\t<a href='http:\/\/archiwum.festiwale.zakopane.pl\/zlote-kierpce\/2021\/05\/10\/laureaci-xii-tatrzanskiego-festiwalu-zespolow-goralskich-zlote-kierpce\/dsc-4896\/'><img width=\"150\" height=\"150\" src=\"http:\/\/archiwum.festiwale.zakopane.pl\/zlote-kierpce\/wp-content\/uploads\/sites\/17\/2021\/05\/dsc-4896-150x150.jpg\" class=\"attachment-thumbnail size-thumbnail\" alt=\"\" loading=\"lazy\" \/><\/a>\n\t\t\t<\/div><\/figure><figure class='gallery-item'>\n\t\t\t<div class='gallery-icon landscape'>\n\t\t\t\t<a href='http:\/\/archiwum.festiwale.zakopane.pl\/zlote-kierpce\/2021\/05\/10\/laureaci-xii-tatrzanskiego-festiwalu-zespolow-goralskich-zlote-kierpce\/dsc-4897\/'><img width=\"150\" height=\"150\" src=\"http:\/\/archiwum.festiwale.zakopane.pl\/zlote-kierpce\/wp-content\/uploads\/sites\/17\/2021\/05\/dsc-4897-150x150.jpg\" class=\"attachment-thumbnail size-thumbnail\" alt=\"\" loading=\"lazy\" \/><\/a>\n\t\t\t<\/div><\/figure><figure class='gallery-item'>\n\t\t\t<div class='gallery-icon landscape'>\n\t\t\t\t<a href='http:\/\/archiwum.festiwale.zakopane.pl\/zlote-kierpce\/2021\/05\/10\/laureaci-xii-tatrzanskiego-festiwalu-zespolow-goralskich-zlote-kierpce\/dsc-4808\/'><img width=\"150\" height=\"150\" src=\"http:\/\/archiwum.festiwale.zakopane.pl\/zlote-kierpce\/wp-content\/uploads\/sites\/17\/2021\/05\/dsc-4808-150x150.jpg\" class=\"attachment-thumbnail size-thumbnail\" alt=\"\" loading=\"lazy\" \/><\/a>\n\t\t\t<\/div><\/figure><figure class='gallery-item'>\n\t\t\t<div class='gallery-icon landscape'>\n\t\t\t\t<a href='http:\/\/archiwum.festiwale.zakopane.pl\/zlote-kierpce\/2021\/05\/10\/laureaci-xii-tatrzanskiego-festiwalu-zespolow-goralskich-zlote-kierpce\/dsc-4811\/'><img width=\"150\" height=\"150\" src=\"http:\/\/archiwum.festiwale.zakopane.pl\/zlote-kierpce\/wp-content\/uploads\/sites\/17\/2021\/05\/dsc-4811-150x150.jpg\" class=\"attachment-thumbnail size-thumbnail\" alt=\"\" loading=\"lazy\" \/><\/a>\n\t\t\t<\/div><\/figure>\n\t\t<\/div>\n\n","protected":false},"excerpt":{"rendered":"<p>Protok\u00f3\u0142 z posiedzenia komisji artystycznej XII Tatrza\u0144skiego Festiwalu Zespo\u0142\u00f3w G\u00f3ralskich &#8222;Z\u0142ote Kierpce&#8221; Zakopane 8 maja [&hellip;]<\/p>\n","protected":false},"author":7,"featured_media":840,"comment_status":"closed","ping_status":"closed","sticky":false,"template":"","format":"standard","meta":[],"categories":[1],"tags":[],"acf":[],"_links":{"self":[{"href":"http:\/\/archiwum.festiwale.zakopane.pl\/zlote-kierpce\/wp-json\/wp\/v2\/posts\/839"}],"collection":[{"href":"http:\/\/archiwum.festiwale.zakopane.pl\/zlote-kierpce\/wp-json\/wp\/v2\/posts"}],"about":[{"href":"http:\/\/archiwum.festiwale.zakopane.pl\/zlote-kierpce\/wp-json\/wp\/v2\/types\/post"}],"author":[{"embeddable":true,"href":"http:\/\/archiwum.festiwale.zakopane.pl\/zlote-kierpce\/wp-json\/wp\/v2\/users\/7"}],"replies":[{"embeddable":true,"href":"http:\/\/archiwum.festiwale.zakopane.pl\/zlote-kierpce\/wp-json\/wp\/v2\/comments?post=839"}],"version-history":[{"count":2,"href":"http:\/\/archiwum.festiwale.zakopane.pl\/zlote-kierpce\/wp-json\/wp\/v2\/posts\/839\/revisions"}],"predecessor-version":[{"id":866,"href":"http:\/\/archiwum.festiwale.zakopane.pl\/zlote-kierpce\/wp-json\/wp\/v2\/posts\/839\/revisions\/866"}],"wp:featuredmedia":[{"embeddable":true,"href":"http:\/\/archiwum.festiwale.zakopane.pl\/zlote-kierpce\/wp-json\/wp\/v2\/media\/840"}],"wp:attachment":[{"href":"http:\/\/archiwum.festiwale.zakopane.pl\/zlote-kierpce\/wp-json\/wp\/v2\/media?parent=839"}],"wp:term":[{"taxonomy":"category","embeddable":true,"href":"http:\/\/archiwum.festiwale.zakopane.pl\/zlote-kierpce\/wp-json\/wp\/v2\/categories?post=839"},{"taxonomy":"post_tag","embeddable":true,"href":"http:\/\/archiwum.festiwale.zakopane.pl\/zlote-kierpce\/wp-json\/wp\/v2\/tags?post=839"}],"curies":[{"name":"wp","href":"https:\/\/api.w.org\/{rel}","templated":true}]}}