{"id":799,"date":"2021-05-07T07:42:39","date_gmt":"2021-05-07T05:42:39","guid":{"rendered":"https:\/\/festiwale.zakopane.pl\/zlote-kierpce-2021\/?p=799"},"modified":"2021-05-07T07:42:39","modified_gmt":"2021-05-07T05:42:39","slug":"mali-swarni","status":"publish","type":"post","link":"http:\/\/archiwum.festiwale.zakopane.pl\/zlote-kierpce\/2021\/05\/07\/mali-swarni\/","title":{"rendered":"&#8222;Mali \u015awarni&#8221;"},"content":{"rendered":"<p>Zesp\u00f3\u0142 \u201eMali \u015awarni\u201d powsta\u0142 w 1983 roku z inicjatywy Marii i J\u00f3zefa Staszl\u00f3w, kt\u00f3rzy prowadzili zesp\u00f3\u0142 nieprzerwanie do 2013 roku. Obecnie instruktorem jest wychowanka Bernadeta Szumal. Zesp\u00f3\u0142 bior\u0105c aktywny udzia\u0142 w wielu krajowych i mi\u0119dzynarodowych festiwalach:<\/p>\n<ul>\n<li>w Nowym S\u0105czu<\/li>\n<li>w Zielonej G\u00f3rze<\/li>\n<li>w Kielcach<\/li>\n<li>w Varnie w Bu\u0142garii<\/li>\n<li>w Brnie w Czechach<\/li>\n<li>w Rydze na \u0142otwie<\/li>\n<li>w Mi\u0144sku na Bia\u0142orusi<\/li>\n<li>w Nitrze na S\u0142owacji<\/li>\n<li>w Maribor na S\u0142owenii<\/li>\n<li>w Grabarie w Chorwacji<\/li>\n<\/ul>\n<p>w 2011 roku zesp\u00f3\u0142 bra\u0142 udzia\u0142 w podhala\u0144skiej operze \u201eJan Pawe\u0142 II na Podhalu\u201d, kt\u00f3r\u0105 prezentowano na Podhalu, na scenie Opery Krakowskiej, w Teatrze Narodowym w Warszawie oraz w Teatrze Capranica w Rzymie. W 2016 roku w lipcu zesp\u00f3\u0142 bra\u0142 udzia\u0142 w 45 Mi\u0119dzynarodowym Harcerskim Festiwalu Kultury M\u0142odzie\u017cy Szkolnej w Kielcach. Zdoby\u0142 tam g\u0142\u00f3wn\u0105 nagrod\u0119, a mianowicie \u201eZ\u0142ot\u0105 Jod\u0142\u0119\u201d.\u00a0 W listopadzie 2016 roku go\u015bcili\u015bmy na festiwalu \u201eNa G\u00f3ralsk\u0105 Nut\u0119\u201d w Chicago.\u00a0 17 kwietnia 2017 roku wraz z zespo\u0142em regionalnym z Warszawy uczestniczyli\u015bmy w \u015bwi\u0105tecznej Familiadzie. Tego samego roku wywalczyli\u015bmy:<\/p>\n<ul>\n<li>\u201eSrebrne Kierpce\u201d w Tatrza\u0144skim Festiwalu Zespo\u0142\u00f3w G\u00f3ralskich Z\u0142ote Kierpce w Zakopanem<\/li>\n<li>\u201eZ\u0142ote Skrzypce\u201d na Balkan Folk Fest w Varnie w Bu\u0142garii<\/li>\n<\/ul>\n<p>Zesp\u00f3\u0142 uczestniczy\u0142 r\u00f3wnie\u017c:<\/p>\n<ul>\n<li>Folklorni Festiwal w Brnie w Czechach<\/li>\n<li>XVIII Konkursie M\u0142odyk Tonecnik\u00f3w w Bia\u0142ym Dunajcu<\/li>\n<\/ul>\n<p>W listopadzie 2017 r. zesp\u00f3\u0142 nagra\u0142 kol\u0119d\u0119 wraz z teledyskiem, kt\u00f3r\u0105 mo\u017cna s\u0142ucha\u0107 podczas \u015awi\u0105t Bo\u017conarodzeniowych. W grudniu zesp\u00f3\u0142 uroczy\u015bcie otworzy\u0142 Miko\u0142ajkowy Turniej Ta\u0144ca w Nowym Targu.<\/p>\n<p>W 2018 roku zesp\u00f3\u0142 wzi\u0105\u0142 udzia\u0142 w I Og\u00f3lnopolskich Do\u017cynkach we wsi W\u0105wolnica w woj. lubelskim w okolicach Lublina.<\/p>\n","protected":false},"excerpt":{"rendered":"<p>Zesp\u00f3\u0142 \u201eMali \u015awarni\u201d powsta\u0142 w 1983 roku z inicjatywy Marii i J\u00f3zefa Staszl\u00f3w, kt\u00f3rzy prowadzili [&hellip;]<\/p>\n","protected":false},"author":7,"featured_media":800,"comment_status":"closed","ping_status":"closed","sticky":false,"template":"","format":"standard","meta":[],"categories":[1],"tags":[],"acf":[],"_links":{"self":[{"href":"http:\/\/archiwum.festiwale.zakopane.pl\/zlote-kierpce\/wp-json\/wp\/v2\/posts\/799"}],"collection":[{"href":"http:\/\/archiwum.festiwale.zakopane.pl\/zlote-kierpce\/wp-json\/wp\/v2\/posts"}],"about":[{"href":"http:\/\/archiwum.festiwale.zakopane.pl\/zlote-kierpce\/wp-json\/wp\/v2\/types\/post"}],"author":[{"embeddable":true,"href":"http:\/\/archiwum.festiwale.zakopane.pl\/zlote-kierpce\/wp-json\/wp\/v2\/users\/7"}],"replies":[{"embeddable":true,"href":"http:\/\/archiwum.festiwale.zakopane.pl\/zlote-kierpce\/wp-json\/wp\/v2\/comments?post=799"}],"version-history":[{"count":1,"href":"http:\/\/archiwum.festiwale.zakopane.pl\/zlote-kierpce\/wp-json\/wp\/v2\/posts\/799\/revisions"}],"predecessor-version":[{"id":801,"href":"http:\/\/archiwum.festiwale.zakopane.pl\/zlote-kierpce\/wp-json\/wp\/v2\/posts\/799\/revisions\/801"}],"wp:featuredmedia":[{"embeddable":true,"href":"http:\/\/archiwum.festiwale.zakopane.pl\/zlote-kierpce\/wp-json\/wp\/v2\/media\/800"}],"wp:attachment":[{"href":"http:\/\/archiwum.festiwale.zakopane.pl\/zlote-kierpce\/wp-json\/wp\/v2\/media?parent=799"}],"wp:term":[{"taxonomy":"category","embeddable":true,"href":"http:\/\/archiwum.festiwale.zakopane.pl\/zlote-kierpce\/wp-json\/wp\/v2\/categories?post=799"},{"taxonomy":"post_tag","embeddable":true,"href":"http:\/\/archiwum.festiwale.zakopane.pl\/zlote-kierpce\/wp-json\/wp\/v2\/tags?post=799"}],"curies":[{"name":"wp","href":"https:\/\/api.w.org\/{rel}","templated":true}]}}