{"id":796,"date":"2021-05-07T07:41:51","date_gmt":"2021-05-07T05:41:51","guid":{"rendered":"https:\/\/festiwale.zakopane.pl\/zlote-kierpce-2021\/?p=796"},"modified":"2021-05-07T07:41:51","modified_gmt":"2021-05-07T05:41:51","slug":"zawrat","status":"publish","type":"post","link":"http:\/\/archiwum.festiwale.zakopane.pl\/zlote-kierpce\/2021\/05\/07\/zawrat\/","title":{"rendered":"Zawrat"},"content":{"rendered":"<p>Zesp\u00f3\u0142 dzieci\u0119cy Zawrat powsta\u0142 w 1989 roku. Nazwa Zawrat wzi\u0119\u0142a si\u0119 podczas wyjazdu Zwi\u0105zku Podhalan w 1989 roku do Holandii, w kt\u00f3rym bra\u0142 udzia\u0142 r\u00f3wnie\u017c Prezes Sp\u00f3\u0142dzielni Inwalid\u00f3w Zawrat z Zakopanego. Zaproponowa\u0142 on, \u017ceby nada\u0107 imi\u0119 zespo\u0142owi Zawrat, natomiast Sp\u00f3\u0142dzielnia b\u0119dzie wspiera\u0107 i pomaga\u0107. Od tego czasu z ma\u0142ymi przerwami zesp\u00f3\u0142 dzia\u0142a ca\u0142y czas. Aktualnie zesp\u00f3\u0142 liczy 25 os\u00f3b, dodatkowo jest muzyka g\u00f3ralska i dw\u00f3ch instruktor\u00f3w.<\/p>\n","protected":false},"excerpt":{"rendered":"<p>Zesp\u00f3\u0142 dzieci\u0119cy Zawrat powsta\u0142 w 1989 roku. Nazwa Zawrat wzi\u0119\u0142a si\u0119 podczas wyjazdu Zwi\u0105zku Podhalan [&hellip;]<\/p>\n","protected":false},"author":7,"featured_media":797,"comment_status":"closed","ping_status":"closed","sticky":false,"template":"","format":"standard","meta":[],"categories":[1],"tags":[],"acf":[],"_links":{"self":[{"href":"http:\/\/archiwum.festiwale.zakopane.pl\/zlote-kierpce\/wp-json\/wp\/v2\/posts\/796"}],"collection":[{"href":"http:\/\/archiwum.festiwale.zakopane.pl\/zlote-kierpce\/wp-json\/wp\/v2\/posts"}],"about":[{"href":"http:\/\/archiwum.festiwale.zakopane.pl\/zlote-kierpce\/wp-json\/wp\/v2\/types\/post"}],"author":[{"embeddable":true,"href":"http:\/\/archiwum.festiwale.zakopane.pl\/zlote-kierpce\/wp-json\/wp\/v2\/users\/7"}],"replies":[{"embeddable":true,"href":"http:\/\/archiwum.festiwale.zakopane.pl\/zlote-kierpce\/wp-json\/wp\/v2\/comments?post=796"}],"version-history":[{"count":1,"href":"http:\/\/archiwum.festiwale.zakopane.pl\/zlote-kierpce\/wp-json\/wp\/v2\/posts\/796\/revisions"}],"predecessor-version":[{"id":798,"href":"http:\/\/archiwum.festiwale.zakopane.pl\/zlote-kierpce\/wp-json\/wp\/v2\/posts\/796\/revisions\/798"}],"wp:featuredmedia":[{"embeddable":true,"href":"http:\/\/archiwum.festiwale.zakopane.pl\/zlote-kierpce\/wp-json\/wp\/v2\/media\/797"}],"wp:attachment":[{"href":"http:\/\/archiwum.festiwale.zakopane.pl\/zlote-kierpce\/wp-json\/wp\/v2\/media?parent=796"}],"wp:term":[{"taxonomy":"category","embeddable":true,"href":"http:\/\/archiwum.festiwale.zakopane.pl\/zlote-kierpce\/wp-json\/wp\/v2\/categories?post=796"},{"taxonomy":"post_tag","embeddable":true,"href":"http:\/\/archiwum.festiwale.zakopane.pl\/zlote-kierpce\/wp-json\/wp\/v2\/tags?post=796"}],"curies":[{"name":"wp","href":"https:\/\/api.w.org\/{rel}","templated":true}]}}