{"id":793,"date":"2021-05-07T07:40:06","date_gmt":"2021-05-07T05:40:06","guid":{"rendered":"https:\/\/festiwale.zakopane.pl\/zlote-kierpce-2021\/?p=793"},"modified":"2021-05-07T07:40:06","modified_gmt":"2021-05-07T05:40:06","slug":"maniowianie","status":"publish","type":"post","link":"http:\/\/archiwum.festiwale.zakopane.pl\/zlote-kierpce\/2021\/05\/07\/maniowianie\/","title":{"rendered":"&#8222;Maniowianie&#8221;"},"content":{"rendered":"<p class=\"Standard\">\u201eManiowianie\u201d<\/p>\n<p class=\"Standard\">\n<p class=\"Standard\">To grupa m\u0142odzie\u017cowa, kt\u00f3ra powsta\u0142a w 2019 roku po jubileuszu 25 lecia zespo\u0142u \u201eMali Maniowianie\u201d m\u0142odzie\u017c, kt\u00f3ra wyros\u0142a z zespo\u0142u dzieci\u0119cego postanowili spotyka\u0107 si\u0119 nadal i kontynuowa\u0107 dzia\u0142alno\u015b\u0107 krzewienia tradycji. Przez te dwa lata cz\u0142onkowie brali udzia\u0142 w konkursach recytatorskich \u201eG\u00f3ralskie serce\u201d jak i w konkursie ta\u0144ca podczas \u201eKarnawa\u0142u G\u00f3ralskiego\u201d, w konkursie \u201eNuta Dunajca\u201d. M\u0142odzie\u017c czynnie wsp\u00f3\u0142pracuje z OSP Maniowy jak i z KGW Maniowy przy r\u00f3\u017cnego rodzaju projektach i przedsi\u0119wzi\u0119ciach. Instruktorem zespo\u0142u jest Katarzyna Dobrzy\u0144ska.<\/p>\n","protected":false},"excerpt":{"rendered":"<p>\u201eManiowianie\u201d To grupa m\u0142odzie\u017cowa, kt\u00f3ra powsta\u0142a w 2019 roku po jubileuszu 25 lecia zespo\u0142u \u201eMali [&hellip;]<\/p>\n","protected":false},"author":7,"featured_media":794,"comment_status":"closed","ping_status":"closed","sticky":false,"template":"","format":"standard","meta":[],"categories":[1],"tags":[],"acf":[],"_links":{"self":[{"href":"http:\/\/archiwum.festiwale.zakopane.pl\/zlote-kierpce\/wp-json\/wp\/v2\/posts\/793"}],"collection":[{"href":"http:\/\/archiwum.festiwale.zakopane.pl\/zlote-kierpce\/wp-json\/wp\/v2\/posts"}],"about":[{"href":"http:\/\/archiwum.festiwale.zakopane.pl\/zlote-kierpce\/wp-json\/wp\/v2\/types\/post"}],"author":[{"embeddable":true,"href":"http:\/\/archiwum.festiwale.zakopane.pl\/zlote-kierpce\/wp-json\/wp\/v2\/users\/7"}],"replies":[{"embeddable":true,"href":"http:\/\/archiwum.festiwale.zakopane.pl\/zlote-kierpce\/wp-json\/wp\/v2\/comments?post=793"}],"version-history":[{"count":1,"href":"http:\/\/archiwum.festiwale.zakopane.pl\/zlote-kierpce\/wp-json\/wp\/v2\/posts\/793\/revisions"}],"predecessor-version":[{"id":795,"href":"http:\/\/archiwum.festiwale.zakopane.pl\/zlote-kierpce\/wp-json\/wp\/v2\/posts\/793\/revisions\/795"}],"wp:featuredmedia":[{"embeddable":true,"href":"http:\/\/archiwum.festiwale.zakopane.pl\/zlote-kierpce\/wp-json\/wp\/v2\/media\/794"}],"wp:attachment":[{"href":"http:\/\/archiwum.festiwale.zakopane.pl\/zlote-kierpce\/wp-json\/wp\/v2\/media?parent=793"}],"wp:term":[{"taxonomy":"category","embeddable":true,"href":"http:\/\/archiwum.festiwale.zakopane.pl\/zlote-kierpce\/wp-json\/wp\/v2\/categories?post=793"},{"taxonomy":"post_tag","embeddable":true,"href":"http:\/\/archiwum.festiwale.zakopane.pl\/zlote-kierpce\/wp-json\/wp\/v2\/tags?post=793"}],"curies":[{"name":"wp","href":"https:\/\/api.w.org\/{rel}","templated":true}]}}