{"id":790,"date":"2021-05-07T07:38:49","date_gmt":"2021-05-07T05:38:49","guid":{"rendered":"https:\/\/festiwale.zakopane.pl\/zlote-kierpce-2021\/?p=790"},"modified":"2021-05-07T07:38:49","modified_gmt":"2021-05-07T05:38:49","slug":"mali-maniowianie-im-ks-antoniego-siudy","status":"publish","type":"post","link":"http:\/\/archiwum.festiwale.zakopane.pl\/zlote-kierpce\/2021\/05\/07\/mali-maniowianie-im-ks-antoniego-siudy\/","title":{"rendered":"\u201eMali Maniowianie\u201d im. ks. Antoniego Siudy"},"content":{"rendered":"<p>\u201eMali Maniowianie\u201d im. ks. Antoniego Siudy to zesp\u00f3\u0142 regionalny, kt\u00f3ry powsta\u0142 w 2 lutego 1994 roku z inicjatywy \u00f3wczesnego w\u00f3jta gminy Czorsztyn Stanis\u0142awa Wojtaszka. Pierwszymi instruktorami zespo\u0142u zostali znani na Podhalu dzia\u0142acze Zwi\u0105zku Podhalan Maria i J\u00f3zef Staszel z Nowego Targu. Zesp\u00f3\u0142 przyj\u0105\u0142 nazw\u0119 &#8222;Mali Maniowianie&#8221;, a za patrona obra\u0142 sobie zmar\u0142ego w 1992 roku d\u0142ugoletniego proboszcza parafii Maniowy \u015bp. ks. Antoniego Siud\u0119.<\/p>\n<p>Do zespo\u0142u nale\u017cy 60 dzieci od 4 do 16 roku \u017cycia g\u0142\u00f3wnie z Mani\u00f3w ale s\u0105 tez dzieci z Mizernej z Kluszkowiec, z Czorsztyna i z Huby. Zesp\u00f3\u0142 w swojej 27 letniej dzia\u0142alno\u015bci ma opracowanych wiele program\u00f3w i scenek obyczajowych m.in. Jase\u0142ka G\u00f3ralskie, Kol\u0119dnicy, Konkurs Jod\u0142a G\u00f3ralskiego, Ha\u0142damas, Polywacka, Na polanie przy pasyniu, Weseke g\u00f3ralskie, Sk\u0142adacka, Zabawy przy Dunajcu, Jak si\u0119 downij dzieci bawi\u0142y i inne. W roku 2010 Pa\u0144stwo Staszel przekazali prowadzenie zespo\u0142u swojej wychowance Katarzynie Dobrzy\u0144skiej i Stanis\u0142awowi G\u0105sienicy. W tym te\u017c roku Mali Maniowianie wznowili dawn\u0105 tradycj\u0119 maniowskich kol\u0119dnik\u00f3w. W 2013 roku zmar\u0142a nasza wieloletnia instruktorka pani Maria Staszel, a w 2015 instruktor muzyki pana Stanis\u0142awa G\u0105sienica. Obecnie zesp\u00f3\u0142 prowadzi Katarzyna Dobrzy\u0144ska- absolwentka III studium folklorystycznego przy MCK Sok\u00f3\u0142, pedagog animator kultury wraz z instruktorem ta\u0144ca m\u0119skiego Mateuszem Bu\u0142\u0105- pedagogiem wychowankiem i by\u0142ym instruktorem zespo\u0142u Skalni przy Akademii Rolniczej w Krakowie.<\/p>\n<p>Przy zespole dzia\u0142a szk\u00f3\u0142ka gry na instrumentach ludowych jak i na instrumentach pasterskich, kt\u00f3r\u0105 prowadzi Katarzyna Dobrzy\u0144ska, dzieci pokocha\u0142y gr\u0119 na tych instrumentach wielu z nich jest laureatami r\u00f3\u017cnych konkurs\u00f3w muzyki ludowej.<\/p>\n<p>Mali Maniowianie bior\u0105 udzia\u0142 w licznych konkursach oraz wyst\u0119puj\u0105 cz\u0119sto przy okazji uroczysto\u015bci ko\u015bcielnych, wiejskich lub gminnych. Regularnie wyje\u017cd\u017caj\u0105 te\u017c na festiwale folklorystyczne, te polskie i te zagraniczne. Byli ju\u017c w Nowym S\u0105czu, Rabce, Zakopanem, Macedonii S\u0142owacji, Ukrainie. Co roku bior\u0105 udzia\u0142 w konkursach i przegl\u0105dach regionalnych m.in. \u201eNuta Dunajca\u201d, \u201eG\u00f3ralskie serce\u201d,\u201dKonkurs Muzyk Podhala\u0144skich\u201d \u201eKonkurs m\u0142odych toniecnik\u00f3w i \u015bpiywok\u00f3w g\u00f3ralskich\u201d, Konkurs gaw\u0119dziarzy i recytator\u00f3w g\u00f3ralskich, zdobywaj\u0105c nagrody i wyr\u00f3\u017cnienia.<\/p>\n<p>W pracy zespo\u0142u wprowadzane s\u0105 r\u00f3\u017cne programy o tre\u015bci obyczajowej, okazjonalnej, zwyczajowej zwi\u0105zane z \u017cyciem regionu i jego tradycjami, przede wszystkim zwi\u0105zane z \u017cyciem dawnej wsi Maniowy, kt\u00f3ra zosta\u0142a ca\u0142kowicie zatopiona pod tafl\u0105 jeziora. Zesp\u00f3\u0142 Dzia\u0142a przy Centrum Kultury Gminy Czorsztyn jest najaktywniej dzia\u0142aj\u0105cym zespo\u0142em w gminie, wsp\u00f3\u0142pracuje z wszystkimi organizacjami spo\u0142ecznymi dzia\u0142aj\u0105cymi nie tylko we wsi ale r\u00f3wnie\u017c w gminie Czorsztyn, aktywnie w\u0142\u0105cza si\u0119 do organizacji r\u00f3\u017cnego rodzaju przedsi\u0119wzi\u0119\u0107 i projekt\u00f3w. Doro\u015bli wychowankowie zespo\u0142u cz\u0119sto s\u0105 cz\u0142onkami r\u00f3\u017cnych organizacji spo\u0142ecznych np. OSP czy Ko\u0142o Gospody\u0144 Wiejskich.<\/p>\n<p>Zesp\u00f3\u0142 regionalny to nie tylko nauka ta\u0144ca i \u015bpiewu to tak\u017ce wychowanie dzieci w duchu tradycji naszych przodk\u00f3w, dbamy o to aby nasza tradycja dawnej wsi dzisiaj zatopionej na dnie jeziora czorszty\u0144skiego by\u0142a wci\u0105\u017c \u017cywa, aby poznawa\u0142y j\u0105 m\u0142odsze pokolenia. Wa\u017cnym czynnikiem kt\u00f3ry ma znaczenie w dzia\u0142alno\u015bci zespo\u0142u jest zachowanie w\u0142asnej to\u017csamo\u015bci zar\u00f3wno tej ma\u0142ej ojczyzny jak i Polski, co wzmacnia atrakcyjno\u015b\u0107 naszego regionu i rozbudza w dzieciach mi\u0142o\u015b\u0107 do regionu i ojczyzny.<\/p>\n","protected":false},"excerpt":{"rendered":"<p>\u201eMali Maniowianie\u201d im. ks. Antoniego Siudy to zesp\u00f3\u0142 regionalny, kt\u00f3ry powsta\u0142 w 2 lutego 1994 [&hellip;]<\/p>\n","protected":false},"author":7,"featured_media":791,"comment_status":"closed","ping_status":"closed","sticky":false,"template":"","format":"standard","meta":[],"categories":[1],"tags":[],"acf":[],"_links":{"self":[{"href":"http:\/\/archiwum.festiwale.zakopane.pl\/zlote-kierpce\/wp-json\/wp\/v2\/posts\/790"}],"collection":[{"href":"http:\/\/archiwum.festiwale.zakopane.pl\/zlote-kierpce\/wp-json\/wp\/v2\/posts"}],"about":[{"href":"http:\/\/archiwum.festiwale.zakopane.pl\/zlote-kierpce\/wp-json\/wp\/v2\/types\/post"}],"author":[{"embeddable":true,"href":"http:\/\/archiwum.festiwale.zakopane.pl\/zlote-kierpce\/wp-json\/wp\/v2\/users\/7"}],"replies":[{"embeddable":true,"href":"http:\/\/archiwum.festiwale.zakopane.pl\/zlote-kierpce\/wp-json\/wp\/v2\/comments?post=790"}],"version-history":[{"count":1,"href":"http:\/\/archiwum.festiwale.zakopane.pl\/zlote-kierpce\/wp-json\/wp\/v2\/posts\/790\/revisions"}],"predecessor-version":[{"id":792,"href":"http:\/\/archiwum.festiwale.zakopane.pl\/zlote-kierpce\/wp-json\/wp\/v2\/posts\/790\/revisions\/792"}],"wp:featuredmedia":[{"embeddable":true,"href":"http:\/\/archiwum.festiwale.zakopane.pl\/zlote-kierpce\/wp-json\/wp\/v2\/media\/791"}],"wp:attachment":[{"href":"http:\/\/archiwum.festiwale.zakopane.pl\/zlote-kierpce\/wp-json\/wp\/v2\/media?parent=790"}],"wp:term":[{"taxonomy":"category","embeddable":true,"href":"http:\/\/archiwum.festiwale.zakopane.pl\/zlote-kierpce\/wp-json\/wp\/v2\/categories?post=790"},{"taxonomy":"post_tag","embeddable":true,"href":"http:\/\/archiwum.festiwale.zakopane.pl\/zlote-kierpce\/wp-json\/wp\/v2\/tags?post=790"}],"curies":[{"name":"wp","href":"https:\/\/api.w.org\/{rel}","templated":true}]}}