{"id":784,"date":"2021-05-07T07:35:40","date_gmt":"2021-05-07T05:35:40","guid":{"rendered":"https:\/\/festiwale.zakopane.pl\/zlote-kierpce-2021\/?p=784"},"modified":"2021-05-07T07:35:40","modified_gmt":"2021-05-07T05:35:40","slug":"zawaternik","status":"publish","type":"post","link":"http:\/\/archiwum.festiwale.zakopane.pl\/zlote-kierpce\/2021\/05\/07\/zawaternik\/","title":{"rendered":"&#8222;Zawaternik&#8221;"},"content":{"rendered":"<p>\u201eZawaternik\u201d powsta\u0142 w 1983 roku przy Szkole Podstawowej w Le\u015bnicy. Za\u0142o\u017cycielem i kierownikiem zespo\u0142u jest Maria Dudek. Nazwa \u201eZawaternik\u201d oznacza wiecznie tl\u0105cy si\u0119 w palenisku kawa\u0142ek drewna, z kt\u00f3rego dawniej rozdmuchiwano watr\u0119. Zesp\u00f3\u0142 prezentuje autentyczny \u015bpiew, taniec i muzyk\u0119 g\u00f3rali podhala\u0144skich. Kultywuje rodzim\u0105 tradycj\u0119, odkrywaj\u0105c pi\u0119kno swojego regionu poprzez gwar\u0119, taniec, \u015bpiew, dawne zwyczaje i zabawy dzieci\u0119ce.\u00a0 Programy zespo\u0142u oparte s\u0105 na radosnych, spontanicznych grach i zabawach dzieci\u0119cych przeplatanych \u015bpiewem i ta\u0144cem g\u00f3ralskim \u2013 taniec solowy, juhaski, zb\u00f3jnicki.\u00a0 \u201eZawaternik\u201d bierze udzia\u0142 w r\u00f3\u017cnych imprezach, konkursach, przegl\u0105dach, festiwalach na terenie Podhala, Polski i Europy, zdobywaj\u0105c wiele najwy\u017cszych nagr\u00f3d i wyr\u00f3\u017cnie\u0144.<\/p>\n<p>Zesp\u00f3\u0142 bra\u0142 udzia\u0142 m.in.:<\/p>\n<ul>\n<li>Karpackim Festiwalu Zespo\u0142\u00f3w Regionalnych w Rabce<\/li>\n<li>Mi\u0119dzynarodowym Festiwalu Zespo\u0142\u00f3w Regionalnych \u201e\u015awi\u0119to Dzieci G\u00f3r\u201d w Nowym S\u0105czu<\/li>\n<li>Mi\u0119dzynarodowym Dzieci\u0119cym Festiwalu Folkloru w Zielonej G\u00f3rze<\/li>\n<li>Og\u00f3lnopolskim Festiwalu Zespo\u0142\u00f3w Tanecznych Dzieci i M\u0142odzie\u017cy Szkolnej w Gorzowie Wielkopolskim<\/li>\n<li>Og\u00f3lnopolskim Festiwalu Kol\u0119d i Pastora\u0142ek w B\u0119dzinie<\/li>\n<li>Archidiecezjalnym Konkursie Kol\u0119d i Pastora\u0142ek w Zakopanem<\/li>\n<li>Og\u00f3lnopolskich Spotkaniach Zespo\u0142\u00f3w Artystycznych Mniejszo\u015bci Narodowych i Etnicznych \u201e\u0179r\u00f3d\u0142o\u201d w Dobrodzieniu<\/li>\n<li>Festiwalu Folkloru Polskiego \u201eSaba\u0142owe Bajania\u201d w Bukowinie Tatrza\u0144skiej<\/li>\n<li>Mi\u0119dzynarodowym Festiwalu \u201eBydgoskie Impresje Muzyczne\u201d w Bydgoszczy<\/li>\n<li>Mi\u0119dzykulturowym Przegl\u0105dzie Zespo\u0142\u00f3w Regionalnych w D\u0105browie G\u00f3rniczej<\/li>\n<li>Og\u00f3lnopolskim Festiwalu \u201eDziecko w folklorze\u201d w Baranowie Sandomierskim<\/li>\n<li>Konkursie M\u0142odyk Tonecnik\u00f3w w Bia\u0142ym Dunajcu<\/li>\n<li>K\u00f3rnickim P\u00f3\u0142maratonie Papieskim w K\u00f3rniku<\/li>\n<li>Tatrza\u0144skim Festiwalu Zespo\u0142\u00f3w G\u00f3ralskich \u201eZ\u0142ote Kierpce\u201d w Zakopanem<\/li>\n<li>Mi\u0119dzynarodowym Festiwalu Piosenki Religijnej w Skaryszewie<\/li>\n<li>Festiwalu Kwiat\u00f3w w Albigowej<\/li>\n<li>Przeziyracce M\u0142odyk Tonecnik\u00f3w i \u015apiywok\u00f3w G\u00f3ralskich w Ratu\u0142owie<\/li>\n<li>Galicyjskim Jarmarku Adwentowym w Krakowie<\/li>\n<\/ul>\n<p>Wyjazdy za granic\u0119:<\/p>\n<ul>\n<li>Mi\u0119dzynarodowy Festiwal EISTEDDFOD w Langollen, Wielka Brytania<\/li>\n<li>\u015awiatowa Folkloriada CIOFF w Brunssum, Holandia<\/li>\n<li>Mi\u0119dzynarodowy Festiwal Ch\u00f3r\u00f3w w Atenach, Grecja<\/li>\n<li>Europejski Festiwal M\u0142odych w Neerpelt, Belgia<\/li>\n<li>\u015awiatowy Festiwal M\u0142odych w Gannat, Francja<\/li>\n<li>Festiwal Wiosny w Budapeszcie, W\u0119gry<\/li>\n<li>Goralskie Slavnosti w Zdiarze, S\u0142owacja<\/li>\n<li>Mi\u0119dzynarodowy Festiwal Folkloru CIOFF w Kuzniecowsku, Ukraina<\/li>\n<li>Mi\u0119dzynarodowy Festiwal Wielkanocny w Havirov, Czechy<\/li>\n<li>Mi\u0119dzynarodowy Festiwal \u201eSpotkanie Przyjaci\u00f3\u0142\u201d w Trenciaska Turna, S\u0142owacja<\/li>\n<li>Festiwal \u201eNa G\u00f3ralsk\u0105 Nut\u0119\u201d w Chicago, USA<\/li>\n<li>Mi\u0119dzynarodowy Festiwal w Jelencu, S\u0142owacja<\/li>\n<\/ul>\n<p>\u201eZawaternik\u201d wyst\u0119puje na scenach w kraju i za granic\u0105. Bra\u0142 udzia\u0142 w kilku programach radiowych i telewizyjnych. Nagra\u0142 2 kasety i p\u0142yty. Aktywnie uczestniczy w \u017cyciu kulturalnym i ko\u015bcielnym swojej miejscowo\u015bci, u\u015bwietniaj\u0105c imprezy odbywaj\u0105ce si\u0119 w Le\u015bnicy \u2013 Groniu.<\/p>\n<p>&nbsp;<\/p>\n<p>&nbsp;<\/p>\n<p>&nbsp;<\/p>\n<p>&nbsp;<\/p>\n<p>&nbsp;<\/p>\n","protected":false},"excerpt":{"rendered":"<p>\u201eZawaternik\u201d powsta\u0142 w 1983 roku przy Szkole Podstawowej w Le\u015bnicy. Za\u0142o\u017cycielem i kierownikiem zespo\u0142u jest [&hellip;]<\/p>\n","protected":false},"author":7,"featured_media":785,"comment_status":"closed","ping_status":"closed","sticky":false,"template":"","format":"standard","meta":[],"categories":[1],"tags":[],"acf":[],"_links":{"self":[{"href":"http:\/\/archiwum.festiwale.zakopane.pl\/zlote-kierpce\/wp-json\/wp\/v2\/posts\/784"}],"collection":[{"href":"http:\/\/archiwum.festiwale.zakopane.pl\/zlote-kierpce\/wp-json\/wp\/v2\/posts"}],"about":[{"href":"http:\/\/archiwum.festiwale.zakopane.pl\/zlote-kierpce\/wp-json\/wp\/v2\/types\/post"}],"author":[{"embeddable":true,"href":"http:\/\/archiwum.festiwale.zakopane.pl\/zlote-kierpce\/wp-json\/wp\/v2\/users\/7"}],"replies":[{"embeddable":true,"href":"http:\/\/archiwum.festiwale.zakopane.pl\/zlote-kierpce\/wp-json\/wp\/v2\/comments?post=784"}],"version-history":[{"count":1,"href":"http:\/\/archiwum.festiwale.zakopane.pl\/zlote-kierpce\/wp-json\/wp\/v2\/posts\/784\/revisions"}],"predecessor-version":[{"id":786,"href":"http:\/\/archiwum.festiwale.zakopane.pl\/zlote-kierpce\/wp-json\/wp\/v2\/posts\/784\/revisions\/786"}],"wp:featuredmedia":[{"embeddable":true,"href":"http:\/\/archiwum.festiwale.zakopane.pl\/zlote-kierpce\/wp-json\/wp\/v2\/media\/785"}],"wp:attachment":[{"href":"http:\/\/archiwum.festiwale.zakopane.pl\/zlote-kierpce\/wp-json\/wp\/v2\/media?parent=784"}],"wp:term":[{"taxonomy":"category","embeddable":true,"href":"http:\/\/archiwum.festiwale.zakopane.pl\/zlote-kierpce\/wp-json\/wp\/v2\/categories?post=784"},{"taxonomy":"post_tag","embeddable":true,"href":"http:\/\/archiwum.festiwale.zakopane.pl\/zlote-kierpce\/wp-json\/wp\/v2\/tags?post=784"}],"curies":[{"name":"wp","href":"https:\/\/api.w.org\/{rel}","templated":true}]}}