{"id":779,"date":"2021-05-07T07:25:17","date_gmt":"2021-05-07T05:25:17","guid":{"rendered":"https:\/\/festiwale.zakopane.pl\/zlote-kierpce-2021\/?p=779"},"modified":"2021-05-10T10:28:15","modified_gmt":"2021-05-10T08:28:15","slug":"zapraszamy-serdecznie","status":"publish","type":"post","link":"http:\/\/archiwum.festiwale.zakopane.pl\/zlote-kierpce\/2021\/05\/07\/zapraszamy-serdecznie\/","title":{"rendered":"Zapraszamy serdecznie!!!!"},"content":{"rendered":"<p>Burmistrz Miasta Zakopane Leszek Dorula zaprasza na XII Tatrza\u0144ski Festiwal Zespo\u0142\u00f3w G\u00f3ralskich Z\u0142ote Kierpce, kt\u00f3ry odb\u0119dzie si\u0119 w dniu 8 maja 2021 r. w Kinie Giewont.<\/p>\n<p>Organizacja tego wydarzenia ma niebagatelny wp\u0142yw na kszta\u0142towanie m\u0142odego pokolenia g\u00f3rali i co roku spotyka si\u0119 z wielk\u0105 aprobat\u0105 \u015brodowisk regionalnych, animator\u00f3w kultury i ludzi, kt\u00f3rym zale\u017cy na mi\u0119dzypokoleniowym przekazie tradycji naszych ojc\u00f3w. G\u00f3ralska m\u0142odzie\u017c, wiedz\u0119 o swoim regionie i tradycjach, poznaje w znacznej mierze w\u0142a\u015bnie w zespo\u0142ach regionalnych. Podczas festiwalu, g\u00f3ralskie dzieci\u0119ce i m\u0142odzie\u017cowe zespo\u0142y, rywalizuj\u0105 o g\u0142\u00f3wne trofea, statuetki Z\u0141OTE, SREBRNE i BR\u0104ZOWE KIERPCE. \u00a0Odbywaj\u0105cy si\u0119 od 2010 roku Festiwal ma charakter przegl\u0105du konkursowego i stanowi eliminacje do Karpackiego Festiwalu Dzieci\u0119cych Zespo\u0142\u00f3w Regionalnych w Rabce-Zdroju, do kt\u00f3rego zakwalifikowane zostaj\u0105 najlepsze zespo\u0142y wy\u0142onione przez jury. W Festiwalu mog\u0105 wzi\u0105\u0107 udzia\u0142 dzieci\u0119ce zespo\u0142y regionalne prezentuj\u0105ce folklor g\u00f3rali podhala\u0144skich. Zespo\u0142y s\u0105 zg\u0142aszane w dw\u00f3ch kategoriach wiekowych: 6-14 lat i 14-18 lat (wyj\u0105tkowo w widowiskach mog\u0105 wyst\u0105pi\u0107 osoby doros\u0142e graj\u0105ce role os\u00f3b starszych). Zwyci\u0119skie grupy wyst\u0105pi\u0105 r\u00f3wnie\u017c 14 sierpnia na 52 Mi\u0119dzynarodowym Festiwalu Folkloru Ziem G\u00f3rskich w Zakopanem podczas Koncertu Mali G\u00f3rale.<\/p>\n<p>Podczas Festiwalu Z\u0142ote Kierpce widzowie mog\u0105 ogl\u0105da\u0107 wyst\u0119py zg\u0142oszonych grup, oparte na tradycyjnym folklorze, zwyczajach, tradycjach lub scenach rodzajowych. Grupy dzieci\u0119ce prezentuj\u0105 w trakcie widowiska ludowe gry i zabawy, natomiast grupy m\u0142odzie\u017cowe poruszaj\u0105 tematyk\u0119 pastersk\u0105, zalotn\u0105 i obrz\u0119dow\u0105. Festiwal corocznie poprzedza roz\u015bpiewany korow\u00f3d uczestnik\u00f3w, kt\u00f3rzy przechodz\u0105 ulic\u0105 Krup\u00f3wki.<\/p>\n<p>Dotychczasowymi laureatami Z\u0142otych Kierpiec by\u0142y zespo\u0142y mi\u0119dzy innymi: \u201eZornica\u201d z TCKiS Jutrzenka z Zakopanego,\u00a0 \u201eTatry\u201d z Ratu\u0142owa, \u201eMa\u0142e Regle\u201d z Poronina, \u201eMali \u015awarni\u201d z Nowego Targu,\u00a0 \u201eMali Hamernicy\u201d z Krakowa, \u201eMali Wiyrchowianie\u201d z Bukowiny Tatrza\u0144skiej, \u201eMajeranki\u201d z Chab\u00f3wki, \u201eMali Bia\u0142canie z Bia\u0142ki Tatrza\u0144skiej, \u201eM\u0142odzi \u0141opu\u015bnianie\u201d z \u0141opusznej, \u201eMa\u0142y Zb\u00f3jnicek\u201d z Z\u0119bu.<\/p>\n<p>Tegorocznymi Partnerami Festiwalu s\u0105: Starostwo Powiatowe w Zakopanem, Tatrza\u0144ski Park Narodowy, Polskie Tatry S.A., Aqua Park Zakopane, Zwi\u0105zek Podhalan Oddzia\u0142 Zakopane, Kino Giewont, Ma\u0142opolskie Centrum Kultury \u201eSok\u00f3\u0142\u201d w Nowym S\u0105czu.<\/p>\n<p>Patronat medialny nad wydarzeniem obj\u0119li: Polskie Radio, TVP3 Krak\u00f3w, Radio Krak\u00f3w, Pismo Folkowe, Etnosystem.pl, G\u00f3ral.info, Podhale24.pl, Ma\u0142opolska online oraz Watra.pl<\/p>\n","protected":false},"excerpt":{"rendered":"<p>Burmistrz Miasta Zakopane Leszek Dorula zaprasza na XII Tatrza\u0144ski Festiwal Zespo\u0142\u00f3w G\u00f3ralskich Z\u0142ote Kierpce, kt\u00f3ry [&hellip;]<\/p>\n","protected":false},"author":7,"featured_media":771,"comment_status":"closed","ping_status":"closed","sticky":false,"template":"","format":"standard","meta":[],"categories":[1],"tags":[],"acf":[],"_links":{"self":[{"href":"http:\/\/archiwum.festiwale.zakopane.pl\/zlote-kierpce\/wp-json\/wp\/v2\/posts\/779"}],"collection":[{"href":"http:\/\/archiwum.festiwale.zakopane.pl\/zlote-kierpce\/wp-json\/wp\/v2\/posts"}],"about":[{"href":"http:\/\/archiwum.festiwale.zakopane.pl\/zlote-kierpce\/wp-json\/wp\/v2\/types\/post"}],"author":[{"embeddable":true,"href":"http:\/\/archiwum.festiwale.zakopane.pl\/zlote-kierpce\/wp-json\/wp\/v2\/users\/7"}],"replies":[{"embeddable":true,"href":"http:\/\/archiwum.festiwale.zakopane.pl\/zlote-kierpce\/wp-json\/wp\/v2\/comments?post=779"}],"version-history":[{"count":1,"href":"http:\/\/archiwum.festiwale.zakopane.pl\/zlote-kierpce\/wp-json\/wp\/v2\/posts\/779\/revisions"}],"predecessor-version":[{"id":780,"href":"http:\/\/archiwum.festiwale.zakopane.pl\/zlote-kierpce\/wp-json\/wp\/v2\/posts\/779\/revisions\/780"}],"wp:featuredmedia":[{"embeddable":true,"href":"http:\/\/archiwum.festiwale.zakopane.pl\/zlote-kierpce\/wp-json\/wp\/v2\/media\/771"}],"wp:attachment":[{"href":"http:\/\/archiwum.festiwale.zakopane.pl\/zlote-kierpce\/wp-json\/wp\/v2\/media?parent=779"}],"wp:term":[{"taxonomy":"category","embeddable":true,"href":"http:\/\/archiwum.festiwale.zakopane.pl\/zlote-kierpce\/wp-json\/wp\/v2\/categories?post=779"},{"taxonomy":"post_tag","embeddable":true,"href":"http:\/\/archiwum.festiwale.zakopane.pl\/zlote-kierpce\/wp-json\/wp\/v2\/tags?post=779"}],"curies":[{"name":"wp","href":"https:\/\/api.w.org\/{rel}","templated":true}]}}