{"id":327,"date":"2021-08-02T14:01:00","date_gmt":"2021-08-02T12:01:00","guid":{"rendered":"https:\/\/festiwale.zakopane.pl\/festiwal-organowy\/?p=327"},"modified":"2021-08-02T14:01:00","modified_gmt":"2021-08-02T12:01:00","slug":"sobotni-wieczor-pelen-muzycznych-doznan","status":"publish","type":"post","link":"http:\/\/archiwum.festiwale.zakopane.pl\/festiwal-organowy\/2021\/08\/02\/sobotni-wieczor-pelen-muzycznych-doznan\/","title":{"rendered":"Sobotni wiecz\u00f3r pe\u0142en muzycznych dozna\u0144"},"content":{"rendered":"<p><span class=\"tojvnm2t\"><strong>D\u017awi\u0119ki muzyki organowej, \u015bpiewy chora\u0142u gregoria\u0144skiego oraz licznie zgromadzona publiczno\u015b\u0107 u\u015bwietni\u0142y koncert w ramach jubileuszowego 20. Mi\u0119dzynarodowego Festiwalu Muzyki Organowej i Kameralnej organizowanego przez Miasto Zakopane oraz Zakopia\u0144skie Centrum Kultury.<\/strong><\/p>\n<p><\/span><\/p>\n<p><span class=\"tojvnm2t\">W sobot\u0119 31 lipca w Sanktuarium Naj\u015bwi\u0119tszej Rodziny odby\u0142 si\u0119 koncert w ramach tegorocznej edycji Festiwalu. Podczas wydarzenia mogli\u015bmy pos\u0142ucha\u0107 Micha\u0142a Markuszewskiego oraz \u017ce\u0144skiego zespo\u0142u wokalnego Flores Rosarum. Licznie zgromadzona publiczno\u015b\u0107 wys\u0142ucha\u0142a utwor\u00f3w m.in Trompet Tunein C \u2013 major, antyfony Alma redemptoris Mater , improwizacji organowych czy hymnu zamykaj\u0105cych Ave Maris Stella. S\u0142owo wst\u0119pne wyg\u0142osi\u0142 Dyrektor Artystyczny Festiwalu Rafa\u0142 Monita, Dyrektor Zakopia\u0144skiego Centrum Kultury Beata Majcher , a w imieniu Burmistrza Miasta Zakopane obecnym Artystom, Go\u015bciom, wszystkim osobom zwi\u0105zanym z Festiwalem przez ostatnie dwadzie\u015bcia lat oraz tym zaanga\u017cowanych obecnie w jego realizacj\u0119 podzi\u0119kowa\u0142a Joanna Staszak \u2013 Naczelnik Wydzia\u0142u Kultury Urz\u0119du Miasta. Zapraszamy do obejrzenia materia\u0142u filmowego zarejestrowanego podczas koncertu oraz galerii zdj\u0119\u0107.<\/span><\/p>\n<p>&nbsp;<\/p>\n<p><img loading=\"lazy\" class=\"alignnone size-medium wp-image-323\" src=\"http:\/\/archiwum.festiwale.zakopane.pl\/festiwal-organowy\/wp-content\/uploads\/sites\/5\/2021\/08\/DSC_4039-300x200.jpg\" alt=\"\" width=\"300\" height=\"200\" srcset=\"http:\/\/archiwum.festiwale.zakopane.pl\/festiwal-organowy\/wp-content\/uploads\/sites\/5\/2021\/08\/DSC_4039-300x200.jpg 300w, http:\/\/archiwum.festiwale.zakopane.pl\/festiwal-organowy\/wp-content\/uploads\/sites\/5\/2021\/08\/DSC_4039-1024x684.jpg 1024w, http:\/\/archiwum.festiwale.zakopane.pl\/festiwal-organowy\/wp-content\/uploads\/sites\/5\/2021\/08\/DSC_4039-768x513.jpg 768w, http:\/\/archiwum.festiwale.zakopane.pl\/festiwal-organowy\/wp-content\/uploads\/sites\/5\/2021\/08\/DSC_4039-1536x1025.jpg 1536w, http:\/\/archiwum.festiwale.zakopane.pl\/festiwal-organowy\/wp-content\/uploads\/sites\/5\/2021\/08\/DSC_4039-2048x1367.jpg 2048w\" sizes=\"(max-width: 300px) 100vw, 300px\" \/> <img loading=\"lazy\" class=\"alignnone size-medium wp-image-322\" src=\"http:\/\/archiwum.festiwale.zakopane.pl\/festiwal-organowy\/wp-content\/uploads\/sites\/5\/2021\/08\/DSC_4038-300x200.jpg\" alt=\"\" width=\"300\" height=\"200\" srcset=\"http:\/\/archiwum.festiwale.zakopane.pl\/festiwal-organowy\/wp-content\/uploads\/sites\/5\/2021\/08\/DSC_4038-300x200.jpg 300w, http:\/\/archiwum.festiwale.zakopane.pl\/festiwal-organowy\/wp-content\/uploads\/sites\/5\/2021\/08\/DSC_4038-1024x684.jpg 1024w, http:\/\/archiwum.festiwale.zakopane.pl\/festiwal-organowy\/wp-content\/uploads\/sites\/5\/2021\/08\/DSC_4038-768x513.jpg 768w, http:\/\/archiwum.festiwale.zakopane.pl\/festiwal-organowy\/wp-content\/uploads\/sites\/5\/2021\/08\/DSC_4038-1536x1025.jpg 1536w, http:\/\/archiwum.festiwale.zakopane.pl\/festiwal-organowy\/wp-content\/uploads\/sites\/5\/2021\/08\/DSC_4038-2048x1367.jpg 2048w\" sizes=\"(max-width: 300px) 100vw, 300px\" \/> <img loading=\"lazy\" class=\"alignnone size-medium wp-image-321\" src=\"http:\/\/archiwum.festiwale.zakopane.pl\/festiwal-organowy\/wp-content\/uploads\/sites\/5\/2021\/08\/DSC_4036-300x200.jpg\" alt=\"\" width=\"300\" height=\"200\" srcset=\"http:\/\/archiwum.festiwale.zakopane.pl\/festiwal-organowy\/wp-content\/uploads\/sites\/5\/2021\/08\/DSC_4036-300x200.jpg 300w, http:\/\/archiwum.festiwale.zakopane.pl\/festiwal-organowy\/wp-content\/uploads\/sites\/5\/2021\/08\/DSC_4036-1024x684.jpg 1024w, http:\/\/archiwum.festiwale.zakopane.pl\/festiwal-organowy\/wp-content\/uploads\/sites\/5\/2021\/08\/DSC_4036-768x513.jpg 768w, http:\/\/archiwum.festiwale.zakopane.pl\/festiwal-organowy\/wp-content\/uploads\/sites\/5\/2021\/08\/DSC_4036-1536x1025.jpg 1536w, http:\/\/archiwum.festiwale.zakopane.pl\/festiwal-organowy\/wp-content\/uploads\/sites\/5\/2021\/08\/DSC_4036-2048x1367.jpg 2048w\" sizes=\"(max-width: 300px) 100vw, 300px\" \/><img loading=\"lazy\" class=\"alignnone size-medium wp-image-325\" src=\"http:\/\/archiwum.festiwale.zakopane.pl\/festiwal-organowy\/wp-content\/uploads\/sites\/5\/2021\/08\/DSC_4045-300x200.jpg\" alt=\"\" width=\"300\" height=\"200\" srcset=\"http:\/\/archiwum.festiwale.zakopane.pl\/festiwal-organowy\/wp-content\/uploads\/sites\/5\/2021\/08\/DSC_4045-300x200.jpg 300w, http:\/\/archiwum.festiwale.zakopane.pl\/festiwal-organowy\/wp-content\/uploads\/sites\/5\/2021\/08\/DSC_4045-1024x684.jpg 1024w, http:\/\/archiwum.festiwale.zakopane.pl\/festiwal-organowy\/wp-content\/uploads\/sites\/5\/2021\/08\/DSC_4045-768x513.jpg 768w, http:\/\/archiwum.festiwale.zakopane.pl\/festiwal-organowy\/wp-content\/uploads\/sites\/5\/2021\/08\/DSC_4045-1536x1025.jpg 1536w, http:\/\/archiwum.festiwale.zakopane.pl\/festiwal-organowy\/wp-content\/uploads\/sites\/5\/2021\/08\/DSC_4045-2048x1367.jpg 2048w\" sizes=\"(max-width: 300px) 100vw, 300px\" \/><img loading=\"lazy\" class=\"alignnone size-medium wp-image-324\" src=\"http:\/\/archiwum.festiwale.zakopane.pl\/festiwal-organowy\/wp-content\/uploads\/sites\/5\/2021\/08\/DSC_4043-300x200.jpg\" alt=\"\" width=\"300\" height=\"200\" srcset=\"http:\/\/archiwum.festiwale.zakopane.pl\/festiwal-organowy\/wp-content\/uploads\/sites\/5\/2021\/08\/DSC_4043-300x200.jpg 300w, http:\/\/archiwum.festiwale.zakopane.pl\/festiwal-organowy\/wp-content\/uploads\/sites\/5\/2021\/08\/DSC_4043-1024x684.jpg 1024w, http:\/\/archiwum.festiwale.zakopane.pl\/festiwal-organowy\/wp-content\/uploads\/sites\/5\/2021\/08\/DSC_4043-768x513.jpg 768w, http:\/\/archiwum.festiwale.zakopane.pl\/festiwal-organowy\/wp-content\/uploads\/sites\/5\/2021\/08\/DSC_4043-1536x1025.jpg 1536w, http:\/\/archiwum.festiwale.zakopane.pl\/festiwal-organowy\/wp-content\/uploads\/sites\/5\/2021\/08\/DSC_4043-2048x1367.jpg 2048w\" sizes=\"(max-width: 300px) 100vw, 300px\" \/> <img loading=\"lazy\" class=\"alignnone size-medium wp-image-320\" src=\"http:\/\/archiwum.festiwale.zakopane.pl\/festiwal-organowy\/wp-content\/uploads\/sites\/5\/2021\/08\/DSC_4028-300x200.jpg\" alt=\"\" width=\"300\" height=\"200\" srcset=\"http:\/\/archiwum.festiwale.zakopane.pl\/festiwal-organowy\/wp-content\/uploads\/sites\/5\/2021\/08\/DSC_4028-300x200.jpg 300w, http:\/\/archiwum.festiwale.zakopane.pl\/festiwal-organowy\/wp-content\/uploads\/sites\/5\/2021\/08\/DSC_4028-1024x684.jpg 1024w, http:\/\/archiwum.festiwale.zakopane.pl\/festiwal-organowy\/wp-content\/uploads\/sites\/5\/2021\/08\/DSC_4028-768x513.jpg 768w, http:\/\/archiwum.festiwale.zakopane.pl\/festiwal-organowy\/wp-content\/uploads\/sites\/5\/2021\/08\/DSC_4028-1536x1025.jpg 1536w, http:\/\/archiwum.festiwale.zakopane.pl\/festiwal-organowy\/wp-content\/uploads\/sites\/5\/2021\/08\/DSC_4028-2048x1367.jpg 2048w\" sizes=\"(max-width: 300px) 100vw, 300px\" \/> <img loading=\"lazy\" class=\"alignnone size-medium wp-image-317\" src=\"http:\/\/archiwum.festiwale.zakopane.pl\/festiwal-organowy\/wp-content\/uploads\/sites\/5\/2021\/08\/DSC_4016-200x300.jpg\" alt=\"\" width=\"200\" height=\"300\" srcset=\"http:\/\/archiwum.festiwale.zakopane.pl\/festiwal-organowy\/wp-content\/uploads\/sites\/5\/2021\/08\/DSC_4016-200x300.jpg 200w, http:\/\/archiwum.festiwale.zakopane.pl\/festiwal-organowy\/wp-content\/uploads\/sites\/5\/2021\/08\/DSC_4016-684x1024.jpg 684w, http:\/\/archiwum.festiwale.zakopane.pl\/festiwal-organowy\/wp-content\/uploads\/sites\/5\/2021\/08\/DSC_4016-768x1151.jpg 768w, http:\/\/archiwum.festiwale.zakopane.pl\/festiwal-organowy\/wp-content\/uploads\/sites\/5\/2021\/08\/DSC_4016-1025x1536.jpg 1025w, http:\/\/archiwum.festiwale.zakopane.pl\/festiwal-organowy\/wp-content\/uploads\/sites\/5\/2021\/08\/DSC_4016-1367x2048.jpg 1367w, http:\/\/archiwum.festiwale.zakopane.pl\/festiwal-organowy\/wp-content\/uploads\/sites\/5\/2021\/08\/DSC_4016-scaled.jpg 2003w\" sizes=\"(max-width: 200px) 100vw, 200px\" \/> <img loading=\"lazy\" class=\"alignnone size-medium wp-image-315\" src=\"http:\/\/archiwum.festiwale.zakopane.pl\/festiwal-organowy\/wp-content\/uploads\/sites\/5\/2021\/08\/DSC_4011-300x200.jpg\" alt=\"\" width=\"300\" height=\"200\" srcset=\"http:\/\/archiwum.festiwale.zakopane.pl\/festiwal-organowy\/wp-content\/uploads\/sites\/5\/2021\/08\/DSC_4011-300x200.jpg 300w, http:\/\/archiwum.festiwale.zakopane.pl\/festiwal-organowy\/wp-content\/uploads\/sites\/5\/2021\/08\/DSC_4011-1024x684.jpg 1024w, http:\/\/archiwum.festiwale.zakopane.pl\/festiwal-organowy\/wp-content\/uploads\/sites\/5\/2021\/08\/DSC_4011-768x513.jpg 768w, http:\/\/archiwum.festiwale.zakopane.pl\/festiwal-organowy\/wp-content\/uploads\/sites\/5\/2021\/08\/DSC_4011-1536x1025.jpg 1536w, http:\/\/archiwum.festiwale.zakopane.pl\/festiwal-organowy\/wp-content\/uploads\/sites\/5\/2021\/08\/DSC_4011-2048x1367.jpg 2048w\" sizes=\"(max-width: 300px) 100vw, 300px\" \/> <img loading=\"lazy\" class=\"alignnone size-medium wp-image-314\" src=\"http:\/\/archiwum.festiwale.zakopane.pl\/festiwal-organowy\/wp-content\/uploads\/sites\/5\/2021\/08\/DSC_4006-300x200.jpg\" alt=\"\" width=\"300\" height=\"200\" srcset=\"http:\/\/archiwum.festiwale.zakopane.pl\/festiwal-organowy\/wp-content\/uploads\/sites\/5\/2021\/08\/DSC_4006-300x200.jpg 300w, http:\/\/archiwum.festiwale.zakopane.pl\/festiwal-organowy\/wp-content\/uploads\/sites\/5\/2021\/08\/DSC_4006-1024x684.jpg 1024w, http:\/\/archiwum.festiwale.zakopane.pl\/festiwal-organowy\/wp-content\/uploads\/sites\/5\/2021\/08\/DSC_4006-768x513.jpg 768w, http:\/\/archiwum.festiwale.zakopane.pl\/festiwal-organowy\/wp-content\/uploads\/sites\/5\/2021\/08\/DSC_4006-1536x1025.jpg 1536w, http:\/\/archiwum.festiwale.zakopane.pl\/festiwal-organowy\/wp-content\/uploads\/sites\/5\/2021\/08\/DSC_4006-2048x1367.jpg 2048w\" sizes=\"(max-width: 300px) 100vw, 300px\" \/> <img loading=\"lazy\" class=\"alignnone size-medium wp-image-313\" src=\"http:\/\/archiwum.festiwale.zakopane.pl\/festiwal-organowy\/wp-content\/uploads\/sites\/5\/2021\/08\/DSC_4005-300x200.jpg\" alt=\"\" width=\"300\" height=\"200\" srcset=\"http:\/\/archiwum.festiwale.zakopane.pl\/festiwal-organowy\/wp-content\/uploads\/sites\/5\/2021\/08\/DSC_4005-300x200.jpg 300w, http:\/\/archiwum.festiwale.zakopane.pl\/festiwal-organowy\/wp-content\/uploads\/sites\/5\/2021\/08\/DSC_4005-1024x684.jpg 1024w, http:\/\/archiwum.festiwale.zakopane.pl\/festiwal-organowy\/wp-content\/uploads\/sites\/5\/2021\/08\/DSC_4005-768x513.jpg 768w, http:\/\/archiwum.festiwale.zakopane.pl\/festiwal-organowy\/wp-content\/uploads\/sites\/5\/2021\/08\/DSC_4005-1536x1025.jpg 1536w, http:\/\/archiwum.festiwale.zakopane.pl\/festiwal-organowy\/wp-content\/uploads\/sites\/5\/2021\/08\/DSC_4005-2048x1367.jpg 2048w\" sizes=\"(max-width: 300px) 100vw, 300px\" \/> <img loading=\"lazy\" class=\"alignnone size-medium wp-image-312\" src=\"http:\/\/archiwum.festiwale.zakopane.pl\/festiwal-organowy\/wp-content\/uploads\/sites\/5\/2021\/08\/DSC_4003-300x200.jpg\" alt=\"\" width=\"300\" height=\"200\" srcset=\"http:\/\/archiwum.festiwale.zakopane.pl\/festiwal-organowy\/wp-content\/uploads\/sites\/5\/2021\/08\/DSC_4003-300x200.jpg 300w, http:\/\/archiwum.festiwale.zakopane.pl\/festiwal-organowy\/wp-content\/uploads\/sites\/5\/2021\/08\/DSC_4003-1024x684.jpg 1024w, http:\/\/archiwum.festiwale.zakopane.pl\/festiwal-organowy\/wp-content\/uploads\/sites\/5\/2021\/08\/DSC_4003-768x513.jpg 768w, http:\/\/archiwum.festiwale.zakopane.pl\/festiwal-organowy\/wp-content\/uploads\/sites\/5\/2021\/08\/DSC_4003-1536x1025.jpg 1536w, http:\/\/archiwum.festiwale.zakopane.pl\/festiwal-organowy\/wp-content\/uploads\/sites\/5\/2021\/08\/DSC_4003-2048x1367.jpg 2048w\" sizes=\"(max-width: 300px) 100vw, 300px\" \/> <img loading=\"lazy\" class=\"alignnone size-medium wp-image-311\" src=\"http:\/\/archiwum.festiwale.zakopane.pl\/festiwal-organowy\/wp-content\/uploads\/sites\/5\/2021\/08\/DSC_4002-300x200.jpg\" alt=\"\" width=\"300\" height=\"200\" srcset=\"http:\/\/archiwum.festiwale.zakopane.pl\/festiwal-organowy\/wp-content\/uploads\/sites\/5\/2021\/08\/DSC_4002-300x200.jpg 300w, http:\/\/archiwum.festiwale.zakopane.pl\/festiwal-organowy\/wp-content\/uploads\/sites\/5\/2021\/08\/DSC_4002-1024x684.jpg 1024w, http:\/\/archiwum.festiwale.zakopane.pl\/festiwal-organowy\/wp-content\/uploads\/sites\/5\/2021\/08\/DSC_4002-768x513.jpg 768w, http:\/\/archiwum.festiwale.zakopane.pl\/festiwal-organowy\/wp-content\/uploads\/sites\/5\/2021\/08\/DSC_4002-1536x1025.jpg 1536w, http:\/\/archiwum.festiwale.zakopane.pl\/festiwal-organowy\/wp-content\/uploads\/sites\/5\/2021\/08\/DSC_4002-2048x1367.jpg 2048w\" sizes=\"(max-width: 300px) 100vw, 300px\" \/> <img loading=\"lazy\" class=\"alignnone size-medium wp-image-310\" src=\"http:\/\/archiwum.festiwale.zakopane.pl\/festiwal-organowy\/wp-content\/uploads\/sites\/5\/2021\/08\/DSC_4001-300x200.jpg\" alt=\"\" width=\"300\" height=\"200\" srcset=\"http:\/\/archiwum.festiwale.zakopane.pl\/festiwal-organowy\/wp-content\/uploads\/sites\/5\/2021\/08\/DSC_4001-300x200.jpg 300w, http:\/\/archiwum.festiwale.zakopane.pl\/festiwal-organowy\/wp-content\/uploads\/sites\/5\/2021\/08\/DSC_4001-1024x684.jpg 1024w, http:\/\/archiwum.festiwale.zakopane.pl\/festiwal-organowy\/wp-content\/uploads\/sites\/5\/2021\/08\/DSC_4001-768x513.jpg 768w, http:\/\/archiwum.festiwale.zakopane.pl\/festiwal-organowy\/wp-content\/uploads\/sites\/5\/2021\/08\/DSC_4001-1536x1025.jpg 1536w, http:\/\/archiwum.festiwale.zakopane.pl\/festiwal-organowy\/wp-content\/uploads\/sites\/5\/2021\/08\/DSC_4001-2048x1367.jpg 2048w\" sizes=\"(max-width: 300px) 100vw, 300px\" \/> <img loading=\"lazy\" class=\"alignnone size-medium wp-image-309\" src=\"http:\/\/archiwum.festiwale.zakopane.pl\/festiwal-organowy\/wp-content\/uploads\/sites\/5\/2021\/08\/DSC_3999-300x200.jpg\" alt=\"\" width=\"300\" height=\"200\" srcset=\"http:\/\/archiwum.festiwale.zakopane.pl\/festiwal-organowy\/wp-content\/uploads\/sites\/5\/2021\/08\/DSC_3999-300x200.jpg 300w, http:\/\/archiwum.festiwale.zakopane.pl\/festiwal-organowy\/wp-content\/uploads\/sites\/5\/2021\/08\/DSC_3999-1024x684.jpg 1024w, http:\/\/archiwum.festiwale.zakopane.pl\/festiwal-organowy\/wp-content\/uploads\/sites\/5\/2021\/08\/DSC_3999-768x513.jpg 768w, http:\/\/archiwum.festiwale.zakopane.pl\/festiwal-organowy\/wp-content\/uploads\/sites\/5\/2021\/08\/DSC_3999-1536x1025.jpg 1536w, http:\/\/archiwum.festiwale.zakopane.pl\/festiwal-organowy\/wp-content\/uploads\/sites\/5\/2021\/08\/DSC_3999-2048x1367.jpg 2048w\" sizes=\"(max-width: 300px) 100vw, 300px\" \/> <img loading=\"lazy\" class=\"alignnone size-medium wp-image-308\" src=\"http:\/\/archiwum.festiwale.zakopane.pl\/festiwal-organowy\/wp-content\/uploads\/sites\/5\/2021\/08\/DSC_3998-300x200.jpg\" alt=\"\" width=\"300\" height=\"200\" srcset=\"http:\/\/archiwum.festiwale.zakopane.pl\/festiwal-organowy\/wp-content\/uploads\/sites\/5\/2021\/08\/DSC_3998-300x200.jpg 300w, http:\/\/archiwum.festiwale.zakopane.pl\/festiwal-organowy\/wp-content\/uploads\/sites\/5\/2021\/08\/DSC_3998-1024x684.jpg 1024w, http:\/\/archiwum.festiwale.zakopane.pl\/festiwal-organowy\/wp-content\/uploads\/sites\/5\/2021\/08\/DSC_3998-768x513.jpg 768w, http:\/\/archiwum.festiwale.zakopane.pl\/festiwal-organowy\/wp-content\/uploads\/sites\/5\/2021\/08\/DSC_3998-1536x1025.jpg 1536w, http:\/\/archiwum.festiwale.zakopane.pl\/festiwal-organowy\/wp-content\/uploads\/sites\/5\/2021\/08\/DSC_3998-2048x1367.jpg 2048w\" sizes=\"(max-width: 300px) 100vw, 300px\" \/> <img loading=\"lazy\" class=\"alignnone size-medium wp-image-304\" src=\"http:\/\/archiwum.festiwale.zakopane.pl\/festiwal-organowy\/wp-content\/uploads\/sites\/5\/2021\/08\/DSC_3986-300x200.jpg\" alt=\"\" width=\"300\" height=\"200\" srcset=\"http:\/\/archiwum.festiwale.zakopane.pl\/festiwal-organowy\/wp-content\/uploads\/sites\/5\/2021\/08\/DSC_3986-300x200.jpg 300w, http:\/\/archiwum.festiwale.zakopane.pl\/festiwal-organowy\/wp-content\/uploads\/sites\/5\/2021\/08\/DSC_3986-1024x684.jpg 1024w, http:\/\/archiwum.festiwale.zakopane.pl\/festiwal-organowy\/wp-content\/uploads\/sites\/5\/2021\/08\/DSC_3986-768x513.jpg 768w, http:\/\/archiwum.festiwale.zakopane.pl\/festiwal-organowy\/wp-content\/uploads\/sites\/5\/2021\/08\/DSC_3986-1536x1025.jpg 1536w, http:\/\/archiwum.festiwale.zakopane.pl\/festiwal-organowy\/wp-content\/uploads\/sites\/5\/2021\/08\/DSC_3986-2048x1367.jpg 2048w\" sizes=\"(max-width: 300px) 100vw, 300px\" \/> <img loading=\"lazy\" class=\"alignnone size-medium wp-image-302\" src=\"http:\/\/archiwum.festiwale.zakopane.pl\/festiwal-organowy\/wp-content\/uploads\/sites\/5\/2021\/08\/DSC_3980-300x200.jpg\" alt=\"\" width=\"300\" height=\"200\" srcset=\"http:\/\/archiwum.festiwale.zakopane.pl\/festiwal-organowy\/wp-content\/uploads\/sites\/5\/2021\/08\/DSC_3980-300x200.jpg 300w, http:\/\/archiwum.festiwale.zakopane.pl\/festiwal-organowy\/wp-content\/uploads\/sites\/5\/2021\/08\/DSC_3980-1024x684.jpg 1024w, http:\/\/archiwum.festiwale.zakopane.pl\/festiwal-organowy\/wp-content\/uploads\/sites\/5\/2021\/08\/DSC_3980-768x513.jpg 768w, http:\/\/archiwum.festiwale.zakopane.pl\/festiwal-organowy\/wp-content\/uploads\/sites\/5\/2021\/08\/DSC_3980-1536x1025.jpg 1536w, http:\/\/archiwum.festiwale.zakopane.pl\/festiwal-organowy\/wp-content\/uploads\/sites\/5\/2021\/08\/DSC_3980-2048x1367.jpg 2048w\" sizes=\"(max-width: 300px) 100vw, 300px\" \/> <img loading=\"lazy\" class=\"alignnone size-medium wp-image-299\" src=\"http:\/\/archiwum.festiwale.zakopane.pl\/festiwal-organowy\/wp-content\/uploads\/sites\/5\/2021\/08\/DSC_3969-300x200.jpg\" alt=\"\" width=\"300\" height=\"200\" srcset=\"http:\/\/archiwum.festiwale.zakopane.pl\/festiwal-organowy\/wp-content\/uploads\/sites\/5\/2021\/08\/DSC_3969-300x200.jpg 300w, http:\/\/archiwum.festiwale.zakopane.pl\/festiwal-organowy\/wp-content\/uploads\/sites\/5\/2021\/08\/DSC_3969-1024x684.jpg 1024w, http:\/\/archiwum.festiwale.zakopane.pl\/festiwal-organowy\/wp-content\/uploads\/sites\/5\/2021\/08\/DSC_3969-768x513.jpg 768w, http:\/\/archiwum.festiwale.zakopane.pl\/festiwal-organowy\/wp-content\/uploads\/sites\/5\/2021\/08\/DSC_3969-1536x1025.jpg 1536w, http:\/\/archiwum.festiwale.zakopane.pl\/festiwal-organowy\/wp-content\/uploads\/sites\/5\/2021\/08\/DSC_3969-2048x1367.jpg 2048w\" sizes=\"(max-width: 300px) 100vw, 300px\" \/> <img loading=\"lazy\" class=\"alignnone size-medium wp-image-296\" src=\"http:\/\/archiwum.festiwale.zakopane.pl\/festiwal-organowy\/wp-content\/uploads\/sites\/5\/2021\/08\/DSC_3958-200x300.jpg\" alt=\"\" width=\"200\" height=\"300\" srcset=\"http:\/\/archiwum.festiwale.zakopane.pl\/festiwal-organowy\/wp-content\/uploads\/sites\/5\/2021\/08\/DSC_3958-200x300.jpg 200w, http:\/\/archiwum.festiwale.zakopane.pl\/festiwal-organowy\/wp-content\/uploads\/sites\/5\/2021\/08\/DSC_3958-684x1024.jpg 684w, http:\/\/archiwum.festiwale.zakopane.pl\/festiwal-organowy\/wp-content\/uploads\/sites\/5\/2021\/08\/DSC_3958-768x1151.jpg 768w, http:\/\/archiwum.festiwale.zakopane.pl\/festiwal-organowy\/wp-content\/uploads\/sites\/5\/2021\/08\/DSC_3958-1025x1536.jpg 1025w, http:\/\/archiwum.festiwale.zakopane.pl\/festiwal-organowy\/wp-content\/uploads\/sites\/5\/2021\/08\/DSC_3958-1367x2048.jpg 1367w, http:\/\/archiwum.festiwale.zakopane.pl\/festiwal-organowy\/wp-content\/uploads\/sites\/5\/2021\/08\/DSC_3958-scaled.jpg 2003w\" sizes=\"(max-width: 200px) 100vw, 200px\" \/> <img loading=\"lazy\" class=\"alignnone size-medium wp-image-295\" src=\"http:\/\/archiwum.festiwale.zakopane.pl\/festiwal-organowy\/wp-content\/uploads\/sites\/5\/2021\/08\/DSC_3956-300x200.jpg\" alt=\"\" width=\"300\" height=\"200\" srcset=\"http:\/\/archiwum.festiwale.zakopane.pl\/festiwal-organowy\/wp-content\/uploads\/sites\/5\/2021\/08\/DSC_3956-300x200.jpg 300w, http:\/\/archiwum.festiwale.zakopane.pl\/festiwal-organowy\/wp-content\/uploads\/sites\/5\/2021\/08\/DSC_3956-1024x684.jpg 1024w, http:\/\/archiwum.festiwale.zakopane.pl\/festiwal-organowy\/wp-content\/uploads\/sites\/5\/2021\/08\/DSC_3956-768x513.jpg 768w, http:\/\/archiwum.festiwale.zakopane.pl\/festiwal-organowy\/wp-content\/uploads\/sites\/5\/2021\/08\/DSC_3956-1536x1025.jpg 1536w, http:\/\/archiwum.festiwale.zakopane.pl\/festiwal-organowy\/wp-content\/uploads\/sites\/5\/2021\/08\/DSC_3956-2048x1367.jpg 2048w\" sizes=\"(max-width: 300px) 100vw, 300px\" \/> <img loading=\"lazy\" class=\"alignnone size-medium wp-image-294\" src=\"http:\/\/archiwum.festiwale.zakopane.pl\/festiwal-organowy\/wp-content\/uploads\/sites\/5\/2021\/08\/DSC_3954-300x200.jpg\" alt=\"\" width=\"300\" height=\"200\" srcset=\"http:\/\/archiwum.festiwale.zakopane.pl\/festiwal-organowy\/wp-content\/uploads\/sites\/5\/2021\/08\/DSC_3954-300x200.jpg 300w, http:\/\/archiwum.festiwale.zakopane.pl\/festiwal-organowy\/wp-content\/uploads\/sites\/5\/2021\/08\/DSC_3954-1024x684.jpg 1024w, http:\/\/archiwum.festiwale.zakopane.pl\/festiwal-organowy\/wp-content\/uploads\/sites\/5\/2021\/08\/DSC_3954-768x513.jpg 768w, http:\/\/archiwum.festiwale.zakopane.pl\/festiwal-organowy\/wp-content\/uploads\/sites\/5\/2021\/08\/DSC_3954-1536x1025.jpg 1536w, http:\/\/archiwum.festiwale.zakopane.pl\/festiwal-organowy\/wp-content\/uploads\/sites\/5\/2021\/08\/DSC_3954-2048x1367.jpg 2048w\" sizes=\"(max-width: 300px) 100vw, 300px\" \/> <img loading=\"lazy\" class=\"alignnone size-medium wp-image-293\" src=\"http:\/\/archiwum.festiwale.zakopane.pl\/festiwal-organowy\/wp-content\/uploads\/sites\/5\/2021\/08\/DSC_3950-200x300.jpg\" alt=\"\" width=\"200\" height=\"300\" srcset=\"http:\/\/archiwum.festiwale.zakopane.pl\/festiwal-organowy\/wp-content\/uploads\/sites\/5\/2021\/08\/DSC_3950-200x300.jpg 200w, http:\/\/archiwum.festiwale.zakopane.pl\/festiwal-organowy\/wp-content\/uploads\/sites\/5\/2021\/08\/DSC_3950-684x1024.jpg 684w, http:\/\/archiwum.festiwale.zakopane.pl\/festiwal-organowy\/wp-content\/uploads\/sites\/5\/2021\/08\/DSC_3950-768x1151.jpg 768w, http:\/\/archiwum.festiwale.zakopane.pl\/festiwal-organowy\/wp-content\/uploads\/sites\/5\/2021\/08\/DSC_3950-1025x1536.jpg 1025w, http:\/\/archiwum.festiwale.zakopane.pl\/festiwal-organowy\/wp-content\/uploads\/sites\/5\/2021\/08\/DSC_3950-1367x2048.jpg 1367w, http:\/\/archiwum.festiwale.zakopane.pl\/festiwal-organowy\/wp-content\/uploads\/sites\/5\/2021\/08\/DSC_3950-scaled.jpg 2003w\" sizes=\"(max-width: 200px) 100vw, 200px\" \/> <img loading=\"lazy\" class=\"alignnone size-medium wp-image-292\" src=\"http:\/\/archiwum.festiwale.zakopane.pl\/festiwal-organowy\/wp-content\/uploads\/sites\/5\/2021\/08\/DSC_3947-300x200.jpg\" alt=\"\" width=\"300\" height=\"200\" srcset=\"http:\/\/archiwum.festiwale.zakopane.pl\/festiwal-organowy\/wp-content\/uploads\/sites\/5\/2021\/08\/DSC_3947-300x200.jpg 300w, http:\/\/archiwum.festiwale.zakopane.pl\/festiwal-organowy\/wp-content\/uploads\/sites\/5\/2021\/08\/DSC_3947-1024x684.jpg 1024w, http:\/\/archiwum.festiwale.zakopane.pl\/festiwal-organowy\/wp-content\/uploads\/sites\/5\/2021\/08\/DSC_3947-768x513.jpg 768w, http:\/\/archiwum.festiwale.zakopane.pl\/festiwal-organowy\/wp-content\/uploads\/sites\/5\/2021\/08\/DSC_3947-1536x1025.jpg 1536w, http:\/\/archiwum.festiwale.zakopane.pl\/festiwal-organowy\/wp-content\/uploads\/sites\/5\/2021\/08\/DSC_3947-2048x1367.jpg 2048w\" sizes=\"(max-width: 300px) 100vw, 300px\" \/> <img loading=\"lazy\" class=\"alignnone size-medium wp-image-291\" src=\"http:\/\/archiwum.festiwale.zakopane.pl\/festiwal-organowy\/wp-content\/uploads\/sites\/5\/2021\/08\/DSC_3944-300x200.jpg\" alt=\"\" width=\"300\" height=\"200\" srcset=\"http:\/\/archiwum.festiwale.zakopane.pl\/festiwal-organowy\/wp-content\/uploads\/sites\/5\/2021\/08\/DSC_3944-300x200.jpg 300w, http:\/\/archiwum.festiwale.zakopane.pl\/festiwal-organowy\/wp-content\/uploads\/sites\/5\/2021\/08\/DSC_3944-1024x684.jpg 1024w, http:\/\/archiwum.festiwale.zakopane.pl\/festiwal-organowy\/wp-content\/uploads\/sites\/5\/2021\/08\/DSC_3944-768x513.jpg 768w, http:\/\/archiwum.festiwale.zakopane.pl\/festiwal-organowy\/wp-content\/uploads\/sites\/5\/2021\/08\/DSC_3944-1536x1025.jpg 1536w, http:\/\/archiwum.festiwale.zakopane.pl\/festiwal-organowy\/wp-content\/uploads\/sites\/5\/2021\/08\/DSC_3944-2048x1367.jpg 2048w\" sizes=\"(max-width: 300px) 100vw, 300px\" \/><\/p>\n","protected":false},"excerpt":{"rendered":"<p>D\u017awi\u0119ki muzyki organowej, \u015bpiewy chora\u0142u gregoria\u0144skiego oraz licznie zgromadzona publiczno\u015b\u0107 u\u015bwietni\u0142y koncert w ramach jubileuszowego [&hellip;]<\/p>\n","protected":false},"author":5,"featured_media":0,"comment_status":"closed","ping_status":"closed","sticky":false,"template":"","format":"standard","meta":[],"categories":[1],"tags":[],"acf":[],"_links":{"self":[{"href":"http:\/\/archiwum.festiwale.zakopane.pl\/festiwal-organowy\/wp-json\/wp\/v2\/posts\/327"}],"collection":[{"href":"http:\/\/archiwum.festiwale.zakopane.pl\/festiwal-organowy\/wp-json\/wp\/v2\/posts"}],"about":[{"href":"http:\/\/archiwum.festiwale.zakopane.pl\/festiwal-organowy\/wp-json\/wp\/v2\/types\/post"}],"author":[{"embeddable":true,"href":"http:\/\/archiwum.festiwale.zakopane.pl\/festiwal-organowy\/wp-json\/wp\/v2\/users\/5"}],"replies":[{"embeddable":true,"href":"http:\/\/archiwum.festiwale.zakopane.pl\/festiwal-organowy\/wp-json\/wp\/v2\/comments?post=327"}],"version-history":[{"count":1,"href":"http:\/\/archiwum.festiwale.zakopane.pl\/festiwal-organowy\/wp-json\/wp\/v2\/posts\/327\/revisions"}],"predecessor-version":[{"id":328,"href":"http:\/\/archiwum.festiwale.zakopane.pl\/festiwal-organowy\/wp-json\/wp\/v2\/posts\/327\/revisions\/328"}],"wp:attachment":[{"href":"http:\/\/archiwum.festiwale.zakopane.pl\/festiwal-organowy\/wp-json\/wp\/v2\/media?parent=327"}],"wp:term":[{"taxonomy":"category","embeddable":true,"href":"http:\/\/archiwum.festiwale.zakopane.pl\/festiwal-organowy\/wp-json\/wp\/v2\/categories?post=327"},{"taxonomy":"post_tag","embeddable":true,"href":"http:\/\/archiwum.festiwale.zakopane.pl\/festiwal-organowy\/wp-json\/wp\/v2\/tags?post=327"}],"curies":[{"name":"wp","href":"https:\/\/api.w.org\/{rel}","templated":true}]}}