{"id":290,"date":"2021-08-02T13:57:23","date_gmt":"2021-08-02T11:57:23","guid":{"rendered":"https:\/\/festiwale.zakopane.pl\/festiwal-organowy\/?p=290"},"modified":"2021-08-02T13:57:23","modified_gmt":"2021-08-02T11:57:23","slug":"wideorelacja-z-koncertu","status":"publish","type":"post","link":"http:\/\/archiwum.festiwale.zakopane.pl\/festiwal-organowy\/2021\/08\/02\/wideorelacja-z-koncertu\/","title":{"rendered":"Wideorelacja z koncertu"},"content":{"rendered":"<div class=\"kvgmc6g5 cxmmr5t8 oygrvhab hcukyx3x c1et5uql ii04i59q\">\n<div dir=\"auto\">Zach\u0119camy do obejrzenia relacji z wczorajszego koncertu w Sanktuarium Naj\u015bwi\u0119tszej Rodziny w Zakopanem<\/div>\n<\/div>\n<div class=\"o9v6fnle cxmmr5t8 oygrvhab hcukyx3x c1et5uql ii04i59q\">\n<div dir=\"auto\">Organizatorzy wydarzenia: Miasto Zakopane i Zakopia\u0144skie Centrum Kultury<\/div>\n<\/div>\n<div dir=\"auto\"><\/div>\n<div dir=\"auto\">Relacja dost\u0119pna pod linkiem:<\/div>\n<div dir=\"auto\">https:\/\/www.youtube.com\/watch?v=MuNnAGZ_4fw&amp;t=5s<\/div>\n","protected":false},"excerpt":{"rendered":"<p>Zach\u0119camy do obejrzenia relacji z wczorajszego koncertu w Sanktuarium Naj\u015bwi\u0119tszej Rodziny w Zakopanem Organizatorzy wydarzenia: [&hellip;]<\/p>\n","protected":false},"author":5,"featured_media":325,"comment_status":"closed","ping_status":"closed","sticky":false,"template":"","format":"standard","meta":[],"categories":[1],"tags":[],"acf":[],"_links":{"self":[{"href":"http:\/\/archiwum.festiwale.zakopane.pl\/festiwal-organowy\/wp-json\/wp\/v2\/posts\/290"}],"collection":[{"href":"http:\/\/archiwum.festiwale.zakopane.pl\/festiwal-organowy\/wp-json\/wp\/v2\/posts"}],"about":[{"href":"http:\/\/archiwum.festiwale.zakopane.pl\/festiwal-organowy\/wp-json\/wp\/v2\/types\/post"}],"author":[{"embeddable":true,"href":"http:\/\/archiwum.festiwale.zakopane.pl\/festiwal-organowy\/wp-json\/wp\/v2\/users\/5"}],"replies":[{"embeddable":true,"href":"http:\/\/archiwum.festiwale.zakopane.pl\/festiwal-organowy\/wp-json\/wp\/v2\/comments?post=290"}],"version-history":[{"count":1,"href":"http:\/\/archiwum.festiwale.zakopane.pl\/festiwal-organowy\/wp-json\/wp\/v2\/posts\/290\/revisions"}],"predecessor-version":[{"id":326,"href":"http:\/\/archiwum.festiwale.zakopane.pl\/festiwal-organowy\/wp-json\/wp\/v2\/posts\/290\/revisions\/326"}],"wp:featuredmedia":[{"embeddable":true,"href":"http:\/\/archiwum.festiwale.zakopane.pl\/festiwal-organowy\/wp-json\/wp\/v2\/media\/325"}],"wp:attachment":[{"href":"http:\/\/archiwum.festiwale.zakopane.pl\/festiwal-organowy\/wp-json\/wp\/v2\/media?parent=290"}],"wp:term":[{"taxonomy":"category","embeddable":true,"href":"http:\/\/archiwum.festiwale.zakopane.pl\/festiwal-organowy\/wp-json\/wp\/v2\/categories?post=290"},{"taxonomy":"post_tag","embeddable":true,"href":"http:\/\/archiwum.festiwale.zakopane.pl\/festiwal-organowy\/wp-json\/wp\/v2\/tags?post=290"}],"curies":[{"name":"wp","href":"https:\/\/api.w.org\/{rel}","templated":true}]}}