{"id":255,"date":"2021-07-15T12:32:48","date_gmt":"2021-07-15T10:32:48","guid":{"rendered":"https:\/\/festiwale.zakopane.pl\/festiwal-organowy\/?p=255"},"modified":"2021-07-15T12:32:48","modified_gmt":"2021-07-15T10:32:48","slug":"zaproszenie-na-20-miedzynarodowy-festiwal-muzyki-organowej-i-kameralnej","status":"publish","type":"post","link":"http:\/\/archiwum.festiwale.zakopane.pl\/festiwal-organowy\/2021\/07\/15\/zaproszenie-na-20-miedzynarodowy-festiwal-muzyki-organowej-i-kameralnej\/","title":{"rendered":"Zaproszenie na 20. Mi\u0119dzynarodowy Festiwal Muzyki Organowej i Kameralnej"},"content":{"rendered":"<ol start=\"20\">\n<li><strong> MI\u0118DZYNARODOWY FESTIWAL MUZYKI ORGANOWEJ I KAMERALNEJ\n<p><\/strong><\/li>\n<\/ol>\n<p><strong>Miasto Zakopane oraz Zakopia\u0144skie Centrum Kultury &#8211; organizatorzy wydarzenia zapraszaj\u0105 na jubileuszow\u0105 20. edycj\u0119 Mi\u0119dzynarodowego Festiwalu Muzyki Organowej i Kameralnej. W tym roku w\u00a0 ramach aktywno\u015bci odb\u0119dzie si\u0119 koncert\u00a0 <\/strong><strong>w wykonaniu <\/strong><strong>Micha\u0142a Markuszewskiego &#8211; organy oraz Flores Rosarum &#8211; \u017ce\u0144skiego zespo\u0142u wokalnego. Serdecznie zapraszamy ju\u017c 31 lipca 2021 r. o godz.20: 00 <\/strong><strong>do pi\u0119knej przestrzeni Sanktuarium Naj\u015bwi\u0119tszej Rodziny w Zakopanem.<\/strong><\/p>\n<p><strong>\u00a0<\/strong><\/p>\n<p>Najwi\u0119ksze utwory muzyki organowej w wykonaniu wybitnego muzyka organowego oraz \u015bpiew \u017ce\u0144skiego zespo\u0142u wokalnego zbuduj\u0105 tegoroczn\u0105 podnios\u0142\u0105 atmosfer\u0119 tego cyklicznego zakopia\u0144skiego wydarzenia muzycznego. Ta wspania\u0142a wakacyjna\u00a0 propozycja koncertowa skierowana jest nie tylko do meloman\u00f3w, ale te\u017c\u00a0 do wszystkich kt\u00f3rzy podczas codziennego zgie\u0142ku poszukuj\u0105 ciszy, spokoju i wytchnienia. Mi\u0119dzynarodowy Festiwal Muzyki Organowej i Kameralnej ze wzgl\u0119du na swoj\u0105 ide\u0119, charakter, bogaty i urozmaicony program\u00a0 oraz dost\u0119pno\u015b\u0107 przyci\u0105ga od lat rzesze s\u0142uchaczy, poszukuj\u0105cych latem w Zakopanem wydarze\u0144 na wysokim poziomie, projekt\u00f3w nieoczywistych, wzbudzaj\u0105cych intensywne emocje oraz wyj\u0105tkowo atrakcyjnych programowo.<\/p>\n<p>Ide\u0105 tegorocznego koncertu jest ukazanie pi\u0119kna chora\u0142u gregoria\u0144skiego, kt\u00f3ry zostanie zaprezentowany jako \u015bpiew w swej czystej formie, a tak\u017ce jako temat s\u0142u\u017c\u0105cy za podstaw\u0119 improwizacji organowej. Wys\u0142uchamy czterech antyfon maryjnych oraz hymnu <em>Ave Maris Stella<\/em>. \u015apiewy te cz\u0119sto pochodz\u0105 z pierwszego tysi\u0105clecia naszej ery i s\u0105 z pewno\u015bci\u0105 starsze od ksi\u0105g, w kt\u00f3rych zosta\u0142y po raz pierwszy zapisane. Nie jest r\u00f3wnie\u017c \u0142atwo z ca\u0142\u0105 pewno\u015bci\u0105 okre\u015bli\u0107 ich autor\u00f3w, cho\u0107 ci, kt\u00f3rych imiona s\u0105 nam znane nale\u017c\u0105 do najbardziej szacownych w\u00f3wczas i s\u0142awnych autor\u00f3w chrze\u015bcija\u0144skiego \u015bwiata. Ka\u017cda z czterech antyfon b\u0119dzie za\u015bpiewana w dw\u00f3ch wersjach: wersji<em> simplex<\/em>, czyli prostej, gdzie temat jest ukazany w najprostszej, niezdobionej formie, oraz wersji <em>solemnis<\/em>, czyli uroczystej, gdzie \u015bpiew jest d\u0142u\u017cszy,\u00a0 a pierwotna melodia jest kunsztownie i zdobnie opracowana. Program\u00a0 zako\u0144czy hymn <em>Ave Maris Stella<\/em>, kt\u00f3rego szczeg\u00f3lnie urokliwa melodia i zwrotkowa forma od dawna inspirowa\u0142a\u00a0 kompozytor\u00f3w, takich jak m.in. Felice Anerio, Giovanni Pierluigi da Palestrina, Guillaume Dufay, William Byrd, Claudio Monteverdi, Girolamo Frescobaldi, Antonio Vivaldi, Anton\u00edn Dvo\u0159\u00e1k, Edvard Grieg, Ferenc Liszt, Josquin des Pr\u00e9s, czy Josef Rheinberger. Ten wspania\u0142y, zamykaj\u0105cy koncert hymn, r\u00f3wnie\u017c zostanie ukazany w formie chora\u0142owej oraz improwizowanej. Program koncertu dope\u0142ni r\u00f3wnie\u017c utw\u00f3r otwieraj\u0105cy koncert \u2013 fanfara Davida N. Johnsona.<\/p>\n<p>&nbsp;<\/p>\n<p>&nbsp;<\/p>\n<p><strong><u>WYKONAWCY:<\/u><\/strong><\/p>\n<p>&nbsp;<\/p>\n<p><strong>Micha\u0142 Markuszewski <\/strong>\u2013 organy<\/p>\n<p><strong><br \/>\nFlores Rosarum <\/strong>(\u017ce\u0144ski zesp\u00f3\u0142 wokalny)<\/p>\n<p>Adrianna Bujak-Cyran, Liliana Pociecha, Anita Pyrek-N\u0105ckiewicz, Katarzyna \u015amia\u0142kowska, Katarzyna Wiwer<\/p>\n<p>&nbsp;<\/p>\n<p>Micha\u0142 Markuszewski urodzi\u0142 si\u0119 w Warszawie. W 2004 roku uko\u0144czy\u0142 z wyr\u00f3\u017cnieniem studia w warszawskiej Akademii Muzycznej im. Fryderyka Chopina, w klasie organ\u00f3w prof. Joachima Grubicha, a tak\u017ce (w 2005 roku) w klasie fortepianu prof. Kazimierza Gier\u017coda.<br \/>\nW 2007 roku uko\u0144czy\u0142 studia (specjalizacja &#8211; improwizacja organowa) na Universit\u00e4t der K\u00fcnste w Berlinie w klasie prof. Wolfganga Seifena. W 2008 roku uko\u0144czy\u0142 studia podyplomowe w klasie mistrzowskiej prof. Christopha Bosserta w Hochschule f\u00fcr Musik w W\u00fcrzburgu. Do jego najwi\u0119kszych osi\u0105gni\u0119\u0107 nale\u017c\u0105: II nagroda w konkursie Polskiej Muzyki Organowej XX wieku w Legnicy (1998), I nagroda na Mi\u0119dzynarodowym Konkursie Muzyki Organowej w Rumii (2000) i wyr\u00f3\u017cnienie za najlepsze wykonanie utwor\u00f3w Jana Sebastiana Bacha oraz nagroda prezydenta miasta Gda\u0144sk, III miejsce na Mi\u0119dzynarodowym Konkursie Organowym w Zurychu-Wiedikon (2007).W 2007 roku by\u0142 stypendyst\u0105 Ministra Kultury i Dziedzictwa Narodowego. Wyst\u0119powa\u0142 z recitalami na kilkudziesi\u0119ciu mi\u0119dzynarodowych festiwalach w Polsce, na Litwie, S\u0142owacji, Ukrainie, w Czechach, Holandii, Norwegii, Szwajcarii, Wielkiej Brytanii oraz ponad 170 miastach w Niemczech.<br \/>\nSwoje umiej\u0119tno\u015bci doskonali\u0142 na wielu kursach pod kierunkiem takich mistrz\u00f3w jak: Guy Bovet, Aleksander Fiseyski, Julian Gembalski, Lorenzo Ghielmi, Jean Guillou, Bernhard Haas, Naji Hakim, Rudolf Innig, Edgar Krapp, Olivier Latry, Heribert Metzger, Peter Planyawski, Martin Sander, Christopher Stembridge. Wsp\u00f3\u0142pracowa\u0142 z wieloma wybitnymi solistami, Polskim Ch\u00f3rem Kameralnym Schola Cantorum Gedanensis, ch\u00f3rem Camerata Varsovia, orkiestr\u0105 Camerata Jan\u00e1\u010dek, orkiestr\u0105 Collegium instrumentale Bochum, orkiestr\u0105 Jeunesses Musicales. Dokona\u0142 r\u00f3wnie\u017c wielu nagra\u0144 p\u0142ytowych (Organum Classics, Label Harp, DUX). Jego p\u0142yta nagrana na zabytkowych organach Ko\u015bcio\u0142a Reformowanego w Warszawie (DUX 0707) nominowana by\u0142a w dw\u00f3ch kategoriach do nagrody FRYDERYK. Nagrywa\u0142 r\u00f3wnie\u017c dla radia oraz telewizji. Artysta ma na swoim koncie prawykonania wsp\u00f3\u0142czesnej polskiej muzyki organowej, a tak\u017ce organowo-kameralnej. Od 2012 wyk\u0142ada improwizacj\u0119 organow\u0105 na Uniwersytecie Muzycznym Fryderyka Chopina w Warszawie.<\/p>\n<p>Zesp\u00f3\u0142 wokalny Flores Rosarum (p\u0142atki r\u00f3\u017c) za\u0142o\u017cy\u0142a w 2007 roku s. Susi Ferfoglia wraz z grup\u0105 \u015bpiewaczek zafascynowanych muzyk\u0105 \u015bw. Hildegardy z Bingen. To w\u0142a\u015bnie dzie\u0142a \u015bw. Hildegardy sta\u0142y si\u0119 od samego pocz\u0105tku jednym z uprzywilejowanych repertuar\u00f3w zespo\u0142u, co znalaz\u0142o sw\u00f3j wyraz tak\u017ce w jego nazwie, nawi\u0105zuj\u0105cej do jednego z jej responsori\u00f3w. Interpretacja i propagowanie muzyki tej niezwyk\u0142ej \u015awi\u0119tej z nad Renu sta\u0142a si\u0119 elementem charakterystycznym, dzi\u0119ki kt\u00f3remu zesp\u00f3\u0142 sta\u0142 si\u0119 rozpoznawalny w ca\u0142ej Polsce. Flores Rosarum wykona\u0142 scenicznie jedno z najciekawszych dzie\u0142 \u015bw. Hildegardy, moralitet &#8222;Ordo Virtutum&#8221;. Projekt ten zrealizowa\u0142 wraz z szwajcarskim zespo\u0142em Peregrina (kier. art. Agnieszka Budzi\u0144ska-Bennett); jego premiera nast\u0105pi\u0142a jesieni\u0105 2013 r. Z zespo\u0142em Peregrina mia\u0142 okazj\u0119 pracowa\u0107 i wyst\u0105pi\u0107 r\u00f3wnie\u017c z p\u00f3\u017aniejszym repertuarem wielog\u0142osowym z archiwum polskich ss. benedyktynek. Cz\u0142onkinie zespo\u0142u prowadz\u0105 o\u017cywion\u0105 dzia\u0142alno\u015b\u0107 artystyczn\u0105 oraz naukowo-badawcz\u0105, co pozwala ka\u017cdy projekt zacz\u0105\u0107 od zg\u0142\u0119biania r\u0119kopisu zawieraj\u0105cego wykonywane \u015bpiewy. Poznanie \u015bredniowiecznych notacji oraz rozumienie kontekst\u00f3w liturgicznych, historycznych oraz spo\u0142ecznych, w kt\u00f3rych powsta\u0142y dane \u015bpiewy, otwiera drog\u0119 interpretacji, kt\u00f3ra pragnie zosta\u0107 wierna temu, co si\u0119 znajduje w danym r\u0119kopisie. Flores Rosarum z ch\u0119ci\u0105 si\u0119ga r\u00f3wnie\u017c po repertuar znajduj\u0105cy si\u0119 w polskich r\u0119kopisach liturgiczno-muzycznych. Od wielu lat zajmuje si\u0119 propagowaniem \u015bpiew\u00f3w zawartych w \u015bredniowiecznych r\u0119kopisach przechowanych w Archiwum Krakowskiej Kapitu\u0142y Katedralnej, w archiwach ss. benedyktynek ze Stani\u0105tek i ss. klarysek z Krakowa oraz Starego S\u0105cza. Owocem tych bada\u0144 jest m.in. projekt &#8222;\u017bywot \u015bw. Stanis\u0142awa wed\u0142ug Wincentego z Kielczy&#8221;, powstanie p\u0142yty ze \u015bpiewami stani\u0105teckimi (Venite, exultemus Domino. \u015apiewy Panien Benedytynek z Antyfonarza napisanego za prze\u0142o\u017ce\u0144stwa Ksieni Doroty Szreniawskiej \u2013 1536 r.), projekt &#8222;Summum bonum amplum donum&#8221; prezentuj\u0105cy wielkoczwartkowy obrz\u0119d umywania n\u00f3g w klasztorze ss. klarysek w Krakowie z franciszka\u0144skiego Gradua\u0142u 205. Opr\u00f3cz intensywnej dzia\u0142alno\u015bci koncertowej zesp\u00f3\u0142 anga\u017cuje si\u0119 w inicjatywy propaguj\u0105ce wykonawstwo \u015bpiewu gregoria\u0144skiego w optyce semiologicznej tak\u017ce w ramach liturgii.<\/p>\n<p><strong>\u00a0<\/strong><\/p>\n<p><strong><\/p>\n<p><\/strong><\/p>\n<p><strong>\u00a0<\/strong><\/p>\n<p><strong>\u00a0<\/strong><\/p>\n<p><strong>\u00a0<\/strong><\/p>\n<p><strong>\u00a0<\/strong><\/p>\n<p><strong>\u00a0<\/strong><\/p>\n<p><strong>\u00a0<\/strong><\/p>\n<p><strong><u>PROGRAM <\/u><\/strong><\/p>\n<p>&nbsp;<\/p>\n<p>David N. Johnson (1922\u20131987)<\/p>\n<p><em>Trompet Tune in C-major<\/em><\/p>\n<p>&nbsp;<\/p>\n<p>Antyfony maryjne oraz improwizacje organowe:<\/p>\n<p>Antyfona <strong>Alma redemptoris Mater<\/strong> wersja simplex<\/p>\n<p>(autor tekstu Herman z Reichenau XI w., \u015bpiewana w okresie od 1. niedzieli Adwentu do Ofiarowania Pa\u0144skiego, 2 lutego)<\/p>\n<p>Improwizacja organowa<\/p>\n<p>Antyfona <strong>Alma redemptoris Mater<\/strong> wersja solemnis<\/p>\n<p>&nbsp;<\/p>\n<p>Antyfona <strong>Ave Regina coelorum<\/strong> wersja simplex<\/p>\n<p>(pochodzi z XII wieku, autor tekstu nieznany, \u015bpiewana na zako\u0144czenie komplety od 3 lutego do Wielkiego Czwartku)<\/p>\n<p>Improwizacja organowa<\/p>\n<p>Antyfona <strong>Ave Regina coelorum<\/strong> wersja solemnis<\/p>\n<p>&nbsp;<\/p>\n<p>Antyfona <strong>Regina caeli laetare<\/strong> wersja simplex<\/p>\n<p>(pochodzi z XII w., autor tekstu nieznany, niekiedy przypisywana jest Grzegorzowi Wielkiemu lub Grzegorzowi V, \u015bpiewana w okresie Wielkanocnym na zako\u0144czenie komplety lub w miejsce modlitwy Anio\u0142 Pa\u0144ski od Wigilii Paschalnej do niedzieli Zes\u0142ania Ducha \u015awi\u0119tego w\u0142\u0105cznie)<\/p>\n<p>Improwizacja organowa<\/p>\n<p>Antyfona <strong>Regina caeli laetare<\/strong> wersja solemnis<\/p>\n<p>&nbsp;<\/p>\n<p>Antyfona <strong>Salve regina<\/strong> wersja simplex<\/p>\n<p>(tekst przypisywany Hermanowi z Reichenau XI w., \u015bpiewana w okresie od \u015awi\u0119tej Tr\u00f3jcy a\u017c do Adwentu oraz w czasie pogrzebu)<\/p>\n<p>Improwizacja organowa<\/p>\n<p>Antyfona <strong>Salve regina<\/strong> wersja solemnis<\/p>\n<p>&nbsp;<\/p>\n<p>Improwizacja organowa<\/p>\n<p>&nbsp;<\/p>\n<p>Hymn <strong>Ave Maris Stella<\/strong><\/p>\n<p>(pochodzi najprawdopodobniej z IX w., autorstwo tekstu przypisywane jest m.in. Wenancjuszowi Fortunatowi (VI w.), \u015bpiewany jest w Liturgii godzin, jako hymn II nieszpor\u00f3w w tekstach wsp\u00f3lnych o Naj\u015bwi\u0119tszej Maryi Pannie)<\/p>\n<p>Improwizacja organowa fina\u0142owa<\/p>\n<p>&nbsp;<\/p>\n<p>&nbsp;<\/p>\n","protected":false},"excerpt":{"rendered":"<p>MI\u0118DZYNARODOWY FESTIWAL MUZYKI ORGANOWEJ I KAMERALNEJ Miasto Zakopane oraz Zakopia\u0144skie Centrum Kultury &#8211; organizatorzy wydarzenia [&hellip;]<\/p>\n","protected":false},"author":5,"featured_media":249,"comment_status":"closed","ping_status":"closed","sticky":false,"template":"","format":"standard","meta":[],"categories":[1],"tags":[],"acf":[],"_links":{"self":[{"href":"http:\/\/archiwum.festiwale.zakopane.pl\/festiwal-organowy\/wp-json\/wp\/v2\/posts\/255"}],"collection":[{"href":"http:\/\/archiwum.festiwale.zakopane.pl\/festiwal-organowy\/wp-json\/wp\/v2\/posts"}],"about":[{"href":"http:\/\/archiwum.festiwale.zakopane.pl\/festiwal-organowy\/wp-json\/wp\/v2\/types\/post"}],"author":[{"embeddable":true,"href":"http:\/\/archiwum.festiwale.zakopane.pl\/festiwal-organowy\/wp-json\/wp\/v2\/users\/5"}],"replies":[{"embeddable":true,"href":"http:\/\/archiwum.festiwale.zakopane.pl\/festiwal-organowy\/wp-json\/wp\/v2\/comments?post=255"}],"version-history":[{"count":1,"href":"http:\/\/archiwum.festiwale.zakopane.pl\/festiwal-organowy\/wp-json\/wp\/v2\/posts\/255\/revisions"}],"predecessor-version":[{"id":256,"href":"http:\/\/archiwum.festiwale.zakopane.pl\/festiwal-organowy\/wp-json\/wp\/v2\/posts\/255\/revisions\/256"}],"wp:featuredmedia":[{"embeddable":true,"href":"http:\/\/archiwum.festiwale.zakopane.pl\/festiwal-organowy\/wp-json\/wp\/v2\/media\/249"}],"wp:attachment":[{"href":"http:\/\/archiwum.festiwale.zakopane.pl\/festiwal-organowy\/wp-json\/wp\/v2\/media?parent=255"}],"wp:term":[{"taxonomy":"category","embeddable":true,"href":"http:\/\/archiwum.festiwale.zakopane.pl\/festiwal-organowy\/wp-json\/wp\/v2\/categories?post=255"},{"taxonomy":"post_tag","embeddable":true,"href":"http:\/\/archiwum.festiwale.zakopane.pl\/festiwal-organowy\/wp-json\/wp\/v2\/tags?post=255"}],"curies":[{"name":"wp","href":"https:\/\/api.w.org\/{rel}","templated":true}]}}