{"id":246,"date":"2021-07-14T10:45:13","date_gmt":"2021-07-14T08:45:13","guid":{"rendered":"https:\/\/festiwale.zakopane.pl\/festiwal-organowy\/?p=246"},"modified":"2021-07-14T10:45:13","modified_gmt":"2021-07-14T08:45:13","slug":"program-koncertu","status":"publish","type":"post","link":"http:\/\/archiwum.festiwale.zakopane.pl\/festiwal-organowy\/2021\/07\/14\/program-koncertu\/","title":{"rendered":"Program koncertu"},"content":{"rendered":"<p><strong>Wykonawcy:<\/strong><\/p>\n<p><strong>Micha\u0142 Markuszewski <\/strong>\u2013 organy<\/p>\n<p><strong>Flores Rosarum <\/strong>(\u017ce\u0144ski zesp\u00f3\u0142 wokalny)<\/p>\n<p>Adrianna Bujak-Cyran, Liliana Pociecha, Anita Pyrek-N\u0105ckiewicz, Katarzyna \u015amia\u0142kowska, Katarzyna Wiwer<\/p>\n<p>&nbsp;<\/p>\n<p>&nbsp;<\/p>\n<p><strong>Opis koncertu:<\/strong><\/p>\n<p>Ide\u0105 koncertu jest ukazanie pi\u0119kna chora\u0142u gregoria\u0144skiego, kt\u00f3ry zostanie zaprezentowany jako \u015bpiew w swej czystej formie, a tak\u017ce jako temat s\u0142u\u017c\u0105cy za podstaw\u0119 improwizacji organowej. Wys\u0142uchamy czterech antyfon maryjnych oraz hymnu <em>Ave Maris Stella<\/em>. Wszystkie te \u015bpiewy s\u0105 bardzo stare, cz\u0119sto pochodz\u0105 z pierwszego tysi\u0105clecia naszej ery i s\u0105 z pewno\u015bci\u0105 starsze od ksi\u0105g, w kt\u00f3rych zosta\u0142y po raz pierwszy zapisane. Nie jest r\u00f3wnie\u017c \u0142atwo z ca\u0142a pewno\u015bci\u0105 okre\u015bli\u0107 ich autor\u00f3w, cho\u0107 ci, kt\u00f3rych imiona s\u0105 nam znane nale\u017c\u0105 do najbardziej szacownych w\u00f3wczas i s\u0142awnych autor\u00f3w chrze\u015bcija\u0144skiego \u015bwiata. Ka\u017cda z czterech antyfon b\u0119dzie za\u015bpiewana w dw\u00f3ch wersjach: wersji<em> simplex<\/em>, czyli prostej, gdzie temat jest ukazany w najprostszej, niezdobionej formie, oraz wersji <em>solemnis<\/em>, czyli uroczystej, gdzie \u015bpiew jest d\u0142u\u017cszy,\u00a0 a pierwotna melodia jest kunsztownie i zdobnie opracowana. Program\u00a0 zako\u0144czy hymn <em>Ave Maris Stella<\/em>, kt\u00f3rego szczeg\u00f3lnie urokliwa melodia i zwrotkowa forma od dawna inspirowa\u0142a\u00a0 kompozytor\u00f3w, takich jak m.in. Felice Anerio, Giovanni Pierluigi da Palestrina, Guillaume Dufay, William Byrd, Claudio Monteverdi, Girolamo Frescobaldi, Antonio Vivaldi, Anton\u00edn Dvo\u0159\u00e1k, Edvard Grieg, Ferenc Liszt, Josquin des Pr\u00e9s, czy Josef Rheinberger. Ten wspania\u0142y, zamykaj\u0105cy koncert hymn, r\u00f3wnie\u017c zostanie ukazany w formie chora\u0142owej oraz improwizowanej. Program koncertu dope\u0142ni r\u00f3wnie\u017c utw\u00f3r otwieraj\u0105cy koncert \u2013 fanfara Davida N. Johnsona.<\/p>\n<p>&nbsp;<\/p>\n<p><strong>Program:<\/strong><\/p>\n<p>&nbsp;<\/p>\n<p>David N. Johnson (1922\u20131987)<\/p>\n<p><em>Trompet Tune in C-major<\/em><\/p>\n<p>&nbsp;<\/p>\n<p>Antyfony maryjne oraz improwizacje organowe:<\/p>\n<p>&nbsp;<\/p>\n<p>Antyfona <strong>Alma redemptoris Mater<\/strong> wersja simplex<\/p>\n<p>(autor tekstu Herman z Reichenau XI w., \u015bpiewana w okresie od 1. niedzieli Adwentu do Ofiarowania Pa\u0144skiego, 2 lutego)<\/p>\n<p>Improwizacja organowa<\/p>\n<p>Antyfona <strong>Alma redemptoris Mater<\/strong> wersja solemnis<\/p>\n<p>&nbsp;<\/p>\n<p>Antyfona <strong>Ave Regina coelorum<\/strong> wersja simplex<\/p>\n<p>(pochodzi z XII wieku, autor tekstu nieznany, \u015bpiewana na zako\u0144czenie komplety od 3 lutego do Wielkiego Czwartku)<\/p>\n<p>Improwizacja organowa<\/p>\n<p>Antyfona <strong>Ave Regina coelorum<\/strong> wersja solemnis<\/p>\n<p>&nbsp;<\/p>\n<p>Antyfona <strong>Regina caeli laetare<\/strong> wersja simplex<\/p>\n<p>(pochodzi z XII w., autor tekstu nieznany, niekiedy przypisywana jest Grzegorzowi Wielkiemu lub Grzegorzowi V, \u015bpiewana w okresie Wielkanocnym na zako\u0144czenie komplety lub w miejsce modlitwy Anio\u0142 Pa\u0144ski od Wigilii Paschalnej do niedzieli Zes\u0142ania Ducha \u015awi\u0119tego w\u0142\u0105cznie)<\/p>\n<p>Improwizacja organowa<\/p>\n<p>Antyfona <strong>Regina caeli laetare<\/strong> wersja solemnis<\/p>\n<p>&nbsp;<\/p>\n<p>Antyfona <strong>Salve regina<\/strong> wersja simplex<\/p>\n<p>(tekst przypisywany Hermanowi z Reichenau XI w., \u015bpiewana w okresie od \u015awi\u0119tej Tr\u00f3jcy a\u017c do Adwentu oraz w czasie pogrzebu)<\/p>\n<p>Improwizacja organowa<\/p>\n<p>Antyfona <strong>Salve regina<\/strong> wersja solemnis<\/p>\n<p>&nbsp;<\/p>\n<p>Improwizacja organowa<\/p>\n<p>&nbsp;<\/p>\n<p>Hymn <strong>Ave Maris Stella<\/strong><\/p>\n<p>(pochodzi najprawdopodobniej z IX w., autorstwo tekstu przypisywane jest m.in. Wenancjuszowi Fortunatowi (VI w.), \u015bpiewany jest w Liturgii godzin, jako hymn II nieszpor\u00f3w w tekstach wsp\u00f3lnych o Naj\u015bwi\u0119tszej Maryi Pannie)<\/p>\n<p>Improwizacja organowa fina\u0142owa<\/p>\n","protected":false},"excerpt":{"rendered":"<p>Wykonawcy: Micha\u0142 Markuszewski \u2013 organy Flores Rosarum (\u017ce\u0144ski zesp\u00f3\u0142 wokalny) Adrianna Bujak-Cyran, Liliana Pociecha, Anita [&hellip;]<\/p>\n","protected":false},"author":5,"featured_media":247,"comment_status":"closed","ping_status":"closed","sticky":false,"template":"","format":"standard","meta":[],"categories":[1],"tags":[],"acf":[],"_links":{"self":[{"href":"http:\/\/archiwum.festiwale.zakopane.pl\/festiwal-organowy\/wp-json\/wp\/v2\/posts\/246"}],"collection":[{"href":"http:\/\/archiwum.festiwale.zakopane.pl\/festiwal-organowy\/wp-json\/wp\/v2\/posts"}],"about":[{"href":"http:\/\/archiwum.festiwale.zakopane.pl\/festiwal-organowy\/wp-json\/wp\/v2\/types\/post"}],"author":[{"embeddable":true,"href":"http:\/\/archiwum.festiwale.zakopane.pl\/festiwal-organowy\/wp-json\/wp\/v2\/users\/5"}],"replies":[{"embeddable":true,"href":"http:\/\/archiwum.festiwale.zakopane.pl\/festiwal-organowy\/wp-json\/wp\/v2\/comments?post=246"}],"version-history":[{"count":1,"href":"http:\/\/archiwum.festiwale.zakopane.pl\/festiwal-organowy\/wp-json\/wp\/v2\/posts\/246\/revisions"}],"predecessor-version":[{"id":248,"href":"http:\/\/archiwum.festiwale.zakopane.pl\/festiwal-organowy\/wp-json\/wp\/v2\/posts\/246\/revisions\/248"}],"wp:featuredmedia":[{"embeddable":true,"href":"http:\/\/archiwum.festiwale.zakopane.pl\/festiwal-organowy\/wp-json\/wp\/v2\/media\/247"}],"wp:attachment":[{"href":"http:\/\/archiwum.festiwale.zakopane.pl\/festiwal-organowy\/wp-json\/wp\/v2\/media?parent=246"}],"wp:term":[{"taxonomy":"category","embeddable":true,"href":"http:\/\/archiwum.festiwale.zakopane.pl\/festiwal-organowy\/wp-json\/wp\/v2\/categories?post=246"},{"taxonomy":"post_tag","embeddable":true,"href":"http:\/\/archiwum.festiwale.zakopane.pl\/festiwal-organowy\/wp-json\/wp\/v2\/tags?post=246"}],"curies":[{"name":"wp","href":"https:\/\/api.w.org\/{rel}","templated":true}]}}