{"id":243,"date":"2021-07-08T11:03:18","date_gmt":"2021-07-08T09:03:18","guid":{"rendered":"https:\/\/festiwale.zakopane.pl\/festiwal-organowy\/?p=243"},"modified":"2021-07-08T11:03:18","modified_gmt":"2021-07-08T09:03:18","slug":"pisza-o-nas-w-informatorze-miejskim-zakopane-pl","status":"publish","type":"post","link":"http:\/\/archiwum.festiwale.zakopane.pl\/festiwal-organowy\/2021\/07\/08\/pisza-o-nas-w-informatorze-miejskim-zakopane-pl\/","title":{"rendered":"Pisz\u0105 o nas w Informatorze Miejskim Zakopane.pl"},"content":{"rendered":"<p>Zach\u0119camy do si\u0119gni\u0119cia po najnowsze wydanie lipcowego Informatora Miejskiego Zakopane.pl, gdzie obszernie opisano jubileuszow\u0105 edycj\u0119 Mi\u0119dzynarodowego Festiwalu Muzyki Organowej i Kameralnej w Zakopanem. W artykule znajduj\u0105 si\u0119 tak\u017ce arty\u015bci, kt\u00f3rzy wyst\u0105pi\u0105 31 lipca o godz. 20:00 w Sanktuarium Naj\u015bwi\u0119tszej Rodziny mieszcz\u0105cego si\u0119 przy ulicy Krup\u00f3wki 1a. Zapraszamy do lektury!<\/p>\n","protected":false},"excerpt":{"rendered":"<p>Zach\u0119camy do si\u0119gni\u0119cia po najnowsze wydanie lipcowego Informatora Miejskiego Zakopane.pl, gdzie obszernie opisano jubileuszow\u0105 edycj\u0119 [&hellip;]<\/p>\n","protected":false},"author":5,"featured_media":244,"comment_status":"closed","ping_status":"closed","sticky":false,"template":"","format":"standard","meta":[],"categories":[1],"tags":[],"acf":[],"_links":{"self":[{"href":"http:\/\/archiwum.festiwale.zakopane.pl\/festiwal-organowy\/wp-json\/wp\/v2\/posts\/243"}],"collection":[{"href":"http:\/\/archiwum.festiwale.zakopane.pl\/festiwal-organowy\/wp-json\/wp\/v2\/posts"}],"about":[{"href":"http:\/\/archiwum.festiwale.zakopane.pl\/festiwal-organowy\/wp-json\/wp\/v2\/types\/post"}],"author":[{"embeddable":true,"href":"http:\/\/archiwum.festiwale.zakopane.pl\/festiwal-organowy\/wp-json\/wp\/v2\/users\/5"}],"replies":[{"embeddable":true,"href":"http:\/\/archiwum.festiwale.zakopane.pl\/festiwal-organowy\/wp-json\/wp\/v2\/comments?post=243"}],"version-history":[{"count":1,"href":"http:\/\/archiwum.festiwale.zakopane.pl\/festiwal-organowy\/wp-json\/wp\/v2\/posts\/243\/revisions"}],"predecessor-version":[{"id":245,"href":"http:\/\/archiwum.festiwale.zakopane.pl\/festiwal-organowy\/wp-json\/wp\/v2\/posts\/243\/revisions\/245"}],"wp:featuredmedia":[{"embeddable":true,"href":"http:\/\/archiwum.festiwale.zakopane.pl\/festiwal-organowy\/wp-json\/wp\/v2\/media\/244"}],"wp:attachment":[{"href":"http:\/\/archiwum.festiwale.zakopane.pl\/festiwal-organowy\/wp-json\/wp\/v2\/media?parent=243"}],"wp:term":[{"taxonomy":"category","embeddable":true,"href":"http:\/\/archiwum.festiwale.zakopane.pl\/festiwal-organowy\/wp-json\/wp\/v2\/categories?post=243"},{"taxonomy":"post_tag","embeddable":true,"href":"http:\/\/archiwum.festiwale.zakopane.pl\/festiwal-organowy\/wp-json\/wp\/v2\/tags?post=243"}],"curies":[{"name":"wp","href":"https:\/\/api.w.org\/{rel}","templated":true}]}}