{"id":229,"date":"2021-07-08T10:34:30","date_gmt":"2021-07-08T08:34:30","guid":{"rendered":"https:\/\/festiwale.zakopane.pl\/festiwal-organowy\/?p=229"},"modified":"2021-07-08T10:34:30","modified_gmt":"2021-07-08T08:34:30","slug":"michal-markuszewski-oraz-flores-rosarum-wystapia-31-lipca","status":"publish","type":"post","link":"http:\/\/archiwum.festiwale.zakopane.pl\/festiwal-organowy\/2021\/07\/08\/michal-markuszewski-oraz-flores-rosarum-wystapia-31-lipca\/","title":{"rendered":"Micha\u0142 Markuszewski oraz Flores Rosarum wyst\u0105pi\u0105 31 lipca"},"content":{"rendered":"<p>W tym roku, po rocznej przerwie zwi\u0105zanej z pandemi\u0105 koronawirusa, obchodzimy jubileusz &#8211; XX-lecie Mi\u0119dzynarodowego Festiwalu Muzyki Organowej i Kameralnej w Zakopanem. W ramach wydarzenia odb\u0119dzie si\u0119 szczeg\u00f3lny koncert w Sanktuarium Naj\u015bwi\u0119tszej Rodziny. 31 lipca o godz. 20:00 wyst\u0105pi organista Micha\u0142 Markuszewski wsp\u00f3lnie z \u017ce\u0144skim zespo\u0142em wokalnym Flores Rosarum. Gor\u0105co zapraszamy!<\/p>\n<p><strong>Micha\u0142 Markuszewski<\/strong> &#8211; organy<\/p>\n<p>Micha\u0142 Markuszewski urodzi\u0142 si\u0119 w Warszawie. W 2004 roku uko\u0144czy\u0142 z wyr\u00f3\u017cnieniem studia w warszawskiej Akademii Muzycznej im. Fryderyka Chopina, w klasie organ\u00f3w prof. Joachima Grubicha, a tak\u017ce (w 2005 roku) w klasie fortepianu prof. Kazimierza Gier\u017coda. W 2007 roku uko\u0144czy\u0142 studia (specjalizacja &#8211; improwizacja organowa) na Universit\u00e4t der K\u00fcnste w Berlinie w klasie prof. Wolfganga Seifena. W 2008 roku uko\u0144czy\u0142 studia podyplomowe w klasie mistrzowskiej prof. Christopha Bosserta w Hochschule f\u00fcr Musik w W\u00fcrzburgu.<br \/>\nDo jego najwi\u0119kszych osi\u0105gni\u0119\u0107 nale\u017c\u0105: II nagroda w konkursie Polskiej Muzyki Organowej XX wieku w Legnicy (1998), I nagroda na Mi\u0119dzynarodowym Konkursie Muzyki Organowej w Rumii (2000) i wyr\u00f3\u017cnienie za najlepsze wykonanie utwor\u00f3w Jana Sebastiana Bacha oraz nagroda prezydenta miasta Gda\u0144sk, III miejsce na Mi\u0119dzynarodowym Konkursie Organowym w Zurychu-Wiedikon (2007). W 2007 roku by\u0142 stypendyst\u0105 Ministra \u00a0Kultury i Dziedzictwa Narodowego.<\/p>\n<p>Wyst\u0119powa\u0142 z recitalami na kilkudziesi\u0119ciu mi\u0119dzynarodowych festiwalach w Polsce, na Litwie, S\u0142owacji, Ukrainie, w Czechach, Holandii, Norwegii, Szwajcarii, Wielkiej Brytanii oraz ponad 170 miastach w Niemczech.<br \/>\nSwoje umiej\u0119tno\u015bci doskonali\u0142 na wielu kursach pod kierunkiem takich mistrz\u00f3w jak: Guy Bovet, Aleksander Fiseyski, Julian Gembalski, Lorenzo Ghielmi, Jean Guillou, Bernhard Haas, Naji Hakim, Rudolf Innig, Edgar Krapp, Olivier Latry, Heribert Metzger, Peter Planyawski, Martin Sander, Christopher Stembridge.<\/p>\n<p>Wsp\u00f3\u0142pracowa\u0142 z wieloma wybitnymi solistami, Polskim Ch\u00f3rem Kameralnym Schola Cantorum Gedanensis, ch\u00f3rem Camerata Varsovia, orkiestr\u0105 Camerata Jan\u00e1\u010dek, orkiestr\u0105 Collegium instrumentale Bochum, orkiestr\u0105 Jeunesses Musicales. Dokona\u0142 r\u00f3wnie\u017c wielu nagra\u0144 p\u0142ytowych (Organum Classics, Label Harp, DUX). Jego p\u0142yta nagrana na zabytkowych organach Ko\u015bcio\u0142a Reformowanego w Warszawie (DUX 0707) nominowana by\u0142a w dw\u00f3ch kategoriach do nagrody FRYDERYK. Nagrywa\u0142 r\u00f3wnie\u017c dla radia oraz telewizji.<br \/>\nArtysta ma na swoim koncie prawykonania wsp\u00f3\u0142czesnej polskiej muzyki organowej, a tak\u017ce organowo-kameralnej. Od 2012 wyk\u0142ada improwizacj\u0119 organow\u0105 na Uniwersytecie Muzycznym Fryderyka Chopina w Warszawie.<\/p>\n<p><strong>Flores Rosarum (wokalny zesp\u00f3\u0142 \u017ce\u0144ski)<\/strong><\/p>\n<p>Zesp\u00f3\u0142 wokalny <strong>Flores Rosarum<\/strong> (p\u0142atki r\u00f3\u017c) za\u0142o\u017cy\u0142a w 2007 roku s. Susi Ferfoglia wraz z grup\u0105 \u015bpiewaczek zafascynowanych muzyk\u0105 \u015bw. Hildegardy z Bingen. To w\u0142a\u015bnie dzie\u0142a \u015bw. Hildegardy sta\u0142y si\u0119 od samego pocz\u0105tku jednym z uprzywilejowanych repertuar\u00f3w zespo\u0142u, co znalaz\u0142o sw\u00f3j wyraz tak\u017ce w jego nazwie, nawi\u0105zuj\u0105cej do jednego z jej responsori\u00f3w. Interpretacja i propagowanie muzyki tej niezwyk\u0142ej \u015awi\u0119tej z nad Renu sta\u0142a si\u0119 elementem charakterystycznym, dzi\u0119ki kt\u00f3remu zesp\u00f3\u0142 sta\u0142 si\u0119 rozpoznawalny w ca\u0142ej Polsce. Flores Rosarum wykona\u0142 scenicznie jedno z najciekawszych dzie\u0142 \u015bw. Hildegardy, moralitet &#8222;Ordo Virtutum&#8221;. Projekt ten zrealizowa\u0142 wraz z szwajcarskim zespo\u0142em Peregrina (kier. art. Agnieszka Budzi\u0144ska-Bennett); jego premiera nast\u0105pi\u0142a jesieni\u0105 2013 r. Z zespo\u0142em Peregrina mia\u0142 okazj\u0119 pracowa\u0107 i wyst\u0105pi\u0107 r\u00f3wnie\u017c z p\u00f3\u017aniejszym repertuarem wielog\u0142osowym z archiwum polskich ss. benedyktynek.<\/p>\n<p>Cz\u0142onkinie zespo\u0142u prowadz\u0105 o\u017cywion\u0105 dzia\u0142alno\u015b\u0107 artystyczn\u0105 oraz naukowo-badawcz\u0105, co pozwala ka\u017cdy projekt zacz\u0105\u0107 od zg\u0142\u0119biania r\u0119kopisu zawieraj\u0105cego wykonywane \u015bpiewy. Poznanie \u015bredniowiecznych notacji oraz rozumienie kontekst\u00f3w liturgicznych, historycznych oraz spo\u0142ecznych, w kt\u00f3rych powsta\u0142y dane \u015bpiewy, otwiera drog\u0119 interpretacji, kt\u00f3ra pragnie zosta\u0107 wierna temu, co si\u0119 znajduje w danym r\u0119kopisie. Flores Rosarum z ch\u0119ci\u0105 si\u0119ga r\u00f3wnie\u017c po repertuar znajduj\u0105cy si\u0119 w polskich r\u0119kopisach liturgiczno-muzycznych.<br \/>\nOd wielu lat zajmuje si\u0119 propagowaniem \u015bpiew\u00f3w zawartych w \u015bredniowiecznych r\u0119kopisach przechowanych<br \/>\nw Archiwum Krakowskiej Kapitu\u0142y Katedralnej, w archiwach ss. benedyktynek ze Stani\u0105tek i ss. klarysek<br \/>\nz Krakowa oraz Starego S\u0105cza. Owocem tych bada\u0144 jest m.in. projekt &#8222;\u017bywot \u015bw. Stanis\u0142awa wed\u0142ug Wincentego z Kielczy&#8221;, powstanie p\u0142yty ze \u015bpiewami stani\u0105teckimi (Venite, exultemus Domino. \u015apiewy Panien Benedytynek z Antyfonarza napisanego za prze\u0142o\u017ce\u0144stwa Ksieni Doroty Szreniawskiej \u2013 1536 r.), projekt &#8222;Summum bonum amplum donum&#8221; prezentuj\u0105cy wielkoczwartkowy obrz\u0119d umywania n\u00f3g w klasztorze<br \/>\nss. klarysek w Krakowie z franciszka\u0144skiego Gradua\u0142u 205.<\/p>\n<p>Opr\u00f3cz intensywnej dzia\u0142alno\u015bci koncertowej zesp\u00f3\u0142 anga\u017cuje si\u0119 w inicjatywy propaguj\u0105ce wykonawstwo \u015bpiewu gregoria\u0144skiego w optyce semiologicznej tak\u017ce w ramach liturgii.<\/p>\n<p><strong>Organizatorem wydarzenia jest Miasto Zakopane i Zakopia\u0144skie Centrum Kultury.<\/strong><\/p>\n<p><strong>Dyrektorem festiwalu jest niezmiennie od 2018 roku Rafa\u0142 Monita, menad\u017cer kultury, propaguj\u0105cy muzyk\u0119 m.in. na festiwalach Muzyka nad Zdrojami w Szczawnicy oraz Barok na Spiszu oraz poprzez wydawanie literatury muzycznej.<\/strong><\/p>\n<p>&nbsp;<\/p>\n","protected":false},"excerpt":{"rendered":"<p>W tym roku, po rocznej przerwie zwi\u0105zanej z pandemi\u0105 koronawirusa, obchodzimy jubileusz &#8211; XX-lecie Mi\u0119dzynarodowego [&hellip;]<\/p>\n","protected":false},"author":5,"featured_media":231,"comment_status":"closed","ping_status":"closed","sticky":false,"template":"","format":"standard","meta":[],"categories":[1],"tags":[],"acf":[],"_links":{"self":[{"href":"http:\/\/archiwum.festiwale.zakopane.pl\/festiwal-organowy\/wp-json\/wp\/v2\/posts\/229"}],"collection":[{"href":"http:\/\/archiwum.festiwale.zakopane.pl\/festiwal-organowy\/wp-json\/wp\/v2\/posts"}],"about":[{"href":"http:\/\/archiwum.festiwale.zakopane.pl\/festiwal-organowy\/wp-json\/wp\/v2\/types\/post"}],"author":[{"embeddable":true,"href":"http:\/\/archiwum.festiwale.zakopane.pl\/festiwal-organowy\/wp-json\/wp\/v2\/users\/5"}],"replies":[{"embeddable":true,"href":"http:\/\/archiwum.festiwale.zakopane.pl\/festiwal-organowy\/wp-json\/wp\/v2\/comments?post=229"}],"version-history":[{"count":1,"href":"http:\/\/archiwum.festiwale.zakopane.pl\/festiwal-organowy\/wp-json\/wp\/v2\/posts\/229\/revisions"}],"predecessor-version":[{"id":232,"href":"http:\/\/archiwum.festiwale.zakopane.pl\/festiwal-organowy\/wp-json\/wp\/v2\/posts\/229\/revisions\/232"}],"wp:featuredmedia":[{"embeddable":true,"href":"http:\/\/archiwum.festiwale.zakopane.pl\/festiwal-organowy\/wp-json\/wp\/v2\/media\/231"}],"wp:attachment":[{"href":"http:\/\/archiwum.festiwale.zakopane.pl\/festiwal-organowy\/wp-json\/wp\/v2\/media?parent=229"}],"wp:term":[{"taxonomy":"category","embeddable":true,"href":"http:\/\/archiwum.festiwale.zakopane.pl\/festiwal-organowy\/wp-json\/wp\/v2\/categories?post=229"},{"taxonomy":"post_tag","embeddable":true,"href":"http:\/\/archiwum.festiwale.zakopane.pl\/festiwal-organowy\/wp-json\/wp\/v2\/tags?post=229"}],"curies":[{"name":"wp","href":"https:\/\/api.w.org\/{rel}","templated":true}]}}