{"id":224,"date":"2021-07-08T10:15:01","date_gmt":"2021-07-08T08:15:01","guid":{"rendered":"https:\/\/festiwale.zakopane.pl\/festiwal-organowy\/?p=224"},"modified":"2021-07-08T10:15:01","modified_gmt":"2021-07-08T08:15:01","slug":"bogata-historia-miedzynarodowego-festiwalu-muzyki-organowej-i-kameralnej-w-zakopanem","status":"publish","type":"post","link":"http:\/\/archiwum.festiwale.zakopane.pl\/festiwal-organowy\/2021\/07\/08\/bogata-historia-miedzynarodowego-festiwalu-muzyki-organowej-i-kameralnej-w-zakopanem\/","title":{"rendered":"Bogata historia Mi\u0119dzynarodowego Festiwalu Muzyki Organowej i Kameralnej w Zakopanem"},"content":{"rendered":"<p>Historia Festiwalu rozpocz\u0119\u0142a si\u0119 w 2000 roku, kiedy to dzi\u0119ki staraniom ks. pra\u0142ata Stanis\u0142awa Olsz\u00f3wki przeprowadzony zosta\u0142 generalny remont organ\u00f3w firmy Rieger w ko\u015bciele Naj\u015bwi\u0119tszej Rodziny na Krup\u00f3wkach w Zakopanem. Pierwszym dyrektorem artystycznym zosta\u0142 Witold Zalewski, organista katedry na Wawelu. Dzi\u0119ki jego zaanga\u017cowaniu w roku 2001 odby\u0142a si\u0119 pierwsza edycja tego wydarzenia. Festiwal wpisa\u0142 si\u0119 wtedy r\u00f3wnie\u017c w obchody upami\u0119tniaj\u0105ce stulecie Krzy\u017ca na Giewoncie (1901 r.). Z biegiem lat Festiwal rozwija\u0142 si\u0119, a koncerty odbywa\u0142y si\u0119 r\u00f3wnie\u017c w Sanktuarium Matki Bo\u017cej Fatimskiej na Krzept\u00f3wkach, Sanktuarium Naj\u015bwi\u0119tszej Maryi Panny Niepokalanej Objawiaj\u0105cej Cudowny Medalik w Zakopanem-Olczy, tak\u017ce w ko\u015bciele \u015bw. Krzy\u017ca, w Domu Rekolekcyjnym \u201eKsi\u0119\u017c\u00f3wka\u201d, w ko\u015bciele Jezuit\u00f3w Na G\u00f3rce, czy w pi\u0119knym, drewnianym ko\u015bciele na Harendzie.<\/p>\n<p>Pocz\u0105tkowo festiwal mia\u0142 profil typowo organowy, przy instrumencie zasiadali najwybitniejsi muzycy zar\u00f3wno z kraju, jak i z zagranicy. Na przestrzeni lat impreza ewoluowa\u0142a, zyskuj\u0105c coraz to szersze grono meloman\u00f3w muzyki powa\u017cnej, repertuar festiwalu zosta\u0142 poszerzony o koncerty kameralne, co wi\u0105za\u0142o si\u0119 tak\u017ce z rozszerzeniem jego nazwy. Nowa formu\u0142a pozwala zaprasza\u0107 wybitnych kameralist\u00f3w w niecodzienne miejsca \u2013 koncerty odbywaj\u0105 si\u0119 tak\u017ce w Miejskiej Galerii Sztuki, czy willi Czerwony Dw\u00f3r (Centrum Kultury Rodzimej).<\/p>\n<p>W roku 2018 dyrektorem zosta\u0142 Rafa\u0142 Monita, menad\u017cer kultury, propaguj\u0105cy muzyk\u0119 m.in. na festiwalach Muzyka nad Zdrojami w Szczawnicy oraz Barok na Spiszu oraz poprzez wydawanie literatury muzycznej. Repertuar Festiwalu po\u015bwi\u0119cony muzyce organowej i kameralnej jest tak dobierany, aby zadowoli\u0107 nawet najbardziej wymagaj\u0105cych meloman\u00f3w, kt\u00f3rzy maj\u0105 okazj\u0119 obcowa\u0107 zar\u00f3wno z wielkimi dzie\u0142ami muzyki organowej, granymi przez znakomitych artyst\u00f3w przyje\u017cd\u017caj\u0105cych z ca\u0142ego \u015bwiata, jak te\u017c wys\u0142ucha\u0107 \u015bwietnej muzyki kameralnej. Festiwal pe\u0142ni r\u00f3wnie\u017c rol\u0119 kulturotw\u00f3rcz\u0105, prezentuj\u0105c ambitne programy zawieraj\u0105ce kompozycje inspirowane muzyk\u0105 podhala\u0144sk\u0105, g\u00f3ralsk\u0105.<\/p>\n<p>Mi\u0119dzynarodowy Festiwal Muzyki Organowej i Kameralnej w Zakopanem jest jednym z wi\u0119kszych festiwali organowych w Polsce, kt\u00f3ry wpisa\u0142 si\u0119 ju\u017c na dobre w kulturalny kalendarz wydarze\u0144 miasta i stanowi ciekaw\u0105, wakacyjn\u0105 propozycj\u0119 zar\u00f3wno dla turyst\u00f3w, jak i mieszka\u0144c\u00f3w.<\/p>\n","protected":false},"excerpt":{"rendered":"<p>Historia Festiwalu rozpocz\u0119\u0142a si\u0119 w 2000 roku, kiedy to dzi\u0119ki staraniom ks. pra\u0142ata Stanis\u0142awa Olsz\u00f3wki [&hellip;]<\/p>\n","protected":false},"author":5,"featured_media":225,"comment_status":"closed","ping_status":"closed","sticky":false,"template":"","format":"standard","meta":[],"categories":[1],"tags":[],"acf":[],"_links":{"self":[{"href":"http:\/\/archiwum.festiwale.zakopane.pl\/festiwal-organowy\/wp-json\/wp\/v2\/posts\/224"}],"collection":[{"href":"http:\/\/archiwum.festiwale.zakopane.pl\/festiwal-organowy\/wp-json\/wp\/v2\/posts"}],"about":[{"href":"http:\/\/archiwum.festiwale.zakopane.pl\/festiwal-organowy\/wp-json\/wp\/v2\/types\/post"}],"author":[{"embeddable":true,"href":"http:\/\/archiwum.festiwale.zakopane.pl\/festiwal-organowy\/wp-json\/wp\/v2\/users\/5"}],"replies":[{"embeddable":true,"href":"http:\/\/archiwum.festiwale.zakopane.pl\/festiwal-organowy\/wp-json\/wp\/v2\/comments?post=224"}],"version-history":[{"count":1,"href":"http:\/\/archiwum.festiwale.zakopane.pl\/festiwal-organowy\/wp-json\/wp\/v2\/posts\/224\/revisions"}],"predecessor-version":[{"id":228,"href":"http:\/\/archiwum.festiwale.zakopane.pl\/festiwal-organowy\/wp-json\/wp\/v2\/posts\/224\/revisions\/228"}],"wp:featuredmedia":[{"embeddable":true,"href":"http:\/\/archiwum.festiwale.zakopane.pl\/festiwal-organowy\/wp-json\/wp\/v2\/media\/225"}],"wp:attachment":[{"href":"http:\/\/archiwum.festiwale.zakopane.pl\/festiwal-organowy\/wp-json\/wp\/v2\/media?parent=224"}],"wp:term":[{"taxonomy":"category","embeddable":true,"href":"http:\/\/archiwum.festiwale.zakopane.pl\/festiwal-organowy\/wp-json\/wp\/v2\/categories?post=224"},{"taxonomy":"post_tag","embeddable":true,"href":"http:\/\/archiwum.festiwale.zakopane.pl\/festiwal-organowy\/wp-json\/wp\/v2\/tags?post=224"}],"curies":[{"name":"wp","href":"https:\/\/api.w.org\/{rel}","templated":true}]}}