{"id":221,"date":"2021-07-08T10:09:01","date_gmt":"2021-07-08T08:09:01","guid":{"rendered":"https:\/\/festiwale.zakopane.pl\/festiwal-organowy\/?p=221"},"modified":"2021-07-08T10:09:22","modified_gmt":"2021-07-08T08:09:22","slug":"jubileuszowa-edycja-festiwalu","status":"publish","type":"post","link":"http:\/\/archiwum.festiwale.zakopane.pl\/festiwal-organowy\/2021\/07\/08\/jubileuszowa-edycja-festiwalu\/","title":{"rendered":"Jubileuszowa edycja festiwalu"},"content":{"rendered":"<p>W roku 2021, po rocznej przerwie zwi\u0105zanej z pandemi\u0105 koronawirusa, obchodzimy jubileusz Festiwalu \u2013 XX-lecie muzyki organowej i kameralnej pod Giewontem. W ramach wydarzenia odb\u0119dzie si\u0119 jeden szczeg\u00f3lny koncert w Sanktuarium Naj\u015bwi\u0119tszej Rodziny w Zakopanem. 31 lipca wyst\u0105pi organista Micha\u0142 Markuszewski wsp\u00f3lnie z \u017ce\u0144skim zespo\u0142em wokalnym Flores Rosarum.<\/p>\n<p>Micha\u0142 Markuszewski, organista pochodz\u0105cy z Warszawy\u00a0 ma na swoim koncie prawykonania wsp\u00f3\u0142czesnej polskiej muzyki organowej, a tak\u017ce organowo-kameralnej, zdobywa\u0142 nagrody i wyr\u00f3\u017cnienia na konkursach w Polsce i zagranic\u0105, jest wybitnym improwizatorem, ma na swoim koncie r\u00f3wnie\u017c wiele nagra\u0144 p\u0142ytowych.<\/p>\n<p>Krakowski zesp\u00f3\u0142 Flores Rosarum specjalizuje si\u0119 w muzyce \u015bredniowiecza, chorale gregoria\u0144skim, \u015bpiewach Hildegardy z Bingen. Cz\u0142onkinie zespo\u0142u prowadz\u0105 o\u017cywion\u0105 dzia\u0142alno\u015b\u0107 artystyczn\u0105 oraz naukowo-badawcz\u0105, co pozwala rozpoczyna\u0107 prac\u0119 nad nowym repertuarem od zg\u0142\u0119biania r\u0119kopisu zawieraj\u0105cego przeznaczone do wykonania \u015bpiewy. Flores Rosarum ch\u0119tnie si\u0119ga r\u00f3wnie\u017c po repertuar znajduj\u0105cy si\u0119 w polskich r\u0119kopisach liturgiczno-muzycznych, a szczeg\u00f3lnie muzyk\u0119 z archiw\u00f3w polskich klasztor\u00f3w \u017ce\u0144skich: benedyktynek, czy klarysek ch\u0119tnie r\u00f3wnie\u017c wsp\u00f3\u0142pracuje z organistami takimi jak Jan Henryk Botor, Krzysztof Micha\u0142ek, Krzysztof Pawlisz, Filip Presseisen, czy w\u0142a\u015bnie Micha\u0142 Markuszewski.<\/p>\n<p>Organizatorem wydarzenia jest Miasto Zakopane i Zakopia\u0144skie Centrum Kultury<\/p>\n<p>Dyrektor: Ra\u0142a\u0142 Monita<\/p>\n","protected":false},"excerpt":{"rendered":"<p>W roku 2021, po rocznej przerwie zwi\u0105zanej z pandemi\u0105 koronawirusa, obchodzimy jubileusz Festiwalu \u2013 XX-lecie [&hellip;]<\/p>\n","protected":false},"author":5,"featured_media":222,"comment_status":"closed","ping_status":"closed","sticky":false,"template":"","format":"standard","meta":[],"categories":[1],"tags":[],"acf":[],"_links":{"self":[{"href":"http:\/\/archiwum.festiwale.zakopane.pl\/festiwal-organowy\/wp-json\/wp\/v2\/posts\/221"}],"collection":[{"href":"http:\/\/archiwum.festiwale.zakopane.pl\/festiwal-organowy\/wp-json\/wp\/v2\/posts"}],"about":[{"href":"http:\/\/archiwum.festiwale.zakopane.pl\/festiwal-organowy\/wp-json\/wp\/v2\/types\/post"}],"author":[{"embeddable":true,"href":"http:\/\/archiwum.festiwale.zakopane.pl\/festiwal-organowy\/wp-json\/wp\/v2\/users\/5"}],"replies":[{"embeddable":true,"href":"http:\/\/archiwum.festiwale.zakopane.pl\/festiwal-organowy\/wp-json\/wp\/v2\/comments?post=221"}],"version-history":[{"count":1,"href":"http:\/\/archiwum.festiwale.zakopane.pl\/festiwal-organowy\/wp-json\/wp\/v2\/posts\/221\/revisions"}],"predecessor-version":[{"id":223,"href":"http:\/\/archiwum.festiwale.zakopane.pl\/festiwal-organowy\/wp-json\/wp\/v2\/posts\/221\/revisions\/223"}],"wp:featuredmedia":[{"embeddable":true,"href":"http:\/\/archiwum.festiwale.zakopane.pl\/festiwal-organowy\/wp-json\/wp\/v2\/media\/222"}],"wp:attachment":[{"href":"http:\/\/archiwum.festiwale.zakopane.pl\/festiwal-organowy\/wp-json\/wp\/v2\/media?parent=221"}],"wp:term":[{"taxonomy":"category","embeddable":true,"href":"http:\/\/archiwum.festiwale.zakopane.pl\/festiwal-organowy\/wp-json\/wp\/v2\/categories?post=221"},{"taxonomy":"post_tag","embeddable":true,"href":"http:\/\/archiwum.festiwale.zakopane.pl\/festiwal-organowy\/wp-json\/wp\/v2\/tags?post=221"}],"curies":[{"name":"wp","href":"https:\/\/api.w.org\/{rel}","templated":true}]}}