{"id":1455,"date":"2022-02-07T08:11:30","date_gmt":"2022-02-07T07:11:30","guid":{"rendered":"https:\/\/festiwale.zakopane.pl\/festiwal-koled\/?p=1455"},"modified":"2022-02-22T15:34:15","modified_gmt":"2022-02-22T14:34:15","slug":"podziekowania-za-xiii-festiwal-koled-pastoralek-i-piesni-bozonarodzeniowych","status":"publish","type":"post","link":"http:\/\/archiwum.festiwale.zakopane.pl\/festiwal-koled\/2022\/02\/07\/podziekowania-za-xiii-festiwal-koled-pastoralek-i-piesni-bozonarodzeniowych\/","title":{"rendered":"Podzi\u0119kowania za XIII Festiwal Kol\u0119d, Pastora\u0142ek i Pie\u015bni Bo\u017conarodzeniowych"},"content":{"rendered":"<div class=\"\" dir=\"auto\">\n<div id=\"jsc_c_7y\" class=\"ecm0bbzt hv4rvrfc ihqw7lf3 dati1w0a\" data-ad-comet-preview=\"message\" data-ad-preview=\"message\">\n<div class=\"j83agx80 cbu4d94t ew0dbk1b irj2b8pg\">\n<div class=\"qzhwtbm6 knvmm38d\">\n<div class=\"kvgmc6g5 cxmmr5t8 oygrvhab hcukyx3x c1et5uql ii04i59q\">\n<div dir=\"auto\"><strong>Tegoroczna 13 edycja Festiwalu Kol\u0119d, Pastora\u0142ek i Pie\u015bni Bo\u017conarodzeniowych \u201eDobrze ze\u015b sie Jezu pod Giewontem zrodziy\u0142\u2026\u201d dobieg\u0142a ko\u0144ca.<\/strong><\/div>\n<\/div>\n<div class=\"cxmmr5t8 oygrvhab hcukyx3x c1et5uql o9v6fnle ii04i59q\">\n<div dir=\"auto\"><strong>By\u0142 to niezwyk\u0142y czas, kt\u00f3ry obfitowa\u0142 w wiele pi\u0119knych i wzruszaj\u0105cych moment\u00f3w. Pozwoli\u0142 na wsp\u00f3lne prze\u017cywanie cudownego okresu, jakim jest przyj\u015bcie Boga na \u015bwiat w ubogiej stajence, w Betlejem. <\/strong><strong>Dzi\u0119ki muzyce, kt\u00f3ra rozbrzmia\u0142a w zakopia\u0144skich ko\u015bcio\u0142ach wie\u015b\u0107 o Festiwalu dotar\u0142a do najdalszych zak\u0105tk\u00f3w Polski. Wszystko to poprzez licznie przyby\u0142ych s\u0142uchaczy \u2013 zar\u00f3wno mieszka\u0144c\u00f3w Podhala, jak i turyst\u00f3w. Publiczno\u015b\u0107 ch\u0119tnie w\u0142\u0105cza\u0142a si\u0119 do wsp\u00f3lnego \u015bpiewania z Artystami ubogacaj\u0105c siebie wzajemnie.<\/strong><\/div>\n<\/div>\n<div dir=\"auto\"><\/div>\n<div class=\"cxmmr5t8 oygrvhab hcukyx3x c1et5uql o9v6fnle ii04i59q\">\n<div dir=\"auto\">Dzi\u0119kujemy Pa\u0144stwu za uczestnictwo w koncertach, a zakopia\u0144skim Ksi\u0119\u017com i Parafianom za \u017cyczliwo\u015b\u0107, go\u015bcinno\u015b\u0107 i nieocenion\u0105 pomoc przy organizacji wydarzenia:<\/div>\n<div dir=\"auto\">Sanktuarium Matki Bo\u017cej Objawiaj\u0105cej Cudowny Medalik, Ko\u015bci\u00f3\u0142 Jezuit\u00f3w pw. Matki Bo\u017cej Nieustaj\u0105cej Pomocy, Sanktuarium Naj\u015bwi\u0119tszej Rodziny w Zakopanem, Ko\u015bci\u00f3\u0142 pw. \u015awi\u0119tego Krzy\u017ca w Zakopanem, Parafia pw. \u015aw. Jana Aposto\u0142a i Ewangelisty w Zakopanem na Harendzie, Sanktuarium Narodowe Matki Bo\u017cej Fatimskiej Zakopane &#8211; Krzept\u00f3wki, Centrum Formacyjno- Szkoleniowe Ksi\u0119\u017c\u00f3wka, Ko\u015bci\u00f3\u0142 Rektoralny Matki Bo\u017cej Kr\u00f3lowej \u015awiata w Zakopanem, Ko\u015bci\u00f3\u0142 i Klasztor pw. \u015bw. Antoniego z Padwy w Zakopanem, Kaplica pw. Naj\u015bwi\u0119tszej Marii Panny Matki Zbawiciela, Ko\u015bci\u00f3\u0142 pw. Mi\u0142osierdzia Bo\u017cego na Cyrhli, Ko\u015bci\u00f3\u0142 pw. Mi\u0142osierdzia Bo\u017cego na Chramc\u00f3wkach.<\/div>\n<div dir=\"auto\"><\/div>\n<\/div>\n<div class=\"cxmmr5t8 oygrvhab hcukyx3x c1et5uql o9v6fnle ii04i59q\">\n<div dir=\"auto\">Wyrazy wdzi\u0119czno\u015bci przekazujemy tak\u017ce wspania\u0142ym Artystom, kt\u00f3rzy dostarczyli nam niezwyk\u0142ej uczty duchowej i muzycznej:<\/div>\n<div dir=\"auto\">Hanka Rybka, Parafialny Regionalny Zesp\u00f3\u0142 Giewont, 9 SIY\u0141, Kapela Hanki W\u00f3jciak, Zesp\u00f3\u0142 G\u00f3ralski im. Klimka Bachledy z Zakopanego , zesp\u00f3\u0142 Zyngry, zesp\u00f3\u0142 Harni, Podhala\u0144skie Stowarzyszenie \u015apiewacze \u201eTurliki\u201d, Zesp\u00f3\u0142 Ludowy Pie\u015bni i Ta\u0144ca \u201eMazowsze\u201d, Zesp\u00f3\u0142 Pa\u0144stwowych Szk\u00f3\u0142 Artystycznych w Zakopanem, Ch\u00f3r Canticum Lubilaeum z Limanowej, Natalia Kukulska, \u0141ukasz Zagrobelny, zespo\u0142u Regionalnego \u201eMa\u0142y Hop Cup\u201d.<\/div>\n<div dir=\"auto\"><\/div>\n<\/div>\n<div class=\"cxmmr5t8 oygrvhab hcukyx3x c1et5uql o9v6fnle ii04i59q\">\n<div dir=\"auto\">Podzi\u0119kowania sk\u0142adamy r\u00f3wnie\u017c Partnerom: Zakopia\u0144skiemu Centrum Kultury oraz Centrum Formacyjno \u2013 Szkoleniowym \u201eKsi\u0119\u017c\u00f3wka\u201d.<\/div>\n<div dir=\"auto\"><\/div>\n<\/div>\n<div class=\"cxmmr5t8 oygrvhab hcukyx3x c1et5uql o9v6fnle ii04i59q\">\n<div dir=\"auto\">Kol\u0119dy i Pastora\u0142ki wykonywane podczas Festiwalu by\u0142y s\u0142yszalne na ca\u0142ym \u015bwiecie ze wzgl\u0119du na przekaz medialny. Na antenie Programu Pierwszego Polskiego Radia mo\u017cna by\u0142o wys\u0142ucha\u0107 transmisji koncertu Parafialnego Regionalnego Zespo\u0142u Giewont, kt\u00f3ry zainaugurowa\u0142 13. Festiwal 24 grudnia 2021r., a w TVP Krak\u00f3w i w TVP3 widzowie mogli obejrze\u0107 retransmisj\u0119 koncertu Zespo\u0142u Ludowgo Pie\u015bni i Ta\u0144ca \u201eMazowsze\u201d, kt\u00f3ry odby\u0142 si\u0119 9 stycznia 2022r. w Sanktuarium Matki Bo\u017cej Objawiaj\u0105cej Cudowny Medalik.<\/div>\n<div dir=\"auto\"><\/div>\n<\/div>\n<div class=\"cxmmr5t8 oygrvhab hcukyx3x c1et5uql o9v6fnle ii04i59q\">\n<div dir=\"auto\">Bardzo serdecznie dzi\u0119kujemy mediom bez kt\u00f3rych Festiwal nie mia\u0142by tak szerokiego odbioru, a informacje o nim nie by\u0142yby upowszechnione. Patronat medialny nad tegoroczn\u0105 imprez\u0105 sprawowa\u0142y: Jedynka Polskie Radio, Radio Krak\u00f3w, Telewizja Polska S.A. Oddzia\u0142 w Krakowie, Polska Press Grupa, Go\u015b\u0107 Niedzielny, Niedziela Tygodnik Katolicki, Gazeta Krakowska, Tygodnik Podhala\u0144ski, Malopolskaonline.pl, Podhala\u0144ski Portal Informacyjny podhale24.pl, Podhala\u0144ski Serwis Informacyjny WATRA, Podhale Region, TVP Podhale, serwis informacyjny G\u00f3ral Info.<\/div>\n<div dir=\"auto\"><\/div>\n<\/div>\n<div class=\"cxmmr5t8 oygrvhab hcukyx3x c1et5uql o9v6fnle ii04i59q\">\n<div dir=\"auto\">Pragniemy tak\u017ce podzi\u0119kowa\u0107 za \u017cyczliwo\u015b\u0107 i pomoc wszystkim Osobom, kt\u00f3re w jakikolwiek spos\u00f3b przyczyni\u0142y si\u0119 do organizacji wydarzenia.<\/div>\n<\/div>\n<\/div>\n<\/div>\n<\/div>\n<\/div>\n","protected":false},"excerpt":{"rendered":"<p>Tegoroczna 13 edycja Festiwalu Kol\u0119d, Pastora\u0142ek i Pie\u015bni Bo\u017conarodzeniowych \u201eDobrze ze\u015b sie Jezu pod Giewontem [&hellip;]<\/p>\n","protected":false},"author":7,"featured_media":1456,"comment_status":"closed","ping_status":"closed","sticky":false,"template":"","format":"standard","meta":[],"categories":[1],"tags":[],"acf":[],"_links":{"self":[{"href":"http:\/\/archiwum.festiwale.zakopane.pl\/festiwal-koled\/wp-json\/wp\/v2\/posts\/1455"}],"collection":[{"href":"http:\/\/archiwum.festiwale.zakopane.pl\/festiwal-koled\/wp-json\/wp\/v2\/posts"}],"about":[{"href":"http:\/\/archiwum.festiwale.zakopane.pl\/festiwal-koled\/wp-json\/wp\/v2\/types\/post"}],"author":[{"embeddable":true,"href":"http:\/\/archiwum.festiwale.zakopane.pl\/festiwal-koled\/wp-json\/wp\/v2\/users\/7"}],"replies":[{"embeddable":true,"href":"http:\/\/archiwum.festiwale.zakopane.pl\/festiwal-koled\/wp-json\/wp\/v2\/comments?post=1455"}],"version-history":[{"count":3,"href":"http:\/\/archiwum.festiwale.zakopane.pl\/festiwal-koled\/wp-json\/wp\/v2\/posts\/1455\/revisions"}],"predecessor-version":[{"id":1459,"href":"http:\/\/archiwum.festiwale.zakopane.pl\/festiwal-koled\/wp-json\/wp\/v2\/posts\/1455\/revisions\/1459"}],"wp:featuredmedia":[{"embeddable":true,"href":"http:\/\/archiwum.festiwale.zakopane.pl\/festiwal-koled\/wp-json\/wp\/v2\/media\/1456"}],"wp:attachment":[{"href":"http:\/\/archiwum.festiwale.zakopane.pl\/festiwal-koled\/wp-json\/wp\/v2\/media?parent=1455"}],"wp:term":[{"taxonomy":"category","embeddable":true,"href":"http:\/\/archiwum.festiwale.zakopane.pl\/festiwal-koled\/wp-json\/wp\/v2\/categories?post=1455"},{"taxonomy":"post_tag","embeddable":true,"href":"http:\/\/archiwum.festiwale.zakopane.pl\/festiwal-koled\/wp-json\/wp\/v2\/tags?post=1455"}],"curies":[{"name":"wp","href":"https:\/\/api.w.org\/{rel}","templated":true}]}}