{"id":1391,"date":"2022-01-31T13:01:25","date_gmt":"2022-01-31T12:01:25","guid":{"rendered":"https:\/\/festiwale.zakopane.pl\/festiwal-koled\/?p=1391"},"modified":"2022-01-31T13:01:25","modified_gmt":"2022-01-31T12:01:25","slug":"radosne-koledowanie-z-lukaszem-zagrobelnym","status":"publish","type":"post","link":"http:\/\/archiwum.festiwale.zakopane.pl\/festiwal-koled\/2022\/01\/31\/radosne-koledowanie-z-lukaszem-zagrobelnym\/","title":{"rendered":"Radosne kol\u0119dowanie z \u0141ukaszem Zagrobelnym"},"content":{"rendered":"<p><strong>W minion\u0105 niedziel\u0119 30 stycznia 2022r. w Ko\u015bciele pw. Naj\u015bwi\u0119tszej Marii Panny Kr\u00f3lowej \u015awiata odby\u0142 si\u0119 koncert \u0141ukasza Zagrobelnego. Artysta porwa\u0142 publiczno\u015b\u0107 swoj\u0105 bezpo\u015brednio\u015bci\u0105 i zach\u0119ca\u0142 do wsp\u00f3lnego \u015bpiewania.<\/strong><\/p>\n<p>W repertuarze Artysty znalaz\u0142y si\u0119 nie tylko tradycyjne kol\u0119dy, takie jak &#8222;Cicha noc&#8221;, czy &#8222;Przybie\u017celi do Betlejem Pasterze&#8221;, ale tak\u017ce znane i kochane przez wszystkich przeboje, mi\u0119dzy innymi &#8222;Z kopyta kulig rwie&#8221; Skald\u00f3w, czy &#8222;Jest taki dzie\u0144&#8221; Seweryna Krajewskiego i Krzysztofa Dzikowskiego.<\/p>\n<p>By\u0142 to radosny koncert przepe\u0142niony wspomnieniami i opowie\u015bciami, a tak\u017ce wsp\u00f3lnym \u015bpiewaniem. Jak to uj\u0105\u0142 \u0141ukasz Zagrobelny &#8211; muzykalno\u015b\u0107 przyby\u0142ej publiczno\u015bci jest godna podziwu i czyst\u0105 rado\u015bci\u0105 jest kol\u0119dowanie w takim towarzystwie i w takim miejscu.<\/p>\n<p>&nbsp;<\/p>\n<p>(PK)<\/p>\n<p>Zdj\u0119cia: APM<\/p>\n<div id='gallery-1' class='gallery galleryid-1391 gallery-columns-3 gallery-size-thumbnail'><figure class='gallery-item'>\n\t\t\t<div class='gallery-icon landscape'>\n\t\t\t\t<a href='http:\/\/archiwum.festiwale.zakopane.pl\/festiwal-koled\/2022\/01\/31\/radosne-koledowanie-z-lukaszem-zagrobelnym\/dsc_9418-male\/'><img width=\"160\" height=\"160\" src=\"http:\/\/archiwum.festiwale.zakopane.pl\/festiwal-koled\/wp-content\/uploads\/sites\/2\/2022\/01\/DSC_9418-male-160x160.jpg\" class=\"attachment-thumbnail size-thumbnail\" alt=\"\" loading=\"lazy\" \/><\/a>\n\t\t\t<\/div><\/figure><figure class='gallery-item'>\n\t\t\t<div class='gallery-icon landscape'>\n\t\t\t\t<a href='http:\/\/archiwum.festiwale.zakopane.pl\/festiwal-koled\/2022\/01\/31\/radosne-koledowanie-z-lukaszem-zagrobelnym\/dsc_9421-male-2\/'><img width=\"160\" height=\"160\" src=\"http:\/\/archiwum.festiwale.zakopane.pl\/festiwal-koled\/wp-content\/uploads\/sites\/2\/2022\/01\/DSC_9421-male-1-160x160.jpg\" class=\"attachment-thumbnail size-thumbnail\" alt=\"\" loading=\"lazy\" \/><\/a>\n\t\t\t<\/div><\/figure><figure class='gallery-item'>\n\t\t\t<div class='gallery-icon landscape'>\n\t\t\t\t<a href='http:\/\/archiwum.festiwale.zakopane.pl\/festiwal-koled\/2022\/01\/31\/radosne-koledowanie-z-lukaszem-zagrobelnym\/dsc_9426-male\/'><img width=\"160\" height=\"160\" src=\"http:\/\/archiwum.festiwale.zakopane.pl\/festiwal-koled\/wp-content\/uploads\/sites\/2\/2022\/01\/DSC_9426-male-160x160.jpg\" class=\"attachment-thumbnail size-thumbnail\" alt=\"\" loading=\"lazy\" \/><\/a>\n\t\t\t<\/div><\/figure><figure class='gallery-item'>\n\t\t\t<div class='gallery-icon landscape'>\n\t\t\t\t<a href='http:\/\/archiwum.festiwale.zakopane.pl\/festiwal-koled\/2022\/01\/31\/radosne-koledowanie-z-lukaszem-zagrobelnym\/dsc_9428-male\/'><img width=\"160\" height=\"160\" src=\"http:\/\/archiwum.festiwale.zakopane.pl\/festiwal-koled\/wp-content\/uploads\/sites\/2\/2022\/01\/DSC_9428-male-160x160.jpg\" class=\"attachment-thumbnail size-thumbnail\" alt=\"\" loading=\"lazy\" \/><\/a>\n\t\t\t<\/div><\/figure><figure class='gallery-item'>\n\t\t\t<div class='gallery-icon landscape'>\n\t\t\t\t<a href='http:\/\/archiwum.festiwale.zakopane.pl\/festiwal-koled\/2022\/01\/31\/radosne-koledowanie-z-lukaszem-zagrobelnym\/dsc_9435-male\/'><img width=\"160\" height=\"160\" src=\"http:\/\/archiwum.festiwale.zakopane.pl\/festiwal-koled\/wp-content\/uploads\/sites\/2\/2022\/01\/DSC_9435-male-160x160.jpg\" class=\"attachment-thumbnail size-thumbnail\" alt=\"\" loading=\"lazy\" \/><\/a>\n\t\t\t<\/div><\/figure><figure class='gallery-item'>\n\t\t\t<div class='gallery-icon landscape'>\n\t\t\t\t<a href='http:\/\/archiwum.festiwale.zakopane.pl\/festiwal-koled\/2022\/01\/31\/radosne-koledowanie-z-lukaszem-zagrobelnym\/dsc_9444-male\/'><img width=\"160\" height=\"160\" src=\"http:\/\/archiwum.festiwale.zakopane.pl\/festiwal-koled\/wp-content\/uploads\/sites\/2\/2022\/01\/DSC_9444-male-160x160.jpg\" class=\"attachment-thumbnail size-thumbnail\" alt=\"\" loading=\"lazy\" \/><\/a>\n\t\t\t<\/div><\/figure><figure class='gallery-item'>\n\t\t\t<div class='gallery-icon landscape'>\n\t\t\t\t<a href='http:\/\/archiwum.festiwale.zakopane.pl\/festiwal-koled\/2022\/01\/31\/radosne-koledowanie-z-lukaszem-zagrobelnym\/dsc_9445-male\/'><img width=\"160\" height=\"160\" src=\"http:\/\/archiwum.festiwale.zakopane.pl\/festiwal-koled\/wp-content\/uploads\/sites\/2\/2022\/01\/DSC_9445-male-160x160.jpg\" class=\"attachment-thumbnail size-thumbnail\" alt=\"\" loading=\"lazy\" \/><\/a>\n\t\t\t<\/div><\/figure><figure class='gallery-item'>\n\t\t\t<div class='gallery-icon landscape'>\n\t\t\t\t<a href='http:\/\/archiwum.festiwale.zakopane.pl\/festiwal-koled\/2022\/01\/31\/radosne-koledowanie-z-lukaszem-zagrobelnym\/dsc_9445-male-2\/'><img width=\"160\" height=\"160\" src=\"http:\/\/archiwum.festiwale.zakopane.pl\/festiwal-koled\/wp-content\/uploads\/sites\/2\/2022\/01\/DSC_9445-male-1-160x160.jpg\" class=\"attachment-thumbnail size-thumbnail\" alt=\"\" loading=\"lazy\" \/><\/a>\n\t\t\t<\/div><\/figure><figure class='gallery-item'>\n\t\t\t<div class='gallery-icon landscape'>\n\t\t\t\t<a href='http:\/\/archiwum.festiwale.zakopane.pl\/festiwal-koled\/2022\/01\/31\/radosne-koledowanie-z-lukaszem-zagrobelnym\/dsc_9448-male\/'><img width=\"160\" height=\"160\" src=\"http:\/\/archiwum.festiwale.zakopane.pl\/festiwal-koled\/wp-content\/uploads\/sites\/2\/2022\/01\/DSC_9448-male-160x160.jpg\" class=\"attachment-thumbnail size-thumbnail\" alt=\"\" loading=\"lazy\" \/><\/a>\n\t\t\t<\/div><\/figure><figure class='gallery-item'>\n\t\t\t<div class='gallery-icon landscape'>\n\t\t\t\t<a href='http:\/\/archiwum.festiwale.zakopane.pl\/festiwal-koled\/2022\/01\/31\/radosne-koledowanie-z-lukaszem-zagrobelnym\/dsc_9452-male\/'><img width=\"160\" height=\"160\" src=\"http:\/\/archiwum.festiwale.zakopane.pl\/festiwal-koled\/wp-content\/uploads\/sites\/2\/2022\/01\/DSC_9452-male-160x160.jpg\" class=\"attachment-thumbnail size-thumbnail\" alt=\"\" loading=\"lazy\" \/><\/a>\n\t\t\t<\/div><\/figure><figure class='gallery-item'>\n\t\t\t<div class='gallery-icon landscape'>\n\t\t\t\t<a href='http:\/\/archiwum.festiwale.zakopane.pl\/festiwal-koled\/2022\/01\/31\/radosne-koledowanie-z-lukaszem-zagrobelnym\/dsc_9452-male-2\/'><img width=\"160\" height=\"160\" src=\"http:\/\/archiwum.festiwale.zakopane.pl\/festiwal-koled\/wp-content\/uploads\/sites\/2\/2022\/01\/DSC_9452-male-1-160x160.jpg\" class=\"attachment-thumbnail size-thumbnail\" alt=\"\" loading=\"lazy\" \/><\/a>\n\t\t\t<\/div><\/figure><figure class='gallery-item'>\n\t\t\t<div class='gallery-icon landscape'>\n\t\t\t\t<a href='http:\/\/archiwum.festiwale.zakopane.pl\/festiwal-koled\/2022\/01\/31\/radosne-koledowanie-z-lukaszem-zagrobelnym\/male-mele\/'><img width=\"160\" height=\"160\" src=\"http:\/\/archiwum.festiwale.zakopane.pl\/festiwal-koled\/wp-content\/uploads\/sites\/2\/2022\/01\/male-mele-160x160.jpg\" class=\"attachment-thumbnail size-thumbnail\" alt=\"\" loading=\"lazy\" \/><\/a>\n\t\t\t<\/div><\/figure>\n\t\t<\/div>\n\n","protected":false},"excerpt":{"rendered":"<p>W minion\u0105 niedziel\u0119 30 stycznia 2022r. w Ko\u015bciele pw. Naj\u015bwi\u0119tszej Marii Panny Kr\u00f3lowej \u015awiata odby\u0142 [&hellip;]<\/p>\n","protected":false},"author":7,"featured_media":1392,"comment_status":"closed","ping_status":"closed","sticky":false,"template":"","format":"standard","meta":[],"categories":[1],"tags":[],"acf":[],"_links":{"self":[{"href":"http:\/\/archiwum.festiwale.zakopane.pl\/festiwal-koled\/wp-json\/wp\/v2\/posts\/1391"}],"collection":[{"href":"http:\/\/archiwum.festiwale.zakopane.pl\/festiwal-koled\/wp-json\/wp\/v2\/posts"}],"about":[{"href":"http:\/\/archiwum.festiwale.zakopane.pl\/festiwal-koled\/wp-json\/wp\/v2\/types\/post"}],"author":[{"embeddable":true,"href":"http:\/\/archiwum.festiwale.zakopane.pl\/festiwal-koled\/wp-json\/wp\/v2\/users\/7"}],"replies":[{"embeddable":true,"href":"http:\/\/archiwum.festiwale.zakopane.pl\/festiwal-koled\/wp-json\/wp\/v2\/comments?post=1391"}],"version-history":[{"count":1,"href":"http:\/\/archiwum.festiwale.zakopane.pl\/festiwal-koled\/wp-json\/wp\/v2\/posts\/1391\/revisions"}],"predecessor-version":[{"id":1405,"href":"http:\/\/archiwum.festiwale.zakopane.pl\/festiwal-koled\/wp-json\/wp\/v2\/posts\/1391\/revisions\/1405"}],"wp:featuredmedia":[{"embeddable":true,"href":"http:\/\/archiwum.festiwale.zakopane.pl\/festiwal-koled\/wp-json\/wp\/v2\/media\/1392"}],"wp:attachment":[{"href":"http:\/\/archiwum.festiwale.zakopane.pl\/festiwal-koled\/wp-json\/wp\/v2\/media?parent=1391"}],"wp:term":[{"taxonomy":"category","embeddable":true,"href":"http:\/\/archiwum.festiwale.zakopane.pl\/festiwal-koled\/wp-json\/wp\/v2\/categories?post=1391"},{"taxonomy":"post_tag","embeddable":true,"href":"http:\/\/archiwum.festiwale.zakopane.pl\/festiwal-koled\/wp-json\/wp\/v2\/tags?post=1391"}],"curies":[{"name":"wp","href":"https:\/\/api.w.org\/{rel}","templated":true}]}}