{"id":1388,"date":"2022-01-31T11:15:30","date_gmt":"2022-01-31T10:15:30","guid":{"rendered":"https:\/\/festiwale.zakopane.pl\/festiwal-koled\/?p=1388"},"modified":"2022-01-31T11:15:30","modified_gmt":"2022-01-31T10:15:30","slug":"zespol-harni-konczy-xiii-festiwal-koled-pastoralek-i-piesni-bozonarodzeniowych","status":"publish","type":"post","link":"http:\/\/archiwum.festiwale.zakopane.pl\/festiwal-koled\/2022\/01\/31\/zespol-harni-konczy-xiii-festiwal-koled-pastoralek-i-piesni-bozonarodzeniowych\/","title":{"rendered":"Zesp\u00f3\u0142 &#8222;Harni&#8221; ko\u0144czy XIII Festiwal Kol\u0119d, Pastora\u0142ek i Pie\u015bni Bo\u017conarodzeniowych"},"content":{"rendered":"<p><strong>Powoli zmierzamy do ko\u0144ca XIII edycji Festiwalu Kol\u0119d, Pastora\u0142ek i Pie\u015bni Bo\u017conarodzeniowych &#8222;Dobrze ze\u015b sie Jezu pod Giewontem zrodziy\u0142&#8230;&#8221;. Przed nami jeszcze jeden koncert &#8211; w \u015brod\u0119 (02.02.2022r.) w Sanktuarium \u015aw. Antoniego na Bulwarach S\u0142owackiego 33 zagra zespo\u0142u &#8222;Harni&#8221;. O godzinie 18.00 Msza \u015awi\u0119ta, a tu\u017c po niej koncert. <\/strong><\/p>\n<p>Harni to grupa przyjaci\u00f3\u0142, kt\u00f3rzy w 2005 roku rozpocz\u0119li swoj\u0105 muzyczn\u0105 przygod\u0119 od pracy nad opraw\u0105 Triduum Paschalnego podczas \u015awi\u0105t Wielkiej Nocy. Pocz\u0105tkowo zesp\u00f3\u0142 liczy\u0142 kilka os\u00f3b, ale z czasem do grupy do\u0142\u0105czy\u0142y nowe \u015bpiewaczki i muzycy.<\/p>\n<p>Obecnie z zespo\u0142em wsp\u00f3\u0142pracuje uzdolniony skrzypek ze S\u0142owacji &#8211; Marek Kon\u010dek, kt\u00f3ry zajmuje si\u0119 r\u00f3wnie\u017c profesjonalnym aran\u017cowaniem utwor\u00f3w wykonywanych przez zesp\u00f3\u0142.<\/p>\n<p>Sk\u0142ad instrumentalny zespo\u0142u, to: skrzypce, alt\u00f3wka, akordeon, cymba\u0142y w\u0119gierskie i kontrabas, ale podczas koncert\u00f3w Harni si\u0119gaj\u0105 tak\u017ce po oryginalne instrumenty g\u00f3ralskie, takie jak: pasterskie piszcza\u0142ki i basy podhala\u0144skie.<\/p>\n<p>Serdecznie zapraszamy!<\/p>\n<p>(PK)<\/p>\n","protected":false},"excerpt":{"rendered":"<p>Powoli zmierzamy do ko\u0144ca XIII edycji Festiwalu Kol\u0119d, Pastora\u0142ek i Pie\u015bni Bo\u017conarodzeniowych &#8222;Dobrze ze\u015b sie [&hellip;]<\/p>\n","protected":false},"author":7,"featured_media":1389,"comment_status":"closed","ping_status":"closed","sticky":false,"template":"","format":"standard","meta":[],"categories":[1],"tags":[],"acf":[],"_links":{"self":[{"href":"http:\/\/archiwum.festiwale.zakopane.pl\/festiwal-koled\/wp-json\/wp\/v2\/posts\/1388"}],"collection":[{"href":"http:\/\/archiwum.festiwale.zakopane.pl\/festiwal-koled\/wp-json\/wp\/v2\/posts"}],"about":[{"href":"http:\/\/archiwum.festiwale.zakopane.pl\/festiwal-koled\/wp-json\/wp\/v2\/types\/post"}],"author":[{"embeddable":true,"href":"http:\/\/archiwum.festiwale.zakopane.pl\/festiwal-koled\/wp-json\/wp\/v2\/users\/7"}],"replies":[{"embeddable":true,"href":"http:\/\/archiwum.festiwale.zakopane.pl\/festiwal-koled\/wp-json\/wp\/v2\/comments?post=1388"}],"version-history":[{"count":1,"href":"http:\/\/archiwum.festiwale.zakopane.pl\/festiwal-koled\/wp-json\/wp\/v2\/posts\/1388\/revisions"}],"predecessor-version":[{"id":1390,"href":"http:\/\/archiwum.festiwale.zakopane.pl\/festiwal-koled\/wp-json\/wp\/v2\/posts\/1388\/revisions\/1390"}],"wp:featuredmedia":[{"embeddable":true,"href":"http:\/\/archiwum.festiwale.zakopane.pl\/festiwal-koled\/wp-json\/wp\/v2\/media\/1389"}],"wp:attachment":[{"href":"http:\/\/archiwum.festiwale.zakopane.pl\/festiwal-koled\/wp-json\/wp\/v2\/media?parent=1388"}],"wp:term":[{"taxonomy":"category","embeddable":true,"href":"http:\/\/archiwum.festiwale.zakopane.pl\/festiwal-koled\/wp-json\/wp\/v2\/categories?post=1388"},{"taxonomy":"post_tag","embeddable":true,"href":"http:\/\/archiwum.festiwale.zakopane.pl\/festiwal-koled\/wp-json\/wp\/v2\/tags?post=1388"}],"curies":[{"name":"wp","href":"https:\/\/api.w.org\/{rel}","templated":true}]}}