{"id":1382,"date":"2022-01-27T12:20:37","date_gmt":"2022-01-27T11:20:37","guid":{"rendered":"https:\/\/festiwale.zakopane.pl\/festiwal-koled\/?p=1382"},"modified":"2022-01-27T12:20:37","modified_gmt":"2022-01-27T11:20:37","slug":"koncert-haliny-frackowiak-odwolany","status":"publish","type":"post","link":"http:\/\/archiwum.festiwale.zakopane.pl\/festiwal-koled\/2022\/01\/27\/koncert-haliny-frackowiak-odwolany\/","title":{"rendered":"Koncert Haliny Fr\u0105ckowiak odwo\u0142any!!!"},"content":{"rendered":"<p>Z przyczyn niezale\u017cnych od Organizatora koncert w dniu 29 stycznia tj. sobota w Ko\u015bciele pw. Mi\u0142osierdzia Bo\u017cego, ul. Chramc\u00f3wki 19,\u00a0 jest odwo\u0142any.<\/p>\n","protected":false},"excerpt":{"rendered":"<p>Z przyczyn niezale\u017cnych od Organizatora koncert w dniu 29 stycznia tj. sobota w Ko\u015bciele pw. [&hellip;]<\/p>\n","protected":false},"author":7,"featured_media":1383,"comment_status":"closed","ping_status":"closed","sticky":false,"template":"","format":"standard","meta":[],"categories":[1],"tags":[],"acf":[],"_links":{"self":[{"href":"http:\/\/archiwum.festiwale.zakopane.pl\/festiwal-koled\/wp-json\/wp\/v2\/posts\/1382"}],"collection":[{"href":"http:\/\/archiwum.festiwale.zakopane.pl\/festiwal-koled\/wp-json\/wp\/v2\/posts"}],"about":[{"href":"http:\/\/archiwum.festiwale.zakopane.pl\/festiwal-koled\/wp-json\/wp\/v2\/types\/post"}],"author":[{"embeddable":true,"href":"http:\/\/archiwum.festiwale.zakopane.pl\/festiwal-koled\/wp-json\/wp\/v2\/users\/7"}],"replies":[{"embeddable":true,"href":"http:\/\/archiwum.festiwale.zakopane.pl\/festiwal-koled\/wp-json\/wp\/v2\/comments?post=1382"}],"version-history":[{"count":1,"href":"http:\/\/archiwum.festiwale.zakopane.pl\/festiwal-koled\/wp-json\/wp\/v2\/posts\/1382\/revisions"}],"predecessor-version":[{"id":1384,"href":"http:\/\/archiwum.festiwale.zakopane.pl\/festiwal-koled\/wp-json\/wp\/v2\/posts\/1382\/revisions\/1384"}],"wp:featuredmedia":[{"embeddable":true,"href":"http:\/\/archiwum.festiwale.zakopane.pl\/festiwal-koled\/wp-json\/wp\/v2\/media\/1383"}],"wp:attachment":[{"href":"http:\/\/archiwum.festiwale.zakopane.pl\/festiwal-koled\/wp-json\/wp\/v2\/media?parent=1382"}],"wp:term":[{"taxonomy":"category","embeddable":true,"href":"http:\/\/archiwum.festiwale.zakopane.pl\/festiwal-koled\/wp-json\/wp\/v2\/categories?post=1382"},{"taxonomy":"post_tag","embeddable":true,"href":"http:\/\/archiwum.festiwale.zakopane.pl\/festiwal-koled\/wp-json\/wp\/v2\/tags?post=1382"}],"curies":[{"name":"wp","href":"https:\/\/api.w.org\/{rel}","templated":true}]}}