{"id":1322,"date":"2022-01-17T12:23:42","date_gmt":"2022-01-17T11:23:42","guid":{"rendered":"https:\/\/festiwale.zakopane.pl\/festiwal-koled\/?p=1322"},"modified":"2022-01-17T12:23:42","modified_gmt":"2022-01-17T11:23:42","slug":"goralskie-koledowanie-na-harendzie","status":"publish","type":"post","link":"http:\/\/archiwum.festiwale.zakopane.pl\/festiwal-koled\/2022\/01\/17\/goralskie-koledowanie-na-harendzie\/","title":{"rendered":"G\u00f3ralskie kol\u0119dowanie na Harendzie"},"content":{"rendered":"<p>Niedzielne po\u0142udnie w Zakopanem, 16 stycznia, okaza\u0142o si\u0119 wyj\u0105tkowe. Regionalne pastora\u0142ki<br \/>\nw wykonaniu zespo\u0142u \u201e9 Siy\u0142\u201d wype\u0142ni\u0142y ko\u015bci\u00f3\u0142 parafialny pw. \u015bw. Jana Aposto\u0142a i Ewangelisty na<br \/>\nHarendzie.<\/p>\n<p>Zesp\u00f3\u0142 \u201e9 Siy\u0142\u201d jest grup\u0105 dziewi\u0119ciu utalentowanych, m\u0142odych przyjaci\u00f3\u0142 z Zakopanego i<br \/>\nokolicznych, podhala\u0144skich miejscowo\u015bci: Bia\u0142ego Dunajca, Cichego, Ko\u015bcieliska. Powsta\u0142a na<br \/>\npotrzeby nagrania programu \u201eZiarno\u201d w TVP 1. Jednak na jednym nagraniu si\u0119 nie sko\u0144czy\u0142o \u2013 grupa<br \/>\ndzia\u0142a ju\u017c od wielu lat. M\u0142odzie\u017c graj\u0105ca obecnie w zespole jest kolejnym pokoleniem kultywuj\u0105cym<br \/>\nt\u0105 pi\u0119kn\u0105 tradycj\u0119, zapocz\u0105tkowan\u0105 przez swoich dziadk\u00f3w i rodzic\u00f3w \u2013 cenionych w regionie<br \/>\nmuzyk\u00f3w, \u015bpiewak\u00f3w i instruktor\u00f3w zespo\u0142\u00f3w.<\/p>\n<p>Nazwa \u201e9 Siy\u0142\u201d oznacza kwiat dziewi\u0119\u0107si\u0142. Jest to g\u00f3ralska nazwa ro\u015bliny uwa\u017canej do dzi\u015b jako<br \/>\nsymbol silnej wi\u0119zi cz\u0142owieka z niebem i ziemi\u0105. Z motywem kwiatu cz\u0119sto mo\u017cna si\u0119 spotka\u0107 w<br \/>\npodhala\u0144skim zdobnictwie. To w\u0142a\u015bnie magiczna moc ro\u015bliny kojarzona jest z r\u00f3\u017cnorodno\u015bci\u0105 i si\u0142\u0105<br \/>\nosobowo\u015bci nale\u017c\u0105cych do zespo\u0142u muzyk\u00f3w. Ich niepowtarzalna muzyka r\u00f3wnie\u017c sta\u0142a si\u0119<br \/>\nodwzorowaniem symbolu niezwyk\u0142ego kwiatu.<\/p>\n<p>Zesp\u00f3\u0142 wprowadzi\u0142 zgromadzonych w \u015bwi\u0105teczny nastr\u00f3j pi\u0119knym wykonaniem tradycyjnych,<br \/>\ng\u00f3ralskich pie\u015bni. Sw\u00f3j wyst\u0119p m\u0142odzi muzycy zwie\u0144czyli elementami tzw. \u201eSzopki Zakopia\u0144skiej\u201d \u2013<br \/>\nnajstarszej, znanej na Podhalu formy jase\u0142ek. Za niezapomniany koncert g\u00f3ralskiej m\u0142odzie\u017cy<br \/>\npodzi\u0119kowa\u0142 Burmistrz Miasta Zakopane Leszek Dorula.<\/p>\n<p>(KS)<\/p>\n<div id='gallery-1' class='gallery galleryid-1322 gallery-columns-3 gallery-size-thumbnail'><figure class='gallery-item'>\n\t\t\t<div class='gallery-icon landscape'>\n\t\t\t\t<a href='http:\/\/archiwum.festiwale.zakopane.pl\/festiwal-koled\/2022\/01\/17\/goralskie-koledowanie-na-harendzie\/img_4338\/'><img width=\"160\" height=\"160\" src=\"http:\/\/archiwum.festiwale.zakopane.pl\/festiwal-koled\/wp-content\/uploads\/sites\/2\/2022\/01\/IMG_4338-160x160.jpg\" class=\"attachment-thumbnail size-thumbnail\" alt=\"\" loading=\"lazy\" \/><\/a>\n\t\t\t<\/div><\/figure><figure class='gallery-item'>\n\t\t\t<div class='gallery-icon landscape'>\n\t\t\t\t<a href='http:\/\/archiwum.festiwale.zakopane.pl\/festiwal-koled\/2022\/01\/17\/goralskie-koledowanie-na-harendzie\/img_4352\/'><img width=\"160\" height=\"160\" src=\"http:\/\/archiwum.festiwale.zakopane.pl\/festiwal-koled\/wp-content\/uploads\/sites\/2\/2022\/01\/IMG_4352-160x160.jpg\" class=\"attachment-thumbnail size-thumbnail\" alt=\"\" loading=\"lazy\" \/><\/a>\n\t\t\t<\/div><\/figure><figure class='gallery-item'>\n\t\t\t<div class='gallery-icon landscape'>\n\t\t\t\t<a href='http:\/\/archiwum.festiwale.zakopane.pl\/festiwal-koled\/2022\/01\/17\/goralskie-koledowanie-na-harendzie\/img_4357\/'><img width=\"160\" height=\"160\" src=\"http:\/\/archiwum.festiwale.zakopane.pl\/festiwal-koled\/wp-content\/uploads\/sites\/2\/2022\/01\/IMG_4357-160x160.jpg\" class=\"attachment-thumbnail size-thumbnail\" alt=\"\" loading=\"lazy\" \/><\/a>\n\t\t\t<\/div><\/figure><figure class='gallery-item'>\n\t\t\t<div class='gallery-icon portrait'>\n\t\t\t\t<a href='http:\/\/archiwum.festiwale.zakopane.pl\/festiwal-koled\/2022\/01\/17\/goralskie-koledowanie-na-harendzie\/img_4361\/'><img width=\"160\" height=\"160\" src=\"http:\/\/archiwum.festiwale.zakopane.pl\/festiwal-koled\/wp-content\/uploads\/sites\/2\/2022\/01\/IMG_4361-160x160.jpg\" class=\"attachment-thumbnail size-thumbnail\" alt=\"\" loading=\"lazy\" \/><\/a>\n\t\t\t<\/div><\/figure><figure class='gallery-item'>\n\t\t\t<div class='gallery-icon landscape'>\n\t\t\t\t<a href='http:\/\/archiwum.festiwale.zakopane.pl\/festiwal-koled\/2022\/01\/17\/goralskie-koledowanie-na-harendzie\/img_4363\/'><img width=\"160\" height=\"160\" src=\"http:\/\/archiwum.festiwale.zakopane.pl\/festiwal-koled\/wp-content\/uploads\/sites\/2\/2022\/01\/IMG_4363-160x160.jpg\" class=\"attachment-thumbnail size-thumbnail\" alt=\"\" loading=\"lazy\" \/><\/a>\n\t\t\t<\/div><\/figure><figure class='gallery-item'>\n\t\t\t<div class='gallery-icon portrait'>\n\t\t\t\t<a href='http:\/\/archiwum.festiwale.zakopane.pl\/festiwal-koled\/2022\/01\/17\/goralskie-koledowanie-na-harendzie\/img_4366\/'><img width=\"160\" height=\"160\" src=\"http:\/\/archiwum.festiwale.zakopane.pl\/festiwal-koled\/wp-content\/uploads\/sites\/2\/2022\/01\/IMG_4366-160x160.jpg\" class=\"attachment-thumbnail size-thumbnail\" alt=\"\" loading=\"lazy\" \/><\/a>\n\t\t\t<\/div><\/figure><figure class='gallery-item'>\n\t\t\t<div class='gallery-icon landscape'>\n\t\t\t\t<a href='http:\/\/archiwum.festiwale.zakopane.pl\/festiwal-koled\/2022\/01\/17\/goralskie-koledowanie-na-harendzie\/img_4374\/'><img width=\"160\" height=\"160\" src=\"http:\/\/archiwum.festiwale.zakopane.pl\/festiwal-koled\/wp-content\/uploads\/sites\/2\/2022\/01\/IMG_4374-160x160.jpg\" class=\"attachment-thumbnail size-thumbnail\" alt=\"\" loading=\"lazy\" \/><\/a>\n\t\t\t<\/div><\/figure><figure class='gallery-item'>\n\t\t\t<div class='gallery-icon portrait'>\n\t\t\t\t<a href='http:\/\/archiwum.festiwale.zakopane.pl\/festiwal-koled\/2022\/01\/17\/goralskie-koledowanie-na-harendzie\/img_4382\/'><img width=\"160\" height=\"160\" src=\"http:\/\/archiwum.festiwale.zakopane.pl\/festiwal-koled\/wp-content\/uploads\/sites\/2\/2022\/01\/IMG_4382-160x160.jpg\" class=\"attachment-thumbnail size-thumbnail\" alt=\"\" loading=\"lazy\" \/><\/a>\n\t\t\t<\/div><\/figure><figure class='gallery-item'>\n\t\t\t<div class='gallery-icon portrait'>\n\t\t\t\t<a href='http:\/\/archiwum.festiwale.zakopane.pl\/festiwal-koled\/2022\/01\/17\/goralskie-koledowanie-na-harendzie\/img_4383\/'><img width=\"160\" height=\"160\" src=\"http:\/\/archiwum.festiwale.zakopane.pl\/festiwal-koled\/wp-content\/uploads\/sites\/2\/2022\/01\/IMG_4383-160x160.jpg\" class=\"attachment-thumbnail size-thumbnail\" alt=\"\" loading=\"lazy\" \/><\/a>\n\t\t\t<\/div><\/figure><figure class='gallery-item'>\n\t\t\t<div class='gallery-icon landscape'>\n\t\t\t\t<a href='http:\/\/archiwum.festiwale.zakopane.pl\/festiwal-koled\/2022\/01\/17\/goralskie-koledowanie-na-harendzie\/img_4386\/'><img width=\"160\" height=\"160\" src=\"http:\/\/archiwum.festiwale.zakopane.pl\/festiwal-koled\/wp-content\/uploads\/sites\/2\/2022\/01\/IMG_4386-160x160.jpg\" class=\"attachment-thumbnail size-thumbnail\" alt=\"\" loading=\"lazy\" \/><\/a>\n\t\t\t<\/div><\/figure><figure class='gallery-item'>\n\t\t\t<div class='gallery-icon portrait'>\n\t\t\t\t<a href='http:\/\/archiwum.festiwale.zakopane.pl\/festiwal-koled\/2022\/01\/17\/goralskie-koledowanie-na-harendzie\/img_4392\/'><img width=\"160\" height=\"160\" src=\"http:\/\/archiwum.festiwale.zakopane.pl\/festiwal-koled\/wp-content\/uploads\/sites\/2\/2022\/01\/IMG_4392-160x160.jpg\" class=\"attachment-thumbnail size-thumbnail\" alt=\"\" loading=\"lazy\" \/><\/a>\n\t\t\t<\/div><\/figure><figure class='gallery-item'>\n\t\t\t<div class='gallery-icon landscape'>\n\t\t\t\t<a href='http:\/\/archiwum.festiwale.zakopane.pl\/festiwal-koled\/2022\/01\/17\/goralskie-koledowanie-na-harendzie\/img_4393\/'><img width=\"160\" height=\"160\" src=\"http:\/\/archiwum.festiwale.zakopane.pl\/festiwal-koled\/wp-content\/uploads\/sites\/2\/2022\/01\/IMG_4393-160x160.jpg\" class=\"attachment-thumbnail size-thumbnail\" alt=\"\" loading=\"lazy\" \/><\/a>\n\t\t\t<\/div><\/figure><figure class='gallery-item'>\n\t\t\t<div class='gallery-icon landscape'>\n\t\t\t\t<a href='http:\/\/archiwum.festiwale.zakopane.pl\/festiwal-koled\/2022\/01\/17\/goralskie-koledowanie-na-harendzie\/img_4399\/'><img width=\"160\" height=\"160\" src=\"http:\/\/archiwum.festiwale.zakopane.pl\/festiwal-koled\/wp-content\/uploads\/sites\/2\/2022\/01\/IMG_4399-160x160.jpg\" class=\"attachment-thumbnail size-thumbnail\" alt=\"\" loading=\"lazy\" \/><\/a>\n\t\t\t<\/div><\/figure>\n\t\t<\/div>\n\n<p>(KSR)<\/p>\n","protected":false},"excerpt":{"rendered":"<p>Niedzielne po\u0142udnie w Zakopanem, 16 stycznia, okaza\u0142o si\u0119 wyj\u0105tkowe. Regionalne pastora\u0142ki w wykonaniu zespo\u0142u \u201e9 [&hellip;]<\/p>\n","protected":false},"author":7,"featured_media":1326,"comment_status":"closed","ping_status":"closed","sticky":false,"template":"","format":"standard","meta":[],"categories":[1],"tags":[],"acf":[],"_links":{"self":[{"href":"http:\/\/archiwum.festiwale.zakopane.pl\/festiwal-koled\/wp-json\/wp\/v2\/posts\/1322"}],"collection":[{"href":"http:\/\/archiwum.festiwale.zakopane.pl\/festiwal-koled\/wp-json\/wp\/v2\/posts"}],"about":[{"href":"http:\/\/archiwum.festiwale.zakopane.pl\/festiwal-koled\/wp-json\/wp\/v2\/types\/post"}],"author":[{"embeddable":true,"href":"http:\/\/archiwum.festiwale.zakopane.pl\/festiwal-koled\/wp-json\/wp\/v2\/users\/7"}],"replies":[{"embeddable":true,"href":"http:\/\/archiwum.festiwale.zakopane.pl\/festiwal-koled\/wp-json\/wp\/v2\/comments?post=1322"}],"version-history":[{"count":1,"href":"http:\/\/archiwum.festiwale.zakopane.pl\/festiwal-koled\/wp-json\/wp\/v2\/posts\/1322\/revisions"}],"predecessor-version":[{"id":1338,"href":"http:\/\/archiwum.festiwale.zakopane.pl\/festiwal-koled\/wp-json\/wp\/v2\/posts\/1322\/revisions\/1338"}],"wp:featuredmedia":[{"embeddable":true,"href":"http:\/\/archiwum.festiwale.zakopane.pl\/festiwal-koled\/wp-json\/wp\/v2\/media\/1326"}],"wp:attachment":[{"href":"http:\/\/archiwum.festiwale.zakopane.pl\/festiwal-koled\/wp-json\/wp\/v2\/media?parent=1322"}],"wp:term":[{"taxonomy":"category","embeddable":true,"href":"http:\/\/archiwum.festiwale.zakopane.pl\/festiwal-koled\/wp-json\/wp\/v2\/categories?post=1322"},{"taxonomy":"post_tag","embeddable":true,"href":"http:\/\/archiwum.festiwale.zakopane.pl\/festiwal-koled\/wp-json\/wp\/v2\/tags?post=1322"}],"curies":[{"name":"wp","href":"https:\/\/api.w.org\/{rel}","templated":true}]}}