{"id":1306,"date":"2022-01-17T12:03:57","date_gmt":"2022-01-17T11:03:57","guid":{"rendered":"https:\/\/festiwale.zakopane.pl\/festiwal-koled\/?p=1306"},"modified":"2022-01-17T12:04:36","modified_gmt":"2022-01-17T11:04:36","slug":"1306","status":"publish","type":"post","link":"http:\/\/archiwum.festiwale.zakopane.pl\/festiwal-koled\/2022\/01\/17\/1306\/","title":{"rendered":"Kol\u0119dowanie m\u0142odych Artyst\u00f3w"},"content":{"rendered":"<p>W sobot\u0119, 15 stycznia, odby\u0142 si\u0119 kolejny koncert w ramach XIII edycji Festiwalu Kol\u0119d,<br \/>\nPastora\u0142ek i Pie\u015bni Bo\u017conarodzeniowych \u201eDobrze ze\u015b si\u0119 Jezu pod Giewontem zrodziy\u0142\u201d. Mieszka\u0144cy<br \/>\nmiasta Zakopane oraz przebywaj\u0105cy w\u00f3wczas w zimowej stolicy Polski tury\u015bci spotkali si\u0119 w ko\u015bciele<br \/>\n\u015awi\u0119tego Krzy\u017ca w Zakopanem, aby us\u0142ysze\u0107 pi\u0119kne, polskie kol\u0119dy i pastora\u0142ki. Wsp\u00f3lne<br \/>\nkol\u0119dowanie poprowadzili uczniowie Zespo\u0142u Pa\u0144stwowych Szk\u00f3\u0142 Artystycznych w Zakopanem.<\/p>\n<p>Pa\u0144stwowa Og\u00f3lnokszta\u0142c\u0105ca Szko\u0142a Artystyczna to jedyna w swoim rodzaju szko\u0142a w Polsce,<br \/>\nrozwijaj\u0105ca swoich wychowank\u00f3w w wielu dziedzinach: muzyce, plastyce i literaturze. To w\u0142a\u015bnie<br \/>\nuczniowie uzdolnieni muzycznie zadbali o niezapomniane wykonanie bo\u017conarodzeniowych pie\u015bni.<\/p>\n<p>M\u0142odzi arty\u015bci rozpocz\u0119li sw\u00f3j wyst\u0119p pi\u0119knym wykonaniem ch\u00f3ru i towarzysz\u0105cymi mu<br \/>\nd\u017awi\u0119kami klasycznych instrument\u00f3w. Uczniowie i absolwenci pod batut\u0105 Pani mgr Miros\u0142awy<br \/>\nLubowicz, za\u015bpiewali przy akompaniamencie nauczycieli zakopia\u0144skiej szko\u0142y artystycznej. Nast\u0119pnie<br \/>\nliczna orkiestra dzieci\u0119ca wprowadzi\u0142a s\u0142uchaj\u0105cych w regionalny klimat, zmieniaj\u0105c sw\u00f3j repertuar<br \/>\nna g\u00f3ralskie kol\u0119dy. Prowadzeni przez mgr Krzysztofa Leksyckiego uczniowie ubrani byli w tradycyjne,<br \/>\ng\u00f3ralskie stroje, co podkre\u015bli\u0142o ich to\u017csamo\u015b\u0107. Wyst\u0119p m\u0142odych artyst\u00f3w ubogaci\u0142a tytu\u0142owa pie\u015b\u0144<br \/>\nfestiwalu \u201eDobrze ze\u015b sie Jezu\u201d, wykonana przez uczni\u00f3w przy akompaniamencie akordeon\u00f3w.<\/p>\n<p>By\u0142 to z pewno\u015bci\u0105 wyj\u0105tkowy wyst\u0119p zwie\u0144czony brawami licznie zgromadzonej w ko\u015bciele<br \/>\npubliczno\u015bci.<\/p>\n<p>(KS)<\/p>\n<div id='gallery-1' class='gallery galleryid-1306 gallery-columns-3 gallery-size-thumbnail'><figure class='gallery-item'>\n\t\t\t<div class='gallery-icon landscape'>\n\t\t\t\t<a href='http:\/\/archiwum.festiwale.zakopane.pl\/festiwal-koled\/2022\/01\/17\/1306\/img_4292\/'><img width=\"160\" height=\"160\" src=\"http:\/\/archiwum.festiwale.zakopane.pl\/festiwal-koled\/wp-content\/uploads\/sites\/2\/2022\/01\/IMG_4292-160x160.jpg\" class=\"attachment-thumbnail size-thumbnail\" alt=\"\" loading=\"lazy\" \/><\/a>\n\t\t\t<\/div><\/figure><figure class='gallery-item'>\n\t\t\t<div class='gallery-icon landscape'>\n\t\t\t\t<a href='http:\/\/archiwum.festiwale.zakopane.pl\/festiwal-koled\/2022\/01\/17\/1306\/img_4296\/'><img width=\"160\" height=\"160\" src=\"http:\/\/archiwum.festiwale.zakopane.pl\/festiwal-koled\/wp-content\/uploads\/sites\/2\/2022\/01\/IMG_4296-160x160.jpg\" class=\"attachment-thumbnail size-thumbnail\" alt=\"\" loading=\"lazy\" \/><\/a>\n\t\t\t<\/div><\/figure><figure class='gallery-item'>\n\t\t\t<div class='gallery-icon landscape'>\n\t\t\t\t<a href='http:\/\/archiwum.festiwale.zakopane.pl\/festiwal-koled\/2022\/01\/17\/1306\/img_4298\/'><img width=\"160\" height=\"160\" src=\"http:\/\/archiwum.festiwale.zakopane.pl\/festiwal-koled\/wp-content\/uploads\/sites\/2\/2022\/01\/IMG_4298-160x160.jpg\" class=\"attachment-thumbnail size-thumbnail\" alt=\"\" loading=\"lazy\" \/><\/a>\n\t\t\t<\/div><\/figure><figure class='gallery-item'>\n\t\t\t<div class='gallery-icon landscape'>\n\t\t\t\t<a href='http:\/\/archiwum.festiwale.zakopane.pl\/festiwal-koled\/2022\/01\/17\/1306\/img_4299\/'><img width=\"160\" height=\"160\" src=\"http:\/\/archiwum.festiwale.zakopane.pl\/festiwal-koled\/wp-content\/uploads\/sites\/2\/2022\/01\/IMG_4299-160x160.jpg\" class=\"attachment-thumbnail size-thumbnail\" alt=\"\" loading=\"lazy\" \/><\/a>\n\t\t\t<\/div><\/figure><figure class='gallery-item'>\n\t\t\t<div class='gallery-icon landscape'>\n\t\t\t\t<a href='http:\/\/archiwum.festiwale.zakopane.pl\/festiwal-koled\/2022\/01\/17\/1306\/img_4300\/'><img width=\"160\" height=\"160\" src=\"http:\/\/archiwum.festiwale.zakopane.pl\/festiwal-koled\/wp-content\/uploads\/sites\/2\/2022\/01\/IMG_4300-160x160.jpg\" class=\"attachment-thumbnail size-thumbnail\" alt=\"\" loading=\"lazy\" \/><\/a>\n\t\t\t<\/div><\/figure><figure class='gallery-item'>\n\t\t\t<div class='gallery-icon landscape'>\n\t\t\t\t<a href='http:\/\/archiwum.festiwale.zakopane.pl\/festiwal-koled\/2022\/01\/17\/1306\/img_4305\/'><img width=\"160\" height=\"160\" src=\"http:\/\/archiwum.festiwale.zakopane.pl\/festiwal-koled\/wp-content\/uploads\/sites\/2\/2022\/01\/IMG_4305-160x160.jpg\" class=\"attachment-thumbnail size-thumbnail\" alt=\"\" loading=\"lazy\" \/><\/a>\n\t\t\t<\/div><\/figure><figure class='gallery-item'>\n\t\t\t<div class='gallery-icon landscape'>\n\t\t\t\t<a href='http:\/\/archiwum.festiwale.zakopane.pl\/festiwal-koled\/2022\/01\/17\/1306\/img_4306\/'><img width=\"160\" height=\"160\" src=\"http:\/\/archiwum.festiwale.zakopane.pl\/festiwal-koled\/wp-content\/uploads\/sites\/2\/2022\/01\/IMG_4306-160x160.jpg\" class=\"attachment-thumbnail size-thumbnail\" alt=\"\" loading=\"lazy\" \/><\/a>\n\t\t\t<\/div><\/figure><figure class='gallery-item'>\n\t\t\t<div class='gallery-icon landscape'>\n\t\t\t\t<a href='http:\/\/archiwum.festiwale.zakopane.pl\/festiwal-koled\/2022\/01\/17\/1306\/img_4308\/'><img width=\"160\" height=\"160\" src=\"http:\/\/archiwum.festiwale.zakopane.pl\/festiwal-koled\/wp-content\/uploads\/sites\/2\/2022\/01\/IMG_4308-160x160.jpg\" class=\"attachment-thumbnail size-thumbnail\" alt=\"\" loading=\"lazy\" \/><\/a>\n\t\t\t<\/div><\/figure><figure class='gallery-item'>\n\t\t\t<div class='gallery-icon landscape'>\n\t\t\t\t<a href='http:\/\/archiwum.festiwale.zakopane.pl\/festiwal-koled\/2022\/01\/17\/1306\/img_4311\/'><img width=\"160\" height=\"160\" src=\"http:\/\/archiwum.festiwale.zakopane.pl\/festiwal-koled\/wp-content\/uploads\/sites\/2\/2022\/01\/IMG_4311-160x160.jpg\" class=\"attachment-thumbnail size-thumbnail\" alt=\"\" loading=\"lazy\" \/><\/a>\n\t\t\t<\/div><\/figure><figure class='gallery-item'>\n\t\t\t<div class='gallery-icon landscape'>\n\t\t\t\t<a href='http:\/\/archiwum.festiwale.zakopane.pl\/festiwal-koled\/2022\/01\/17\/1306\/img_4313\/'><img width=\"160\" height=\"160\" src=\"http:\/\/archiwum.festiwale.zakopane.pl\/festiwal-koled\/wp-content\/uploads\/sites\/2\/2022\/01\/IMG_4313-160x160.jpg\" class=\"attachment-thumbnail size-thumbnail\" alt=\"\" loading=\"lazy\" \/><\/a>\n\t\t\t<\/div><\/figure><figure class='gallery-item'>\n\t\t\t<div class='gallery-icon landscape'>\n\t\t\t\t<a href='http:\/\/archiwum.festiwale.zakopane.pl\/festiwal-koled\/2022\/01\/17\/1306\/img_4317\/'><img width=\"160\" height=\"160\" src=\"http:\/\/archiwum.festiwale.zakopane.pl\/festiwal-koled\/wp-content\/uploads\/sites\/2\/2022\/01\/IMG_4317-160x160.jpg\" class=\"attachment-thumbnail size-thumbnail\" alt=\"\" loading=\"lazy\" \/><\/a>\n\t\t\t<\/div><\/figure><figure class='gallery-item'>\n\t\t\t<div class='gallery-icon landscape'>\n\t\t\t\t<a href='http:\/\/archiwum.festiwale.zakopane.pl\/festiwal-koled\/2022\/01\/17\/1306\/img_4320\/'><img width=\"160\" height=\"160\" src=\"http:\/\/archiwum.festiwale.zakopane.pl\/festiwal-koled\/wp-content\/uploads\/sites\/2\/2022\/01\/IMG_4320-160x160.jpg\" class=\"attachment-thumbnail size-thumbnail\" alt=\"\" loading=\"lazy\" \/><\/a>\n\t\t\t<\/div><\/figure><figure class='gallery-item'>\n\t\t\t<div class='gallery-icon landscape'>\n\t\t\t\t<a href='http:\/\/archiwum.festiwale.zakopane.pl\/festiwal-koled\/2022\/01\/17\/1306\/img_4327\/'><img width=\"160\" height=\"160\" src=\"http:\/\/archiwum.festiwale.zakopane.pl\/festiwal-koled\/wp-content\/uploads\/sites\/2\/2022\/01\/IMG_4327-160x160.jpg\" class=\"attachment-thumbnail size-thumbnail\" alt=\"\" loading=\"lazy\" \/><\/a>\n\t\t\t<\/div><\/figure>\n\t\t<\/div>\n\n<p>(KSR)<\/p>\n","protected":false},"excerpt":{"rendered":"<p>W sobot\u0119, 15 stycznia, odby\u0142 si\u0119 kolejny koncert w ramach XIII edycji Festiwalu Kol\u0119d, Pastora\u0142ek [&hellip;]<\/p>\n","protected":false},"author":7,"featured_media":1309,"comment_status":"closed","ping_status":"closed","sticky":false,"template":"","format":"standard","meta":[],"categories":[1],"tags":[],"acf":[],"_links":{"self":[{"href":"http:\/\/archiwum.festiwale.zakopane.pl\/festiwal-koled\/wp-json\/wp\/v2\/posts\/1306"}],"collection":[{"href":"http:\/\/archiwum.festiwale.zakopane.pl\/festiwal-koled\/wp-json\/wp\/v2\/posts"}],"about":[{"href":"http:\/\/archiwum.festiwale.zakopane.pl\/festiwal-koled\/wp-json\/wp\/v2\/types\/post"}],"author":[{"embeddable":true,"href":"http:\/\/archiwum.festiwale.zakopane.pl\/festiwal-koled\/wp-json\/wp\/v2\/users\/7"}],"replies":[{"embeddable":true,"href":"http:\/\/archiwum.festiwale.zakopane.pl\/festiwal-koled\/wp-json\/wp\/v2\/comments?post=1306"}],"version-history":[{"count":2,"href":"http:\/\/archiwum.festiwale.zakopane.pl\/festiwal-koled\/wp-json\/wp\/v2\/posts\/1306\/revisions"}],"predecessor-version":[{"id":1321,"href":"http:\/\/archiwum.festiwale.zakopane.pl\/festiwal-koled\/wp-json\/wp\/v2\/posts\/1306\/revisions\/1321"}],"wp:featuredmedia":[{"embeddable":true,"href":"http:\/\/archiwum.festiwale.zakopane.pl\/festiwal-koled\/wp-json\/wp\/v2\/media\/1309"}],"wp:attachment":[{"href":"http:\/\/archiwum.festiwale.zakopane.pl\/festiwal-koled\/wp-json\/wp\/v2\/media?parent=1306"}],"wp:term":[{"taxonomy":"category","embeddable":true,"href":"http:\/\/archiwum.festiwale.zakopane.pl\/festiwal-koled\/wp-json\/wp\/v2\/categories?post=1306"},{"taxonomy":"post_tag","embeddable":true,"href":"http:\/\/archiwum.festiwale.zakopane.pl\/festiwal-koled\/wp-json\/wp\/v2\/tags?post=1306"}],"curies":[{"name":"wp","href":"https:\/\/api.w.org\/{rel}","templated":true}]}}