{"id":1276,"date":"2022-01-11T12:59:17","date_gmt":"2022-01-11T11:59:17","guid":{"rendered":"https:\/\/festiwale.zakopane.pl\/festiwal-koled\/?p=1276"},"modified":"2022-01-14T08:47:36","modified_gmt":"2022-01-14T07:47:36","slug":"relacja-z-orszaku-trzech-kroli-w-zakopanem","status":"publish","type":"post","link":"http:\/\/archiwum.festiwale.zakopane.pl\/festiwal-koled\/2022\/01\/11\/relacja-z-orszaku-trzech-kroli-w-zakopanem\/","title":{"rendered":"Relacja z Orszaku Trzech Kr\u00f3li w Zakopanem"},"content":{"rendered":"<p>Serdecznie zapraszamy do obejrzenia kr\u00f3tkiej relacji z obchod\u00f3w \u015awi\u0119ta Trzech Kr\u00f3li w Zakopanem:<\/p>\n<p><iframe loading=\"lazy\" title=\"Orszak Trzech Kr\u00f3li 2022\" width=\"640\" height=\"360\" src=\"https:\/\/www.youtube.com\/embed\/RAh_mRNEpmo?feature=oembed\" frameborder=\"0\" allow=\"accelerometer; autoplay; clipboard-write; encrypted-media; gyroscope; picture-in-picture\" allowfullscreen><\/iframe><\/p>\n<p>Realizacja: Katarzyna Spera<\/p>\n","protected":false},"excerpt":{"rendered":"<p>Serdecznie zapraszamy do obejrzenia kr\u00f3tkiej relacji z obchod\u00f3w \u015awi\u0119ta Trzech Kr\u00f3li w Zakopanem: Realizacja: Katarzyna [&hellip;]<\/p>\n","protected":false},"author":7,"featured_media":1267,"comment_status":"closed","ping_status":"closed","sticky":false,"template":"","format":"standard","meta":[],"categories":[1],"tags":[],"acf":[],"_links":{"self":[{"href":"http:\/\/archiwum.festiwale.zakopane.pl\/festiwal-koled\/wp-json\/wp\/v2\/posts\/1276"}],"collection":[{"href":"http:\/\/archiwum.festiwale.zakopane.pl\/festiwal-koled\/wp-json\/wp\/v2\/posts"}],"about":[{"href":"http:\/\/archiwum.festiwale.zakopane.pl\/festiwal-koled\/wp-json\/wp\/v2\/types\/post"}],"author":[{"embeddable":true,"href":"http:\/\/archiwum.festiwale.zakopane.pl\/festiwal-koled\/wp-json\/wp\/v2\/users\/7"}],"replies":[{"embeddable":true,"href":"http:\/\/archiwum.festiwale.zakopane.pl\/festiwal-koled\/wp-json\/wp\/v2\/comments?post=1276"}],"version-history":[{"count":1,"href":"http:\/\/archiwum.festiwale.zakopane.pl\/festiwal-koled\/wp-json\/wp\/v2\/posts\/1276\/revisions"}],"predecessor-version":[{"id":1277,"href":"http:\/\/archiwum.festiwale.zakopane.pl\/festiwal-koled\/wp-json\/wp\/v2\/posts\/1276\/revisions\/1277"}],"wp:featuredmedia":[{"embeddable":true,"href":"http:\/\/archiwum.festiwale.zakopane.pl\/festiwal-koled\/wp-json\/wp\/v2\/media\/1267"}],"wp:attachment":[{"href":"http:\/\/archiwum.festiwale.zakopane.pl\/festiwal-koled\/wp-json\/wp\/v2\/media?parent=1276"}],"wp:term":[{"taxonomy":"category","embeddable":true,"href":"http:\/\/archiwum.festiwale.zakopane.pl\/festiwal-koled\/wp-json\/wp\/v2\/categories?post=1276"},{"taxonomy":"post_tag","embeddable":true,"href":"http:\/\/archiwum.festiwale.zakopane.pl\/festiwal-koled\/wp-json\/wp\/v2\/tags?post=1276"}],"curies":[{"name":"wp","href":"https:\/\/api.w.org\/{rel}","templated":true}]}}