{"id":1226,"date":"2022-01-11T10:41:21","date_gmt":"2022-01-11T09:41:21","guid":{"rendered":"https:\/\/festiwale.zakopane.pl\/festiwal-koled\/?p=1226"},"modified":"2022-01-11T10:47:51","modified_gmt":"2022-01-11T09:47:51","slug":"koledy-mazowsza-zachwycily-podhale","status":"publish","type":"post","link":"http:\/\/archiwum.festiwale.zakopane.pl\/festiwal-koled\/2022\/01\/11\/koledy-mazowsza-zachwycily-podhale\/","title":{"rendered":"Kol\u0119dy Mazowsza zachwyci\u0142y Podhale"},"content":{"rendered":"<p>W niedziel\u0119, 9 stycznia, przebywaj\u0105cy w Sanktuarium Matki Bo\u017cej Objawiaj\u0105cej Cudowny Medalik na Olczy us\u0142yszeli przepi\u0119kne, tradycyjne, polskie kol\u0119dy. O wspania\u0142e wykonanie oraz niezapomnian\u0105 opraw\u0119 muzyczn\u0105 zadba\u0142 Pa\u0144stwowy Zesp\u00f3\u0142 Ludowy Pie\u015bni i Ta\u0144ca \u201eMazowsze\u201d im. T. Sygiety\u0144skiego.<\/p>\n<p>\u201eMazowsze\u201d nale\u017cy do najwi\u0119kszych na \u015bwiecie zespo\u0142\u00f3w artystycznych, si\u0119gaj\u0105cych do bogactwa narodowych ta\u0144c\u00f3w, piosenek, przy\u015bpiewek i obyczaj\u00f3w. Cho\u0107 nazwa zespo\u0142u pochodzi od centralnego regionu Polski, to repertuar \u015bpiewanych pie\u015bni rozszerzy\u0142 si\u0119 szybko o folklor innych region\u00f3w \u2013 dzi\u015b opracowania sceniczne zespo\u0142u dotycz\u0105 42 z nich.<\/p>\n<p>Koncert odby\u0142 si\u0119 w ramach XIII edycji Festiwalu Kol\u0119d, Pastora\u0142ek i Pie\u015bni Bo\u017conarodzeniowych \u201eDobrze, ze\u015b sie Jezu pod Giewontem zrodziy\u0142\u201d, organizowanym co roku w zakopia\u0144skich ko\u015bcio\u0142ach.\u00a0 By\u0142 r\u00f3wnie\u017c prezentacj\u0105 nowej p\u0142yty z kol\u0119dami zespo\u0142u \u201eCantique de No\u00ebl\u201d, kt\u00f3ra ukaza\u0142a si\u0119 jeszcze przed \u015bwi\u0119tami Bo\u017cego Narodzenia.<\/p>\n<p>Charakterystyczne dla \u201eMazowsza\u201d wykonanie tradycyjnych \u015bwi\u0105tecznych pie\u015bni i pastora\u0142ek zachwyci\u0142o widz\u00f3w. Zesp\u00f3\u0142 wprowadzi\u0142 ogl\u0105daj\u0105cych w wyj\u0105tkowy nastr\u00f3j, cho\u0107 najwi\u0119ksze wra\u017cenie wywarli soli\u015bci: Maria Babicz, \u0141ukasz Karauda oraz Andrei Baravik.<\/p>\n<p>Ca\u0142y wyst\u0119p zarejestrowany zosta\u0142 przez Telewizj\u0119 Polsk\u0105. Koncert mo\u017cna obejrze\u0107 16 stycznia 2022 roku o godzinie 19.15 w TVP Krak\u00f3w oraz 23 stycznia 2022 roku w TVP 3.<\/p>\n<p>&nbsp;<\/p>\n<div id='gallery-1' class='gallery galleryid-1226 gallery-columns-4 gallery-size-thumbnail'><figure class='gallery-item'>\n\t\t\t<div class='gallery-icon landscape'>\n\t\t\t\t<a href='http:\/\/archiwum.festiwale.zakopane.pl\/festiwal-koled\/2022\/01\/11\/koledy-mazowsza-zachwycily-podhale\/dsc_0426\/'><img width=\"160\" height=\"160\" src=\"http:\/\/archiwum.festiwale.zakopane.pl\/festiwal-koled\/wp-content\/uploads\/sites\/2\/2022\/01\/DSC_0426-160x160.jpg\" class=\"attachment-thumbnail size-thumbnail\" alt=\"\" loading=\"lazy\" \/><\/a>\n\t\t\t<\/div><\/figure><figure class='gallery-item'>\n\t\t\t<div class='gallery-icon landscape'>\n\t\t\t\t<a href='http:\/\/archiwum.festiwale.zakopane.pl\/festiwal-koled\/2022\/01\/11\/koledy-mazowsza-zachwycily-podhale\/dsc_0426-2\/'><img width=\"160\" height=\"160\" src=\"http:\/\/archiwum.festiwale.zakopane.pl\/festiwal-koled\/wp-content\/uploads\/sites\/2\/2022\/01\/DSC_0426-1-160x160.jpg\" class=\"attachment-thumbnail size-thumbnail\" alt=\"\" loading=\"lazy\" \/><\/a>\n\t\t\t<\/div><\/figure><figure class='gallery-item'>\n\t\t\t<div class='gallery-icon landscape'>\n\t\t\t\t<a href='http:\/\/archiwum.festiwale.zakopane.pl\/festiwal-koled\/2022\/01\/11\/koledy-mazowsza-zachwycily-podhale\/dsc_0431\/'><img width=\"160\" height=\"160\" src=\"http:\/\/archiwum.festiwale.zakopane.pl\/festiwal-koled\/wp-content\/uploads\/sites\/2\/2022\/01\/DSC_0431-160x160.jpg\" class=\"attachment-thumbnail size-thumbnail\" alt=\"\" loading=\"lazy\" \/><\/a>\n\t\t\t<\/div><\/figure><figure class='gallery-item'>\n\t\t\t<div class='gallery-icon landscape'>\n\t\t\t\t<a href='http:\/\/archiwum.festiwale.zakopane.pl\/festiwal-koled\/2022\/01\/11\/koledy-mazowsza-zachwycily-podhale\/dsc_0436\/'><img width=\"160\" height=\"160\" src=\"http:\/\/archiwum.festiwale.zakopane.pl\/festiwal-koled\/wp-content\/uploads\/sites\/2\/2022\/01\/DSC_0436-160x160.jpg\" class=\"attachment-thumbnail size-thumbnail\" alt=\"\" loading=\"lazy\" \/><\/a>\n\t\t\t<\/div><\/figure><figure class='gallery-item'>\n\t\t\t<div class='gallery-icon landscape'>\n\t\t\t\t<a href='http:\/\/archiwum.festiwale.zakopane.pl\/festiwal-koled\/2022\/01\/11\/koledy-mazowsza-zachwycily-podhale\/dsc_0437\/'><img width=\"160\" height=\"160\" src=\"http:\/\/archiwum.festiwale.zakopane.pl\/festiwal-koled\/wp-content\/uploads\/sites\/2\/2022\/01\/DSC_0437-160x160.jpg\" class=\"attachment-thumbnail size-thumbnail\" alt=\"\" loading=\"lazy\" \/><\/a>\n\t\t\t<\/div><\/figure><figure class='gallery-item'>\n\t\t\t<div class='gallery-icon landscape'>\n\t\t\t\t<a href='http:\/\/archiwum.festiwale.zakopane.pl\/festiwal-koled\/2022\/01\/11\/koledy-mazowsza-zachwycily-podhale\/dsc_0442\/'><img width=\"160\" height=\"160\" src=\"http:\/\/archiwum.festiwale.zakopane.pl\/festiwal-koled\/wp-content\/uploads\/sites\/2\/2022\/01\/DSC_0442-160x160.jpg\" class=\"attachment-thumbnail size-thumbnail\" alt=\"\" loading=\"lazy\" \/><\/a>\n\t\t\t<\/div><\/figure><figure class='gallery-item'>\n\t\t\t<div class='gallery-icon landscape'>\n\t\t\t\t<a href='http:\/\/archiwum.festiwale.zakopane.pl\/festiwal-koled\/2022\/01\/11\/koledy-mazowsza-zachwycily-podhale\/dsc_0443\/'><img width=\"160\" height=\"160\" src=\"http:\/\/archiwum.festiwale.zakopane.pl\/festiwal-koled\/wp-content\/uploads\/sites\/2\/2022\/01\/DSC_0443-160x160.jpg\" class=\"attachment-thumbnail size-thumbnail\" alt=\"\" loading=\"lazy\" \/><\/a>\n\t\t\t<\/div><\/figure><figure class='gallery-item'>\n\t\t\t<div class='gallery-icon landscape'>\n\t\t\t\t<a href='http:\/\/archiwum.festiwale.zakopane.pl\/festiwal-koled\/2022\/01\/11\/koledy-mazowsza-zachwycily-podhale\/dsc_0445\/'><img width=\"160\" height=\"160\" src=\"http:\/\/archiwum.festiwale.zakopane.pl\/festiwal-koled\/wp-content\/uploads\/sites\/2\/2022\/01\/DSC_0445-160x160.jpg\" class=\"attachment-thumbnail size-thumbnail\" alt=\"\" loading=\"lazy\" \/><\/a>\n\t\t\t<\/div><\/figure><figure class='gallery-item'>\n\t\t\t<div class='gallery-icon landscape'>\n\t\t\t\t<a href='http:\/\/archiwum.festiwale.zakopane.pl\/festiwal-koled\/2022\/01\/11\/koledy-mazowsza-zachwycily-podhale\/dsc_0448\/'><img width=\"160\" height=\"160\" src=\"http:\/\/archiwum.festiwale.zakopane.pl\/festiwal-koled\/wp-content\/uploads\/sites\/2\/2022\/01\/DSC_0448-160x160.jpg\" class=\"attachment-thumbnail size-thumbnail\" alt=\"\" loading=\"lazy\" \/><\/a>\n\t\t\t<\/div><\/figure><figure class='gallery-item'>\n\t\t\t<div class='gallery-icon landscape'>\n\t\t\t\t<a href='http:\/\/archiwum.festiwale.zakopane.pl\/festiwal-koled\/2022\/01\/11\/koledy-mazowsza-zachwycily-podhale\/dsc_0449\/'><img width=\"160\" height=\"160\" src=\"http:\/\/archiwum.festiwale.zakopane.pl\/festiwal-koled\/wp-content\/uploads\/sites\/2\/2022\/01\/DSC_0449-160x160.jpg\" class=\"attachment-thumbnail size-thumbnail\" alt=\"\" loading=\"lazy\" \/><\/a>\n\t\t\t<\/div><\/figure><figure class='gallery-item'>\n\t\t\t<div class='gallery-icon landscape'>\n\t\t\t\t<a href='http:\/\/archiwum.festiwale.zakopane.pl\/festiwal-koled\/2022\/01\/11\/koledy-mazowsza-zachwycily-podhale\/dsc_0453\/'><img width=\"160\" height=\"160\" src=\"http:\/\/archiwum.festiwale.zakopane.pl\/festiwal-koled\/wp-content\/uploads\/sites\/2\/2022\/01\/DSC_0453-160x160.jpg\" class=\"attachment-thumbnail size-thumbnail\" alt=\"\" loading=\"lazy\" \/><\/a>\n\t\t\t<\/div><\/figure><figure class='gallery-item'>\n\t\t\t<div class='gallery-icon landscape'>\n\t\t\t\t<a href='http:\/\/archiwum.festiwale.zakopane.pl\/festiwal-koled\/2022\/01\/11\/koledy-mazowsza-zachwycily-podhale\/dsc_0462\/'><img width=\"160\" height=\"160\" src=\"http:\/\/archiwum.festiwale.zakopane.pl\/festiwal-koled\/wp-content\/uploads\/sites\/2\/2022\/01\/DSC_0462-160x160.jpg\" class=\"attachment-thumbnail size-thumbnail\" alt=\"\" loading=\"lazy\" \/><\/a>\n\t\t\t<\/div><\/figure><figure class='gallery-item'>\n\t\t\t<div class='gallery-icon landscape'>\n\t\t\t\t<a href='http:\/\/archiwum.festiwale.zakopane.pl\/festiwal-koled\/2022\/01\/11\/koledy-mazowsza-zachwycily-podhale\/img-20220110-wa0005-2\/'><img width=\"160\" height=\"160\" src=\"http:\/\/archiwum.festiwale.zakopane.pl\/festiwal-koled\/wp-content\/uploads\/sites\/2\/2022\/01\/IMG-20220110-WA0005-1-160x160.jpg\" class=\"attachment-thumbnail size-thumbnail\" alt=\"\" loading=\"lazy\" \/><\/a>\n\t\t\t<\/div><\/figure><figure class='gallery-item'>\n\t\t\t<div class='gallery-icon portrait'>\n\t\t\t\t<a href='http:\/\/archiwum.festiwale.zakopane.pl\/festiwal-koled\/2022\/01\/11\/koledy-mazowsza-zachwycily-podhale\/img-20220110-wa0012-2\/'><img width=\"160\" height=\"160\" src=\"http:\/\/archiwum.festiwale.zakopane.pl\/festiwal-koled\/wp-content\/uploads\/sites\/2\/2022\/01\/IMG-20220110-WA0012-1-160x160.jpg\" class=\"attachment-thumbnail size-thumbnail\" alt=\"\" loading=\"lazy\" \/><\/a>\n\t\t\t<\/div><\/figure>\n\t\t<\/div>\n\n<p>Foto: Agata Pacelt-Mikler<\/p>\n","protected":false},"excerpt":{"rendered":"<p>W niedziel\u0119, 9 stycznia, przebywaj\u0105cy w Sanktuarium Matki Bo\u017cej Objawiaj\u0105cej Cudowny Medalik na Olczy us\u0142yszeli [&hellip;]<\/p>\n","protected":false},"author":7,"featured_media":1234,"comment_status":"closed","ping_status":"closed","sticky":false,"template":"","format":"standard","meta":[],"categories":[1],"tags":[],"acf":[],"_links":{"self":[{"href":"http:\/\/archiwum.festiwale.zakopane.pl\/festiwal-koled\/wp-json\/wp\/v2\/posts\/1226"}],"collection":[{"href":"http:\/\/archiwum.festiwale.zakopane.pl\/festiwal-koled\/wp-json\/wp\/v2\/posts"}],"about":[{"href":"http:\/\/archiwum.festiwale.zakopane.pl\/festiwal-koled\/wp-json\/wp\/v2\/types\/post"}],"author":[{"embeddable":true,"href":"http:\/\/archiwum.festiwale.zakopane.pl\/festiwal-koled\/wp-json\/wp\/v2\/users\/7"}],"replies":[{"embeddable":true,"href":"http:\/\/archiwum.festiwale.zakopane.pl\/festiwal-koled\/wp-json\/wp\/v2\/comments?post=1226"}],"version-history":[{"count":2,"href":"http:\/\/archiwum.festiwale.zakopane.pl\/festiwal-koled\/wp-json\/wp\/v2\/posts\/1226\/revisions"}],"predecessor-version":[{"id":1272,"href":"http:\/\/archiwum.festiwale.zakopane.pl\/festiwal-koled\/wp-json\/wp\/v2\/posts\/1226\/revisions\/1272"}],"wp:featuredmedia":[{"embeddable":true,"href":"http:\/\/archiwum.festiwale.zakopane.pl\/festiwal-koled\/wp-json\/wp\/v2\/media\/1234"}],"wp:attachment":[{"href":"http:\/\/archiwum.festiwale.zakopane.pl\/festiwal-koled\/wp-json\/wp\/v2\/media?parent=1226"}],"wp:term":[{"taxonomy":"category","embeddable":true,"href":"http:\/\/archiwum.festiwale.zakopane.pl\/festiwal-koled\/wp-json\/wp\/v2\/categories?post=1226"},{"taxonomy":"post_tag","embeddable":true,"href":"http:\/\/archiwum.festiwale.zakopane.pl\/festiwal-koled\/wp-json\/wp\/v2\/tags?post=1226"}],"curies":[{"name":"wp","href":"https:\/\/api.w.org\/{rel}","templated":true}]}}