{"id":1213,"date":"2022-01-11T09:28:47","date_gmt":"2022-01-11T08:28:47","guid":{"rendered":"https:\/\/festiwale.zakopane.pl\/festiwal-koled\/?p=1213"},"modified":"2022-01-11T10:48:36","modified_gmt":"2022-01-11T09:48:36","slug":"piekne-koledy-w-wykonaniu-turlikow","status":"publish","type":"post","link":"http:\/\/archiwum.festiwale.zakopane.pl\/festiwal-koled\/2022\/01\/11\/piekne-koledy-w-wykonaniu-turlikow\/","title":{"rendered":"Pi\u0119kne kol\u0119dy w wykonaniu Turlik\u00f3w"},"content":{"rendered":"<p>W czwartek wieczorem, 6 stycznia, w Ko\u015bciele Ojc\u00f3w Jezuit\u00f3w pw. Matki Bo\u017cej Nieustaj\u0105cej Pomocy odby\u0142 si\u0119 pi\u0119kny koncert Podhala\u0144skiego Stowarzyszenia \u015apiewaczego \u201eTurliki\u201d. Zesp\u00f3\u0142 m\u0142odzie\u017cowo dzieci\u0119cy, rozpocz\u0105\u0142 tym samym obchody 25-lecia swojego istnienia.<\/p>\n<p>Debiut ch\u00f3ru mia\u0142 miejsce w roku 1997, w Zakopanem, podczas wizyty \u015bw. Jana Paw\u0142a II na Podhalu. \u00a0Za\u015bpiewa\u0142 w\u00f3wczas pie\u015b\u0144 \u201eSy\u0107ka se Wom zycom\u201d, kt\u00f3ra od tego czasu cz\u0119sto towarzyszy\u0142a spotkaniom papie\u017ca z Polakami. To w\u0142a\u015bnie \u015bpiewaj\u0105ce w\u00f3wczas dziewcz\u0119ta da\u0142y pocz\u0105tek wielopokoleniowej tradycji \u2013 dzi\u015b wyst\u0119puj\u0105 one razem ze swoimi c\u00f3rkami.<\/p>\n<p>Ch\u00f3r wykonuje utwory z zakresu muzyki ch\u00f3ralnej, muzyk\u0119 rozrywkow\u0105 oraz utwory regionalne. Na koncercie, kt\u00f3ry odby\u0142 si\u0119 w ramach XIII Festiwalu Kol\u0119d, Pastora\u0142ek i Pie\u015bni Bo\u017conarodzeniowych \u201eDobrze, ze\u015b sie Jezu pod Giewontem zrodziy\u0142\u201d, \u201eTurliki\u201d zaprezentowa\u0142y tradycyjne, polskie pastora\u0142ki, ale r\u00f3wnie\u017c kol\u0119dy zagraniczne, kt\u00f3rze uczestniczki przygotowywa\u0142y w zwi\u0105zku z licznymi wyjazdami, m.in. do Stan\u00f3w Zjednoczonych. Mo\u017cna by\u0142o us\u0142ysze\u0107 takie utwory, jak \u201eWhite Christmas\u201d, \u201eAdeste Fideles\u201d, a tak\u017ce pie\u015bni katalo\u0144skie czy ukrai\u0144skie. Wszystko to w pi\u0119knie opracowanej muzycznej oprawie pod dyrekcj\u0105 Ewy Sterczy\u0144skiej, kt\u00f3ra prowadzi \u201eTurliki\u201d od pocz\u0105tku ich istnienia.<\/p>\n<p>&nbsp;<\/p>\n<div id='gallery-1' class='gallery galleryid-1213 gallery-columns-4 gallery-size-thumbnail'><figure class='gallery-item'>\n\t\t\t<div class='gallery-icon landscape'>\n\t\t\t\t<a href='http:\/\/archiwum.festiwale.zakopane.pl\/festiwal-koled\/?attachment_id=1212'><img width=\"160\" height=\"160\" src=\"http:\/\/archiwum.festiwale.zakopane.pl\/festiwal-koled\/wp-content\/uploads\/sites\/2\/2022\/01\/DSC_0580-160x160.jpg\" class=\"attachment-thumbnail size-thumbnail\" alt=\"\" loading=\"lazy\" \/><\/a>\n\t\t\t<\/div><\/figure><figure class='gallery-item'>\n\t\t\t<div class='gallery-icon landscape'>\n\t\t\t\t<a href='http:\/\/archiwum.festiwale.zakopane.pl\/festiwal-koled\/?attachment_id=1211'><img width=\"160\" height=\"160\" src=\"http:\/\/archiwum.festiwale.zakopane.pl\/festiwal-koled\/wp-content\/uploads\/sites\/2\/2022\/01\/DSC_0613-160x160.jpg\" class=\"attachment-thumbnail size-thumbnail\" alt=\"\" loading=\"lazy\" \/><\/a>\n\t\t\t<\/div><\/figure><figure class='gallery-item'>\n\t\t\t<div class='gallery-icon landscape'>\n\t\t\t\t<a href='http:\/\/archiwum.festiwale.zakopane.pl\/festiwal-koled\/?attachment_id=1210'><img width=\"160\" height=\"160\" src=\"http:\/\/archiwum.festiwale.zakopane.pl\/festiwal-koled\/wp-content\/uploads\/sites\/2\/2022\/01\/DSC_0601-160x160.jpg\" class=\"attachment-thumbnail size-thumbnail\" alt=\"\" loading=\"lazy\" \/><\/a>\n\t\t\t<\/div><\/figure><figure class='gallery-item'>\n\t\t\t<div class='gallery-icon landscape'>\n\t\t\t\t<a href='http:\/\/archiwum.festiwale.zakopane.pl\/festiwal-koled\/?attachment_id=1209'><img width=\"160\" height=\"160\" src=\"http:\/\/archiwum.festiwale.zakopane.pl\/festiwal-koled\/wp-content\/uploads\/sites\/2\/2022\/01\/DSC_0628-160x160.jpg\" class=\"attachment-thumbnail size-thumbnail\" alt=\"\" loading=\"lazy\" \/><\/a>\n\t\t\t<\/div><\/figure><figure class='gallery-item'>\n\t\t\t<div class='gallery-icon landscape'>\n\t\t\t\t<a href='http:\/\/archiwum.festiwale.zakopane.pl\/festiwal-koled\/?attachment_id=1208'><img width=\"160\" height=\"160\" src=\"http:\/\/archiwum.festiwale.zakopane.pl\/festiwal-koled\/wp-content\/uploads\/sites\/2\/2022\/01\/DSC_0602-160x160.jpg\" class=\"attachment-thumbnail size-thumbnail\" alt=\"\" loading=\"lazy\" \/><\/a>\n\t\t\t<\/div><\/figure><figure class='gallery-item'>\n\t\t\t<div class='gallery-icon landscape'>\n\t\t\t\t<a href='http:\/\/archiwum.festiwale.zakopane.pl\/festiwal-koled\/?attachment_id=1207'><img width=\"160\" height=\"160\" src=\"http:\/\/archiwum.festiwale.zakopane.pl\/festiwal-koled\/wp-content\/uploads\/sites\/2\/2022\/01\/DSC_0635-160x160.jpg\" class=\"attachment-thumbnail size-thumbnail\" alt=\"\" loading=\"lazy\" \/><\/a>\n\t\t\t<\/div><\/figure><figure class='gallery-item'>\n\t\t\t<div class='gallery-icon landscape'>\n\t\t\t\t<a href='http:\/\/archiwum.festiwale.zakopane.pl\/festiwal-koled\/2022\/01\/11\/piekne-koledy-w-wykonaniu-turlikow\/dsc_0605\/'><img width=\"160\" height=\"160\" src=\"http:\/\/archiwum.festiwale.zakopane.pl\/festiwal-koled\/wp-content\/uploads\/sites\/2\/2022\/01\/DSC_0605-160x160.jpg\" class=\"attachment-thumbnail size-thumbnail\" alt=\"\" loading=\"lazy\" \/><\/a>\n\t\t\t<\/div><\/figure><figure class='gallery-item'>\n\t\t\t<div class='gallery-icon landscape'>\n\t\t\t\t<a href='http:\/\/archiwum.festiwale.zakopane.pl\/festiwal-koled\/2022\/01\/11\/piekne-koledy-w-wykonaniu-turlikow\/dsc_0599\/'><img width=\"160\" height=\"160\" src=\"http:\/\/archiwum.festiwale.zakopane.pl\/festiwal-koled\/wp-content\/uploads\/sites\/2\/2022\/01\/DSC_0599-160x160.jpg\" class=\"attachment-thumbnail size-thumbnail\" alt=\"\" loading=\"lazy\" \/><\/a>\n\t\t\t<\/div><\/figure><figure class='gallery-item'>\n\t\t\t<div class='gallery-icon landscape'>\n\t\t\t\t<a href='http:\/\/archiwum.festiwale.zakopane.pl\/festiwal-koled\/2022\/01\/11\/piekne-koledy-w-wykonaniu-turlikow\/dsc_0618\/'><img width=\"160\" height=\"160\" src=\"http:\/\/archiwum.festiwale.zakopane.pl\/festiwal-koled\/wp-content\/uploads\/sites\/2\/2022\/01\/DSC_0618-160x160.jpg\" class=\"attachment-thumbnail size-thumbnail\" alt=\"\" loading=\"lazy\" \/><\/a>\n\t\t\t<\/div><\/figure><figure class='gallery-item'>\n\t\t\t<div class='gallery-icon landscape'>\n\t\t\t\t<a href='http:\/\/archiwum.festiwale.zakopane.pl\/festiwal-koled\/2022\/01\/11\/piekne-koledy-w-wykonaniu-turlikow\/dsc_0615\/'><img width=\"160\" height=\"160\" src=\"http:\/\/archiwum.festiwale.zakopane.pl\/festiwal-koled\/wp-content\/uploads\/sites\/2\/2022\/01\/DSC_0615-160x160.jpg\" class=\"attachment-thumbnail size-thumbnail\" alt=\"\" loading=\"lazy\" \/><\/a>\n\t\t\t<\/div><\/figure><figure class='gallery-item'>\n\t\t\t<div class='gallery-icon landscape'>\n\t\t\t\t<a href='http:\/\/archiwum.festiwale.zakopane.pl\/festiwal-koled\/2022\/01\/11\/piekne-koledy-w-wykonaniu-turlikow\/dsc_0597\/'><img width=\"160\" height=\"160\" src=\"http:\/\/archiwum.festiwale.zakopane.pl\/festiwal-koled\/wp-content\/uploads\/sites\/2\/2022\/01\/DSC_0597-160x160.jpg\" class=\"attachment-thumbnail size-thumbnail\" alt=\"\" loading=\"lazy\" \/><\/a>\n\t\t\t<\/div><\/figure><figure class='gallery-item'>\n\t\t\t<div class='gallery-icon landscape'>\n\t\t\t\t<a href='http:\/\/archiwum.festiwale.zakopane.pl\/festiwal-koled\/2022\/01\/11\/piekne-koledy-w-wykonaniu-turlikow\/dsc_0632\/'><img width=\"160\" height=\"160\" src=\"http:\/\/archiwum.festiwale.zakopane.pl\/festiwal-koled\/wp-content\/uploads\/sites\/2\/2022\/01\/DSC_0632-160x160.jpg\" class=\"attachment-thumbnail size-thumbnail\" alt=\"\" loading=\"lazy\" \/><\/a>\n\t\t\t<\/div><\/figure>\n\t\t<\/div>\n\n<p>Foto: Regina Korczak-Watycha<\/p>\n","protected":false},"excerpt":{"rendered":"<p>W czwartek wieczorem, 6 stycznia, w Ko\u015bciele Ojc\u00f3w Jezuit\u00f3w pw. Matki Bo\u017cej Nieustaj\u0105cej Pomocy odby\u0142 [&hellip;]<\/p>\n","protected":false},"author":7,"featured_media":1209,"comment_status":"closed","ping_status":"closed","sticky":false,"template":"","format":"standard","meta":[],"categories":[1],"tags":[],"acf":[],"_links":{"self":[{"href":"http:\/\/archiwum.festiwale.zakopane.pl\/festiwal-koled\/wp-json\/wp\/v2\/posts\/1213"}],"collection":[{"href":"http:\/\/archiwum.festiwale.zakopane.pl\/festiwal-koled\/wp-json\/wp\/v2\/posts"}],"about":[{"href":"http:\/\/archiwum.festiwale.zakopane.pl\/festiwal-koled\/wp-json\/wp\/v2\/types\/post"}],"author":[{"embeddable":true,"href":"http:\/\/archiwum.festiwale.zakopane.pl\/festiwal-koled\/wp-json\/wp\/v2\/users\/7"}],"replies":[{"embeddable":true,"href":"http:\/\/archiwum.festiwale.zakopane.pl\/festiwal-koled\/wp-json\/wp\/v2\/comments?post=1213"}],"version-history":[{"count":5,"href":"http:\/\/archiwum.festiwale.zakopane.pl\/festiwal-koled\/wp-json\/wp\/v2\/posts\/1213\/revisions"}],"predecessor-version":[{"id":1269,"href":"http:\/\/archiwum.festiwale.zakopane.pl\/festiwal-koled\/wp-json\/wp\/v2\/posts\/1213\/revisions\/1269"}],"wp:featuredmedia":[{"embeddable":true,"href":"http:\/\/archiwum.festiwale.zakopane.pl\/festiwal-koled\/wp-json\/wp\/v2\/media\/1209"}],"wp:attachment":[{"href":"http:\/\/archiwum.festiwale.zakopane.pl\/festiwal-koled\/wp-json\/wp\/v2\/media?parent=1213"}],"wp:term":[{"taxonomy":"category","embeddable":true,"href":"http:\/\/archiwum.festiwale.zakopane.pl\/festiwal-koled\/wp-json\/wp\/v2\/categories?post=1213"},{"taxonomy":"post_tag","embeddable":true,"href":"http:\/\/archiwum.festiwale.zakopane.pl\/festiwal-koled\/wp-json\/wp\/v2\/tags?post=1213"}],"curies":[{"name":"wp","href":"https:\/\/api.w.org\/{rel}","templated":true}]}}