{"id":1194,"date":"2021-12-29T10:54:37","date_gmt":"2021-12-29T09:54:37","guid":{"rendered":"https:\/\/festiwale.zakopane.pl\/festiwal-koled\/?p=1194"},"modified":"2021-12-29T10:54:37","modified_gmt":"2021-12-29T09:54:37","slug":"koncert-parafialnego-regionalnego-zespolu-giewont-fotorelacja","status":"publish","type":"post","link":"http:\/\/archiwum.festiwale.zakopane.pl\/festiwal-koled\/2021\/12\/29\/koncert-parafialnego-regionalnego-zespolu-giewont-fotorelacja\/","title":{"rendered":"Koncert Parafialnego Regionalnego Zespo\u0142u &#8222;Giewont&#8221; &#8211; fotorelacja"},"content":{"rendered":"<p>W miniony pi\u0105tek 24 grudnia rozpocz\u0119li\u015bmy oficjalnie XIII Festiwal Kol\u0119d, Pastora\u0142ek i Pie\u015bni Bo\u017conarodzeniowych &#8222;Dobrze ze\u015b sie Jezu pod Giewontem zrodziy\u0142&#8221;. Parafialny Regionalny Zesp\u00f3\u0142 &#8222;Giewont&#8221; tradycyjnie ju\u017c swoim wyst\u0119pem ubogaci\u0142 Pasterk\u0119 w Sanktuarium Matki Boskiej Objawiaj\u0105cej Cudowny Medalik.<\/p>\n<div id='gallery-1' class='gallery galleryid-1194 gallery-columns-3 gallery-size-thumbnail'><figure class='gallery-item'>\n\t\t\t<div class='gallery-icon landscape'>\n\t\t\t\t<a href='http:\/\/archiwum.festiwale.zakopane.pl\/festiwal-koled\/2021\/12\/29\/koncert-parafialnego-regionalnego-zespolu-giewont-fotorelacja\/270077256_345163287043927_4822373652202831491_n\/'><img width=\"160\" height=\"160\" src=\"http:\/\/archiwum.festiwale.zakopane.pl\/festiwal-koled\/wp-content\/uploads\/sites\/2\/2021\/12\/270077256_345163287043927_4822373652202831491_n-160x160.jpg\" class=\"attachment-thumbnail size-thumbnail\" alt=\"\" loading=\"lazy\" \/><\/a>\n\t\t\t<\/div><\/figure><figure class='gallery-item'>\n\t\t\t<div class='gallery-icon portrait'>\n\t\t\t\t<a href='http:\/\/archiwum.festiwale.zakopane.pl\/festiwal-koled\/2021\/12\/29\/koncert-parafialnego-regionalnego-zespolu-giewont-fotorelacja\/269969025_1110882559686991_2898290412513829889_n\/'><img width=\"160\" height=\"160\" src=\"http:\/\/archiwum.festiwale.zakopane.pl\/festiwal-koled\/wp-content\/uploads\/sites\/2\/2021\/12\/269969025_1110882559686991_2898290412513829889_n-160x160.jpg\" class=\"attachment-thumbnail size-thumbnail\" alt=\"\" loading=\"lazy\" \/><\/a>\n\t\t\t<\/div><\/figure><figure class='gallery-item'>\n\t\t\t<div class='gallery-icon portrait'>\n\t\t\t\t<a href='http:\/\/archiwum.festiwale.zakopane.pl\/festiwal-koled\/2021\/12\/29\/koncert-parafialnego-regionalnego-zespolu-giewont-fotorelacja\/269785366_481931166631818_2097306744561585926_n\/'><img width=\"160\" height=\"160\" src=\"http:\/\/archiwum.festiwale.zakopane.pl\/festiwal-koled\/wp-content\/uploads\/sites\/2\/2021\/12\/269785366_481931166631818_2097306744561585926_n-160x160.jpg\" class=\"attachment-thumbnail size-thumbnail\" alt=\"\" loading=\"lazy\" \/><\/a>\n\t\t\t<\/div><\/figure><figure class='gallery-item'>\n\t\t\t<div class='gallery-icon portrait'>\n\t\t\t\t<a href='http:\/\/archiwum.festiwale.zakopane.pl\/festiwal-koled\/2021\/12\/29\/koncert-parafialnego-regionalnego-zespolu-giewont-fotorelacja\/269656132_968634684007529_4574548106276535449_n\/'><img width=\"160\" height=\"160\" src=\"http:\/\/archiwum.festiwale.zakopane.pl\/festiwal-koled\/wp-content\/uploads\/sites\/2\/2021\/12\/269656132_968634684007529_4574548106276535449_n-160x160.jpg\" class=\"attachment-thumbnail size-thumbnail\" alt=\"\" loading=\"lazy\" \/><\/a>\n\t\t\t<\/div><\/figure><figure class='gallery-item'>\n\t\t\t<div class='gallery-icon landscape'>\n\t\t\t\t<a href='http:\/\/archiwum.festiwale.zakopane.pl\/festiwal-koled\/2021\/12\/29\/koncert-parafialnego-regionalnego-zespolu-giewont-fotorelacja\/268745265_251699773660322_287060906528731755_n\/'><img width=\"160\" height=\"160\" src=\"http:\/\/archiwum.festiwale.zakopane.pl\/festiwal-koled\/wp-content\/uploads\/sites\/2\/2021\/12\/268745265_251699773660322_287060906528731755_n-160x160.jpg\" class=\"attachment-thumbnail size-thumbnail\" alt=\"\" loading=\"lazy\" \/><\/a>\n\t\t\t<\/div><\/figure><figure class='gallery-item'>\n\t\t\t<div class='gallery-icon landscape'>\n\t\t\t\t<a href='http:\/\/archiwum.festiwale.zakopane.pl\/festiwal-koled\/2021\/12\/29\/koncert-parafialnego-regionalnego-zespolu-giewont-fotorelacja\/269947116_656932665313831_437153682816786685_n\/'><img width=\"160\" height=\"160\" src=\"http:\/\/archiwum.festiwale.zakopane.pl\/festiwal-koled\/wp-content\/uploads\/sites\/2\/2021\/12\/269947116_656932665313831_437153682816786685_n-160x160.jpg\" class=\"attachment-thumbnail size-thumbnail\" alt=\"\" loading=\"lazy\" \/><\/a>\n\t\t\t<\/div><\/figure><figure class='gallery-item'>\n\t\t\t<div class='gallery-icon portrait'>\n\t\t\t\t<a href='http:\/\/archiwum.festiwale.zakopane.pl\/festiwal-koled\/2021\/12\/29\/koncert-parafialnego-regionalnego-zespolu-giewont-fotorelacja\/269797248_3090011554590562_6978275295981187967_n\/'><img width=\"160\" height=\"160\" src=\"http:\/\/archiwum.festiwale.zakopane.pl\/festiwal-koled\/wp-content\/uploads\/sites\/2\/2021\/12\/269797248_3090011554590562_6978275295981187967_n-160x160.jpg\" class=\"attachment-thumbnail size-thumbnail\" alt=\"\" loading=\"lazy\" \/><\/a>\n\t\t\t<\/div><\/figure><figure class='gallery-item'>\n\t\t\t<div class='gallery-icon landscape'>\n\t\t\t\t<a href='http:\/\/archiwum.festiwale.zakopane.pl\/festiwal-koled\/2021\/12\/29\/koncert-parafialnego-regionalnego-zespolu-giewont-fotorelacja\/269797252_4875407089175822_7686010572073920158_n\/'><img width=\"160\" height=\"160\" src=\"http:\/\/archiwum.festiwale.zakopane.pl\/festiwal-koled\/wp-content\/uploads\/sites\/2\/2021\/12\/269797252_4875407089175822_7686010572073920158_n-160x160.jpg\" class=\"attachment-thumbnail size-thumbnail\" alt=\"\" loading=\"lazy\" \/><\/a>\n\t\t\t<\/div><\/figure>\n\t\t<\/div>\n\n<p>&nbsp;<\/p>\n","protected":false},"excerpt":{"rendered":"<p>W miniony pi\u0105tek 24 grudnia rozpocz\u0119li\u015bmy oficjalnie XIII Festiwal Kol\u0119d, Pastora\u0142ek i Pie\u015bni Bo\u017conarodzeniowych &#8222;Dobrze [&hellip;]<\/p>\n","protected":false},"author":7,"featured_media":1203,"comment_status":"closed","ping_status":"closed","sticky":false,"template":"","format":"standard","meta":[],"categories":[1],"tags":[],"acf":[],"_links":{"self":[{"href":"http:\/\/archiwum.festiwale.zakopane.pl\/festiwal-koled\/wp-json\/wp\/v2\/posts\/1194"}],"collection":[{"href":"http:\/\/archiwum.festiwale.zakopane.pl\/festiwal-koled\/wp-json\/wp\/v2\/posts"}],"about":[{"href":"http:\/\/archiwum.festiwale.zakopane.pl\/festiwal-koled\/wp-json\/wp\/v2\/types\/post"}],"author":[{"embeddable":true,"href":"http:\/\/archiwum.festiwale.zakopane.pl\/festiwal-koled\/wp-json\/wp\/v2\/users\/7"}],"replies":[{"embeddable":true,"href":"http:\/\/archiwum.festiwale.zakopane.pl\/festiwal-koled\/wp-json\/wp\/v2\/comments?post=1194"}],"version-history":[{"count":1,"href":"http:\/\/archiwum.festiwale.zakopane.pl\/festiwal-koled\/wp-json\/wp\/v2\/posts\/1194\/revisions"}],"predecessor-version":[{"id":1204,"href":"http:\/\/archiwum.festiwale.zakopane.pl\/festiwal-koled\/wp-json\/wp\/v2\/posts\/1194\/revisions\/1204"}],"wp:featuredmedia":[{"embeddable":true,"href":"http:\/\/archiwum.festiwale.zakopane.pl\/festiwal-koled\/wp-json\/wp\/v2\/media\/1203"}],"wp:attachment":[{"href":"http:\/\/archiwum.festiwale.zakopane.pl\/festiwal-koled\/wp-json\/wp\/v2\/media?parent=1194"}],"wp:term":[{"taxonomy":"category","embeddable":true,"href":"http:\/\/archiwum.festiwale.zakopane.pl\/festiwal-koled\/wp-json\/wp\/v2\/categories?post=1194"},{"taxonomy":"post_tag","embeddable":true,"href":"http:\/\/archiwum.festiwale.zakopane.pl\/festiwal-koled\/wp-json\/wp\/v2\/tags?post=1194"}],"curies":[{"name":"wp","href":"https:\/\/api.w.org\/{rel}","templated":true}]}}