{"id":1149,"date":"2021-12-03T14:22:51","date_gmt":"2021-12-03T13:22:51","guid":{"rendered":"https:\/\/festiwale.zakopane.pl\/festiwal-koled\/?p=1149"},"modified":"2021-12-09T07:29:12","modified_gmt":"2021-12-09T06:29:12","slug":"zapraszamy-na-xiii-festiwal-koled-pastoralek-i-piesni-bozonarodzeniowych-dobrze-zes-sie-jezu-pod-giewontem-zrodziyl","status":"publish","type":"post","link":"http:\/\/archiwum.festiwale.zakopane.pl\/festiwal-koled\/2021\/12\/03\/zapraszamy-na-xiii-festiwal-koled-pastoralek-i-piesni-bozonarodzeniowych-dobrze-zes-sie-jezu-pod-giewontem-zrodziyl\/","title":{"rendered":"Zapraszamy na XIII Festiwal Kol\u0119d, Pastora\u0142ek i Pie\u015bni Bo\u017conarodzeniowych &#8222;Dobrze ze\u015b sie Jezu pod Giewontem zrodziy\u0142&#8221;"},"content":{"rendered":"<div id=\"widget_36f736a4-4193-4eca-a6c9-c4cf85b5f44b\" class=\"widget velacms-widget-rich-content \" data-widget-id=\"dfe83336-4b64-4c0d-817b-d73e226a80d9\" data-widget-type=\"velacms-widget-rich-content\" data-widget-locked=\"\">\n<div class=\"widget-content\">\n<div class=\"innerHtml\">\n<p style=\"text-align: center\"><strong>XIII Festiwal Kol\u0119d, Pastora\u0142ek i Pie\u015bni Bo\u017conarodzeniowych &#8222;Dobrze ze\u015b sie Jezu pod Giewontem zrodziy\u0142&#8221;<\/strong><\/p>\n<p><i>\u201e\u017baden cz\u0142owiek nie widzia\u0142 ani nie pozna\u0142 Boga, dop\u00f3ki ON sam nie objawi\u0142 si\u0119 ludziom przez wiar\u0119, bo tylko ona jest zdolna Go ujrze\u0107. Ten B\u00f3g, Pan i Stw\u00f3rca wszechrzeczy, kt\u00f3ry wszystko powo\u0142a\u0142 do istnienia i swoim rozkazem wszystko urz\u0105dzi\u0142, jest zar\u00f3wno \u017cyczliwy ludziom, jak i cierpliwy. Taki by\u0142 zawsze, taki jest i taki b\u0119dzie: \u0142askawy, dobry, \u0142agodny, prawdom\u00f3wny i niezr\u00f3wnany w dobroci.\u201d<\/i><i> List do Diogeneta<\/i><\/p>\n<p>&nbsp;<\/p>\n<\/div>\n<\/div>\n<\/div>\n<div id=\"widget_7342dd12-e062-40f8-af32-c96becb587f6\" class=\"widget velacms-widget-rich-content \" data-widget-id=\"88fe259f-4513-4951-b2dd-1c396a264e16\" data-widget-type=\"velacms-widget-rich-content\" data-widget-locked=\"\">\n<div class=\"widget-content\">\n<div class=\"innerHtml\">\n<p>Ju\u017c po raz 13 Miasto Zakopane i parafie Zakopia\u0144skie zapraszaj\u0105 na radosne \u015bwi\u0119towanie Narodzin Jezusa Chrystusa. Podczas Festiwalu Kol\u0119d, Pastora\u0142ek i Pie\u015bni Bo\u017conarodzeniowych \u201eDobrze, ze\u015b sie Jezu pod Giewontem zrodziy\u0142\u2026\u201d w zakopia\u0144skich ko\u015bcio\u0142ach zabrzmi\u0105 najpi\u0119kniejsze polskie kol\u0119dy, g\u00f3ralskie pastora\u0142ki i najnowsze, wsp\u00f3\u0142czesne kompozycje. Wsp\u00f3lny \u015bpiew zebranych, przypominaj\u0105cy w s\u0142owach to cudowne wydarzenie przyj\u015bcia Boga na \u015bwiat, b\u0119dzie rozbrzmiewa\u0142 w Zakopanem od Wigilii Bo\u017cego Narodzenia do \u015awi\u0119ta Matki Bo\u017cej Gromnicznej ( 24.12.2021 do 2.02.2022).<\/p>\n<p>Festiwal odb\u0119dzie si\u0119 pod honorowym patronatem JE Ksi\u0119dza Arcybiskupa Marka J\u0119draszewskiego.<\/p>\n<p>W tegorocznej edycji b\u0119dzie mo\u017cna pos\u0142ucha\u0107 znakomitych wykonawc\u00f3w m.in.: Pa\u0144stwowego Zespo\u0142u Ludowego Pie\u015bni i Ta\u0144ca \u201eMazowsze\u201d im. Tadeusza Sygiety\u0144skiego, Natalii Kukulskiej, Haliny Fr\u0105ckowiak, \u0141ukasza Zagrobelnego, Podhala\u0144skiego Stowarzyszenia \u015apiewaczego \u201eTurliki\u201d, Ch\u00f3ru \u201eCanticum Iubilaeum\u201d z Limanowej, Hanki Rybki, zespo\u0142u \u201e9Siy\u0142\u201d, zespo\u0142u \u201eGiewont\u201d, zespo\u0142\u00f3w \u201eZyngry\u201d i\u201eHarni\u201d, Uczni\u00f3w Zespo\u0142u Pa\u0144stwowych Szk\u00f3\u0142 Artystycznych z Zakopanego.<\/p>\n<p>Burmistrz Miasta serdecznie dzi\u0119kuje Proboszczom zakopia\u0144skich Parafii, a tak\u017ce innym zakopia\u0144skim Ksi\u0119\u017com i Parafianom za wsp\u00f3\u0142organizacj\u0119 wydarzenia. Od 13 lat otacza nas nieustaj\u0105ca \u017cyczliwo\u015b\u0107, a tak\u017ce nieoceniona pomoc, za kt\u00f3r\u0105 jeste\u015bmy wdzi\u0119czni.<\/p>\n<p>Tekst: JS<\/p>\n<p>&nbsp;<\/p>\n<\/div>\n<\/div>\n<\/div>\n","protected":false},"excerpt":{"rendered":"<p>XIII Festiwal Kol\u0119d, Pastora\u0142ek i Pie\u015bni Bo\u017conarodzeniowych &#8222;Dobrze ze\u015b sie Jezu pod Giewontem zrodziy\u0142&#8221; \u201e\u017baden [&hellip;]<\/p>\n","protected":false},"author":7,"featured_media":1174,"comment_status":"closed","ping_status":"closed","sticky":false,"template":"","format":"standard","meta":[],"categories":[1],"tags":[],"acf":[],"_links":{"self":[{"href":"http:\/\/archiwum.festiwale.zakopane.pl\/festiwal-koled\/wp-json\/wp\/v2\/posts\/1149"}],"collection":[{"href":"http:\/\/archiwum.festiwale.zakopane.pl\/festiwal-koled\/wp-json\/wp\/v2\/posts"}],"about":[{"href":"http:\/\/archiwum.festiwale.zakopane.pl\/festiwal-koled\/wp-json\/wp\/v2\/types\/post"}],"author":[{"embeddable":true,"href":"http:\/\/archiwum.festiwale.zakopane.pl\/festiwal-koled\/wp-json\/wp\/v2\/users\/7"}],"replies":[{"embeddable":true,"href":"http:\/\/archiwum.festiwale.zakopane.pl\/festiwal-koled\/wp-json\/wp\/v2\/comments?post=1149"}],"version-history":[{"count":4,"href":"http:\/\/archiwum.festiwale.zakopane.pl\/festiwal-koled\/wp-json\/wp\/v2\/posts\/1149\/revisions"}],"predecessor-version":[{"id":1175,"href":"http:\/\/archiwum.festiwale.zakopane.pl\/festiwal-koled\/wp-json\/wp\/v2\/posts\/1149\/revisions\/1175"}],"wp:featuredmedia":[{"embeddable":true,"href":"http:\/\/archiwum.festiwale.zakopane.pl\/festiwal-koled\/wp-json\/wp\/v2\/media\/1174"}],"wp:attachment":[{"href":"http:\/\/archiwum.festiwale.zakopane.pl\/festiwal-koled\/wp-json\/wp\/v2\/media?parent=1149"}],"wp:term":[{"taxonomy":"category","embeddable":true,"href":"http:\/\/archiwum.festiwale.zakopane.pl\/festiwal-koled\/wp-json\/wp\/v2\/categories?post=1149"},{"taxonomy":"post_tag","embeddable":true,"href":"http:\/\/archiwum.festiwale.zakopane.pl\/festiwal-koled\/wp-json\/wp\/v2\/tags?post=1149"}],"curies":[{"name":"wp","href":"https:\/\/api.w.org\/{rel}","templated":true}]}}