{"id":968,"date":"2021-02-01T08:05:38","date_gmt":"2021-02-01T07:05:38","guid":{"rendered":"https:\/\/festiwale.zakopane.pl\/festiwal-koled-2020\/?p=968"},"modified":"2021-02-01T10:11:06","modified_gmt":"2021-02-01T09:11:06","slug":"vechi-acum","status":"publish","type":"post","link":"http:\/\/archiwum.festiwale.zakopane.pl\/festiwal-koled-2020\/2021\/02\/01\/vechi-acum\/","title":{"rendered":"Vechi Acum"},"content":{"rendered":"<p>Ostatni weekend stycznia i prawie ostatnie kol\u0119dy na Festiwalu. W sobot\u0119 mo\u017cna by\u0142o pos\u0142ucha\u0107 Vechi Acum (czyt. weczi akum).<\/p>\n<p>To krakowska grupa muzyczna, kt\u00f3ra powsta\u0142a ko\u0144cem 2018 roku.<\/p>\n<p>Pod enigmatyczn\u0105 nazw\u0105 zespo\u0142u, kt\u00f3ra w j\u0119zyku rumu\u0144skim oznacza \u201estaro-nowe\u201d kryje si\u0119 ch\u0119\u0107 przekazania tradycyjnej muzyki etnicznej w \u00a0\u015bwie\u017cym, niekonwencjonalnym wydaniu.<\/p>\n<p>Grup\u0119 tworz\u0105 osoby z r\u00f3\u017cnych, muzycznych region\u00f3w Polski &#8211; od Ziemi \u017bywieckiej, przez Ziemi\u0119 Podhala\u0144sk\u0105, Polski Spisz po Podkarpacie. Po\u0142\u0105czy\u0142a ich muzyka, a w szczeg\u00f3lno\u015bci umi\u0142owanie d\u017awi\u0119k\u00f3w etnicznych, nie tylko polskich, ale i ba\u0142ka\u0144skich czy \u017cydowskich &#8211; i w\u0142a\u015bnie taki repertuar prezentuj\u0105 na co dzie\u0144.<\/p>\n<p>Zapraszamy do pos\u0142uchania i obejrzenia: <a href=\"https:\/\/www.youtube.com\/watch?v=DX9GONDjLPE&amp;fbclid=IwAR25j4D_16qR42gzQlzBzWv7oj-uIo1KZfgCMX3I4nh70VhOijDosAKxgM0\">https:\/\/www.youtube.com\/watch?v=DX9GONDjLPE&amp;fbclid=IwAR25j4D_16qR42gzQlzBzWv7oj-uIo1KZfgCMX3I4nh70VhOijDosAKxgM0<\/a><\/p>\n<p>&nbsp;<\/p>\n<p>fot. APM<\/p>\n<div id='gallery-1' class='gallery galleryid-968 gallery-columns-3 gallery-size-thumbnail'><figure class='gallery-item'>\n\t\t\t<div class='gallery-icon landscape'>\n\t\t\t\t<a href='http:\/\/archiwum.festiwale.zakopane.pl\/festiwal-koled-2020\/2021\/02\/01\/vechi-acum\/vechi-acum-1\/'><img width=\"160\" height=\"160\" src=\"http:\/\/archiwum.festiwale.zakopane.pl\/festiwal-koled-2020\/wp-content\/uploads\/sites\/20\/2021\/02\/Vechi-Acum-1-160x160.jpg\" class=\"attachment-thumbnail size-thumbnail\" alt=\"\" loading=\"lazy\" aria-describedby=\"gallery-1-969\" \/><\/a>\n\t\t\t<\/div>\n\t\t\t\t<figcaption class='wp-caption-text gallery-caption' id='gallery-1-969'>\n\t\t\t\tVechi Acum\n\t\t\t\t<\/figcaption><\/figure><figure class='gallery-item'>\n\t\t\t<div class='gallery-icon landscape'>\n\t\t\t\t<a href='http:\/\/archiwum.festiwale.zakopane.pl\/festiwal-koled-2020\/2021\/02\/01\/vechi-acum\/vechi-acum-2\/'><img width=\"160\" height=\"160\" src=\"http:\/\/archiwum.festiwale.zakopane.pl\/festiwal-koled-2020\/wp-content\/uploads\/sites\/20\/2021\/02\/Vechi-Acum-2-160x160.jpg\" class=\"attachment-thumbnail size-thumbnail\" alt=\"\" loading=\"lazy\" aria-describedby=\"gallery-1-970\" \/><\/a>\n\t\t\t<\/div>\n\t\t\t\t<figcaption class='wp-caption-text gallery-caption' id='gallery-1-970'>\n\t\t\t\tVechi Acum\n\t\t\t\t<\/figcaption><\/figure><figure class='gallery-item'>\n\t\t\t<div class='gallery-icon landscape'>\n\t\t\t\t<a href='http:\/\/archiwum.festiwale.zakopane.pl\/festiwal-koled-2020\/2021\/02\/01\/vechi-acum\/vechi-acum-3\/'><img width=\"160\" height=\"160\" src=\"http:\/\/archiwum.festiwale.zakopane.pl\/festiwal-koled-2020\/wp-content\/uploads\/sites\/20\/2021\/02\/Vechi-Acum-3-160x160.jpg\" class=\"attachment-thumbnail size-thumbnail\" alt=\"\" loading=\"lazy\" aria-describedby=\"gallery-1-971\" \/><\/a>\n\t\t\t<\/div>\n\t\t\t\t<figcaption class='wp-caption-text gallery-caption' id='gallery-1-971'>\n\t\t\t\tVechi Acum\n\t\t\t\t<\/figcaption><\/figure><figure class='gallery-item'>\n\t\t\t<div class='gallery-icon landscape'>\n\t\t\t\t<a href='http:\/\/archiwum.festiwale.zakopane.pl\/festiwal-koled-2020\/2021\/02\/01\/vechi-acum\/vechi-acum-4\/'><img width=\"160\" height=\"160\" src=\"http:\/\/archiwum.festiwale.zakopane.pl\/festiwal-koled-2020\/wp-content\/uploads\/sites\/20\/2021\/02\/Vechi-Acum-4-160x160.jpg\" class=\"attachment-thumbnail size-thumbnail\" alt=\"\" loading=\"lazy\" aria-describedby=\"gallery-1-972\" \/><\/a>\n\t\t\t<\/div>\n\t\t\t\t<figcaption class='wp-caption-text gallery-caption' id='gallery-1-972'>\n\t\t\t\tVechi Acum\n\t\t\t\t<\/figcaption><\/figure><figure class='gallery-item'>\n\t\t\t<div class='gallery-icon landscape'>\n\t\t\t\t<a href='http:\/\/archiwum.festiwale.zakopane.pl\/festiwal-koled-2020\/2021\/02\/01\/vechi-acum\/vechi-acum-5\/'><img width=\"160\" height=\"160\" src=\"http:\/\/archiwum.festiwale.zakopane.pl\/festiwal-koled-2020\/wp-content\/uploads\/sites\/20\/2021\/02\/Vechi-Acum-5-160x160.jpg\" class=\"attachment-thumbnail size-thumbnail\" alt=\"\" loading=\"lazy\" aria-describedby=\"gallery-1-973\" \/><\/a>\n\t\t\t<\/div>\n\t\t\t\t<figcaption class='wp-caption-text gallery-caption' id='gallery-1-973'>\n\t\t\t\tVechi Acum\n\t\t\t\t<\/figcaption><\/figure><figure class='gallery-item'>\n\t\t\t<div class='gallery-icon landscape'>\n\t\t\t\t<a href='http:\/\/archiwum.festiwale.zakopane.pl\/festiwal-koled-2020\/2021\/02\/01\/vechi-acum\/vechi-acum-6\/'><img width=\"160\" height=\"160\" src=\"http:\/\/archiwum.festiwale.zakopane.pl\/festiwal-koled-2020\/wp-content\/uploads\/sites\/20\/2021\/02\/Vechi-Acum-6-160x160.jpg\" class=\"attachment-thumbnail size-thumbnail\" alt=\"\" loading=\"lazy\" aria-describedby=\"gallery-1-974\" \/><\/a>\n\t\t\t<\/div>\n\t\t\t\t<figcaption class='wp-caption-text gallery-caption' id='gallery-1-974'>\n\t\t\t\tVechi Acum\n\t\t\t\t<\/figcaption><\/figure><figure class='gallery-item'>\n\t\t\t<div class='gallery-icon landscape'>\n\t\t\t\t<a href='http:\/\/archiwum.festiwale.zakopane.pl\/festiwal-koled-2020\/2021\/02\/01\/vechi-acum\/vechi-acum-7\/'><img width=\"160\" height=\"160\" src=\"http:\/\/archiwum.festiwale.zakopane.pl\/festiwal-koled-2020\/wp-content\/uploads\/sites\/20\/2021\/02\/Vechi-Acum-7-160x160.jpg\" class=\"attachment-thumbnail size-thumbnail\" alt=\"\" loading=\"lazy\" aria-describedby=\"gallery-1-975\" \/><\/a>\n\t\t\t<\/div>\n\t\t\t\t<figcaption class='wp-caption-text gallery-caption' id='gallery-1-975'>\n\t\t\t\tVechi Acum\n\t\t\t\t<\/figcaption><\/figure><figure class='gallery-item'>\n\t\t\t<div class='gallery-icon landscape'>\n\t\t\t\t<a href='http:\/\/archiwum.festiwale.zakopane.pl\/festiwal-koled-2020\/2021\/02\/01\/vechi-acum\/vechi-acum-8\/'><img width=\"160\" height=\"160\" src=\"http:\/\/archiwum.festiwale.zakopane.pl\/festiwal-koled-2020\/wp-content\/uploads\/sites\/20\/2021\/02\/Vechi-Acum-8-160x160.jpg\" class=\"attachment-thumbnail size-thumbnail\" alt=\"\" loading=\"lazy\" aria-describedby=\"gallery-1-976\" \/><\/a>\n\t\t\t<\/div>\n\t\t\t\t<figcaption class='wp-caption-text gallery-caption' id='gallery-1-976'>\n\t\t\t\tVechi Acum\n\t\t\t\t<\/figcaption><\/figure><figure class='gallery-item'>\n\t\t\t<div class='gallery-icon landscape'>\n\t\t\t\t<a href='http:\/\/archiwum.festiwale.zakopane.pl\/festiwal-koled-2020\/2021\/02\/01\/vechi-acum\/vechi-acum-9\/'><img width=\"160\" height=\"160\" src=\"http:\/\/archiwum.festiwale.zakopane.pl\/festiwal-koled-2020\/wp-content\/uploads\/sites\/20\/2021\/02\/Vechi-Acum-9-160x160.jpg\" class=\"attachment-thumbnail size-thumbnail\" alt=\"\" loading=\"lazy\" aria-describedby=\"gallery-1-977\" \/><\/a>\n\t\t\t<\/div>\n\t\t\t\t<figcaption class='wp-caption-text gallery-caption' id='gallery-1-977'>\n\t\t\t\tVechi Acum\n\t\t\t\t<\/figcaption><\/figure><figure class='gallery-item'>\n\t\t\t<div class='gallery-icon landscape'>\n\t\t\t\t<a href='http:\/\/archiwum.festiwale.zakopane.pl\/festiwal-koled-2020\/2021\/02\/01\/vechi-acum\/vechi-acum-10\/'><img width=\"160\" height=\"160\" src=\"http:\/\/archiwum.festiwale.zakopane.pl\/festiwal-koled-2020\/wp-content\/uploads\/sites\/20\/2021\/02\/Vechi-Acum-10-160x160.jpg\" class=\"attachment-thumbnail size-thumbnail\" alt=\"\" loading=\"lazy\" aria-describedby=\"gallery-1-978\" \/><\/a>\n\t\t\t<\/div>\n\t\t\t\t<figcaption class='wp-caption-text gallery-caption' id='gallery-1-978'>\n\t\t\t\tVechi Acum\n\t\t\t\t<\/figcaption><\/figure>\n\t\t<\/div>\n\n","protected":false},"excerpt":{"rendered":"<p>Ostatni weekend stycznia i prawie ostatnie kol\u0119dy na Festiwalu. W sobot\u0119 mo\u017cna by\u0142o pos\u0142ucha\u0107 Vechi [&hellip;]<\/p>\n","protected":false},"author":7,"featured_media":756,"comment_status":"closed","ping_status":"closed","sticky":false,"template":"","format":"standard","meta":[],"categories":[1],"tags":[],"acf":[],"_links":{"self":[{"href":"http:\/\/archiwum.festiwale.zakopane.pl\/festiwal-koled-2020\/wp-json\/wp\/v2\/posts\/968"}],"collection":[{"href":"http:\/\/archiwum.festiwale.zakopane.pl\/festiwal-koled-2020\/wp-json\/wp\/v2\/posts"}],"about":[{"href":"http:\/\/archiwum.festiwale.zakopane.pl\/festiwal-koled-2020\/wp-json\/wp\/v2\/types\/post"}],"author":[{"embeddable":true,"href":"http:\/\/archiwum.festiwale.zakopane.pl\/festiwal-koled-2020\/wp-json\/wp\/v2\/users\/7"}],"replies":[{"embeddable":true,"href":"http:\/\/archiwum.festiwale.zakopane.pl\/festiwal-koled-2020\/wp-json\/wp\/v2\/comments?post=968"}],"version-history":[{"count":4,"href":"http:\/\/archiwum.festiwale.zakopane.pl\/festiwal-koled-2020\/wp-json\/wp\/v2\/posts\/968\/revisions"}],"predecessor-version":[{"id":983,"href":"http:\/\/archiwum.festiwale.zakopane.pl\/festiwal-koled-2020\/wp-json\/wp\/v2\/posts\/968\/revisions\/983"}],"wp:featuredmedia":[{"embeddable":true,"href":"http:\/\/archiwum.festiwale.zakopane.pl\/festiwal-koled-2020\/wp-json\/wp\/v2\/media\/756"}],"wp:attachment":[{"href":"http:\/\/archiwum.festiwale.zakopane.pl\/festiwal-koled-2020\/wp-json\/wp\/v2\/media?parent=968"}],"wp:term":[{"taxonomy":"category","embeddable":true,"href":"http:\/\/archiwum.festiwale.zakopane.pl\/festiwal-koled-2020\/wp-json\/wp\/v2\/categories?post=968"},{"taxonomy":"post_tag","embeddable":true,"href":"http:\/\/archiwum.festiwale.zakopane.pl\/festiwal-koled-2020\/wp-json\/wp\/v2\/tags?post=968"}],"curies":[{"name":"wp","href":"https:\/\/api.w.org\/{rel}","templated":true}]}}