{"id":890,"date":"2021-01-26T12:45:12","date_gmt":"2021-01-26T11:45:12","guid":{"rendered":"https:\/\/festiwale.zakopane.pl\/festiwal-koled-2020\/?p=890"},"modified":"2021-01-28T14:56:43","modified_gmt":"2021-01-28T13:56:43","slug":"piesni-bozonarodzeniowe-w-wykonaniu-martyny-kasprzyckiej","status":"publish","type":"post","link":"http:\/\/archiwum.festiwale.zakopane.pl\/festiwal-koled-2020\/2021\/01\/26\/piesni-bozonarodzeniowe-w-wykonaniu-martyny-kasprzyckiej\/","title":{"rendered":"Pie\u015bni bo\u017conarodzeniowe w wykonaniu Martyny Kasprzyckiej"},"content":{"rendered":"<p>W ko\u015bciele Mi\u0142osierdzia Bo\u017cego na Cyrhli grupa przyjaci\u00f3\u0142 zaprezentowa\u0142a kol\u0119dy i pastora\u0142ki we w\u0142asnej jazzowo &#8211; etnicznej aran\u017cacji, zaczerpni\u0119tej g\u0142\u00f3wnie z tradycji i folkloru polskiego oraz muzyki p\u0142yn\u0105cej z potrzeby ich serca.<\/p>\n<p>Martyna Kasprzycka \u2013 wokalistka, g\u00f3ralka z Zakopanego, abiturientka Krakowskiej Szko\u0142y Jazzu i Muzyki Rozrywkowej a obecnie studentka bydgoskiej Akademii Muzycznej im. Feliksa Nowowiejskiego w Bydgoszczy na kierunku Jazz i Muzyka Estradowa. Muzyka od zawsze kszta\u0142tuje jej osobowo\u015b\u0107, jest dla niej \u017ar\u00f3d\u0142em rado\u015bci i odskoczni\u0105 od rzeczywisto\u015bci, w wolnych chwilach komponuje w\u0142asne utwory, uwa\u017ca, \u017ce najwa\u017cniejsze jest brzmienie i przekaz muzyczny, tak\u017ce ten ukryty tekstach. Swoje inspiracje czerpie z muzyki ludowej, rocka, jazzu i muzyki improwizowanej. Szerszej publiczno\u015bci da\u0142a si\u0119 pozna\u0107 jako uczestniczka 9 edycji The Voice of Poland oraz podczas koncert\u00f3w w Studiu Piosenki Polskiego Radia. W 2018r zdoby\u0142a tytu\u0142 Talent Ma\u0142opolski, jest laureatk\u0105 g\u0142\u00f3wnych nagr\u00f3d og\u00f3lnopolskich festiwali muzycznych m.in. Festiwalu im. Kaliny J\u0119drusik, Festiwalu Piosenki Andrzeja Zieli\u0144skiego oraz tego roku Festiwalu Pami\u0119tajmy o Osieckiej.<\/p>\n<p>&nbsp;<\/p>\n<p>fot. APM<\/p>\n<div id='gallery-1' class='gallery galleryid-890 gallery-columns-3 gallery-size-thumbnail'><figure class='gallery-item'>\n\t\t\t<div class='gallery-icon landscape'>\n\t\t\t\t<a href='http:\/\/archiwum.festiwale.zakopane.pl\/festiwal-koled-2020\/2021\/01\/26\/piesni-bozonarodzeniowe-w-wykonaniu-martyny-kasprzyckiej\/martyna-kasprzycka-2\/'><img width=\"160\" height=\"160\" src=\"http:\/\/archiwum.festiwale.zakopane.pl\/festiwal-koled-2020\/wp-content\/uploads\/sites\/20\/2021\/01\/Martyna-Kasprzycka-2-160x160.jpg\" class=\"attachment-thumbnail size-thumbnail\" alt=\"\" loading=\"lazy\" aria-describedby=\"gallery-1-891\" \/><\/a>\n\t\t\t<\/div>\n\t\t\t\t<figcaption class='wp-caption-text gallery-caption' id='gallery-1-891'>\n\t\t\t\tMartyna Kasprzycka \n\t\t\t\t<\/figcaption><\/figure><figure class='gallery-item'>\n\t\t\t<div class='gallery-icon landscape'>\n\t\t\t\t<a href='http:\/\/archiwum.festiwale.zakopane.pl\/festiwal-koled-2020\/2021\/01\/26\/piesni-bozonarodzeniowe-w-wykonaniu-martyny-kasprzyckiej\/martyna-kasprzycka-3\/'><img width=\"160\" height=\"160\" src=\"http:\/\/archiwum.festiwale.zakopane.pl\/festiwal-koled-2020\/wp-content\/uploads\/sites\/20\/2021\/01\/Martyna-Kasprzycka-3-160x160.jpg\" class=\"attachment-thumbnail size-thumbnail\" alt=\"\" loading=\"lazy\" aria-describedby=\"gallery-1-892\" \/><\/a>\n\t\t\t<\/div>\n\t\t\t\t<figcaption class='wp-caption-text gallery-caption' id='gallery-1-892'>\n\t\t\t\tMartyna Kasprzycka\n\t\t\t\t<\/figcaption><\/figure><figure class='gallery-item'>\n\t\t\t<div class='gallery-icon landscape'>\n\t\t\t\t<a href='http:\/\/archiwum.festiwale.zakopane.pl\/festiwal-koled-2020\/2021\/01\/26\/piesni-bozonarodzeniowe-w-wykonaniu-martyny-kasprzyckiej\/martyna-kasprzycka-4\/'><img width=\"160\" height=\"160\" src=\"http:\/\/archiwum.festiwale.zakopane.pl\/festiwal-koled-2020\/wp-content\/uploads\/sites\/20\/2021\/01\/Martyna-Kasprzycka-4-160x160.jpg\" class=\"attachment-thumbnail size-thumbnail\" alt=\"\" loading=\"lazy\" aria-describedby=\"gallery-1-893\" \/><\/a>\n\t\t\t<\/div>\n\t\t\t\t<figcaption class='wp-caption-text gallery-caption' id='gallery-1-893'>\n\t\t\t\tMartyna Kasprzycka\n\t\t\t\t<\/figcaption><\/figure><figure class='gallery-item'>\n\t\t\t<div class='gallery-icon landscape'>\n\t\t\t\t<a href='http:\/\/archiwum.festiwale.zakopane.pl\/festiwal-koled-2020\/2021\/01\/26\/piesni-bozonarodzeniowe-w-wykonaniu-martyny-kasprzyckiej\/martyna-kasprzycka-6\/'><img width=\"160\" height=\"160\" src=\"http:\/\/archiwum.festiwale.zakopane.pl\/festiwal-koled-2020\/wp-content\/uploads\/sites\/20\/2021\/01\/Martyna-Kasprzycka-6-160x160.jpg\" class=\"attachment-thumbnail size-thumbnail\" alt=\"\" loading=\"lazy\" aria-describedby=\"gallery-1-895\" \/><\/a>\n\t\t\t<\/div>\n\t\t\t\t<figcaption class='wp-caption-text gallery-caption' id='gallery-1-895'>\n\t\t\t\tMartyna Kasprzycka\n\t\t\t\t<\/figcaption><\/figure><figure class='gallery-item'>\n\t\t\t<div class='gallery-icon portrait'>\n\t\t\t\t<a href='http:\/\/archiwum.festiwale.zakopane.pl\/festiwal-koled-2020\/2021\/01\/26\/piesni-bozonarodzeniowe-w-wykonaniu-martyny-kasprzyckiej\/martyna-kasprzycka-7\/'><img width=\"160\" height=\"160\" src=\"http:\/\/archiwum.festiwale.zakopane.pl\/festiwal-koled-2020\/wp-content\/uploads\/sites\/20\/2021\/01\/Martyna-Kasprzycka-7-160x160.jpg\" class=\"attachment-thumbnail size-thumbnail\" alt=\"\" loading=\"lazy\" aria-describedby=\"gallery-1-896\" \/><\/a>\n\t\t\t<\/div>\n\t\t\t\t<figcaption class='wp-caption-text gallery-caption' id='gallery-1-896'>\n\t\t\t\tMartyna Kasprzycka\n\t\t\t\t<\/figcaption><\/figure><figure class='gallery-item'>\n\t\t\t<div class='gallery-icon landscape'>\n\t\t\t\t<a href='http:\/\/archiwum.festiwale.zakopane.pl\/festiwal-koled-2020\/2021\/01\/26\/piesni-bozonarodzeniowe-w-wykonaniu-martyny-kasprzyckiej\/martyna-kasprzycka-8\/'><img width=\"160\" height=\"160\" src=\"http:\/\/archiwum.festiwale.zakopane.pl\/festiwal-koled-2020\/wp-content\/uploads\/sites\/20\/2021\/01\/Martyna-Kasprzycka-8-160x160.jpg\" class=\"attachment-thumbnail size-thumbnail\" alt=\"\" loading=\"lazy\" aria-describedby=\"gallery-1-897\" \/><\/a>\n\t\t\t<\/div>\n\t\t\t\t<figcaption class='wp-caption-text gallery-caption' id='gallery-1-897'>\n\t\t\t\tMartyna Kasprzycka\n\t\t\t\t<\/figcaption><\/figure><figure class='gallery-item'>\n\t\t\t<div class='gallery-icon landscape'>\n\t\t\t\t<a href='http:\/\/archiwum.festiwale.zakopane.pl\/festiwal-koled-2020\/2021\/01\/26\/piesni-bozonarodzeniowe-w-wykonaniu-martyny-kasprzyckiej\/martyna-kasprzycka-9\/'><img width=\"160\" height=\"160\" src=\"http:\/\/archiwum.festiwale.zakopane.pl\/festiwal-koled-2020\/wp-content\/uploads\/sites\/20\/2021\/01\/Martyna-Kasprzycka-9-160x160.jpg\" class=\"attachment-thumbnail size-thumbnail\" alt=\"\" loading=\"lazy\" aria-describedby=\"gallery-1-898\" \/><\/a>\n\t\t\t<\/div>\n\t\t\t\t<figcaption class='wp-caption-text gallery-caption' id='gallery-1-898'>\n\t\t\t\tMartyna Kasprzycka\n\t\t\t\t<\/figcaption><\/figure><figure class='gallery-item'>\n\t\t\t<div class='gallery-icon landscape'>\n\t\t\t\t<a href='http:\/\/archiwum.festiwale.zakopane.pl\/festiwal-koled-2020\/2021\/01\/26\/piesni-bozonarodzeniowe-w-wykonaniu-martyny-kasprzyckiej\/martyna-kasprzycka-11\/'><img width=\"160\" height=\"160\" src=\"http:\/\/archiwum.festiwale.zakopane.pl\/festiwal-koled-2020\/wp-content\/uploads\/sites\/20\/2021\/01\/Martyna-Kasprzycka-11-160x160.jpg\" class=\"attachment-thumbnail size-thumbnail\" alt=\"\" loading=\"lazy\" aria-describedby=\"gallery-1-900\" \/><\/a>\n\t\t\t<\/div>\n\t\t\t\t<figcaption class='wp-caption-text gallery-caption' id='gallery-1-900'>\n\t\t\t\tMartyna Kasprzycka\n\t\t\t\t<\/figcaption><\/figure><figure class='gallery-item'>\n\t\t\t<div class='gallery-icon landscape'>\n\t\t\t\t<a href='http:\/\/archiwum.festiwale.zakopane.pl\/festiwal-koled-2020\/2021\/01\/26\/piesni-bozonarodzeniowe-w-wykonaniu-martyny-kasprzyckiej\/martyna-kasprzycka-12\/'><img width=\"160\" height=\"160\" src=\"http:\/\/archiwum.festiwale.zakopane.pl\/festiwal-koled-2020\/wp-content\/uploads\/sites\/20\/2021\/01\/Martyna-Kasprzycka-12-160x160.jpg\" class=\"attachment-thumbnail size-thumbnail\" alt=\"\" loading=\"lazy\" aria-describedby=\"gallery-1-901\" \/><\/a>\n\t\t\t<\/div>\n\t\t\t\t<figcaption class='wp-caption-text gallery-caption' id='gallery-1-901'>\n\t\t\t\tMartyna Kasprzycka\n\t\t\t\t<\/figcaption><\/figure><figure class='gallery-item'>\n\t\t\t<div class='gallery-icon landscape'>\n\t\t\t\t<a href='http:\/\/archiwum.festiwale.zakopane.pl\/festiwal-koled-2020\/2021\/01\/26\/piesni-bozonarodzeniowe-w-wykonaniu-martyny-kasprzyckiej\/martyna-kasprzycka-13\/'><img width=\"160\" height=\"160\" src=\"http:\/\/archiwum.festiwale.zakopane.pl\/festiwal-koled-2020\/wp-content\/uploads\/sites\/20\/2021\/01\/Martyna-Kasprzycka-13-160x160.jpg\" class=\"attachment-thumbnail size-thumbnail\" alt=\"\" loading=\"lazy\" aria-describedby=\"gallery-1-902\" \/><\/a>\n\t\t\t<\/div>\n\t\t\t\t<figcaption class='wp-caption-text gallery-caption' id='gallery-1-902'>\n\t\t\t\tMartyna Kasprzycka\n\t\t\t\t<\/figcaption><\/figure>\n\t\t<\/div>\n\n","protected":false},"excerpt":{"rendered":"<p>W ko\u015bciele Mi\u0142osierdzia Bo\u017cego na Cyrhli grupa przyjaci\u00f3\u0142 zaprezentowa\u0142a kol\u0119dy i pastora\u0142ki we w\u0142asnej jazzowo [&hellip;]<\/p>\n","protected":false},"author":7,"featured_media":753,"comment_status":"closed","ping_status":"closed","sticky":false,"template":"","format":"standard","meta":[],"categories":[1],"tags":[],"acf":[],"_links":{"self":[{"href":"http:\/\/archiwum.festiwale.zakopane.pl\/festiwal-koled-2020\/wp-json\/wp\/v2\/posts\/890"}],"collection":[{"href":"http:\/\/archiwum.festiwale.zakopane.pl\/festiwal-koled-2020\/wp-json\/wp\/v2\/posts"}],"about":[{"href":"http:\/\/archiwum.festiwale.zakopane.pl\/festiwal-koled-2020\/wp-json\/wp\/v2\/types\/post"}],"author":[{"embeddable":true,"href":"http:\/\/archiwum.festiwale.zakopane.pl\/festiwal-koled-2020\/wp-json\/wp\/v2\/users\/7"}],"replies":[{"embeddable":true,"href":"http:\/\/archiwum.festiwale.zakopane.pl\/festiwal-koled-2020\/wp-json\/wp\/v2\/comments?post=890"}],"version-history":[{"count":2,"href":"http:\/\/archiwum.festiwale.zakopane.pl\/festiwal-koled-2020\/wp-json\/wp\/v2\/posts\/890\/revisions"}],"predecessor-version":[{"id":934,"href":"http:\/\/archiwum.festiwale.zakopane.pl\/festiwal-koled-2020\/wp-json\/wp\/v2\/posts\/890\/revisions\/934"}],"wp:featuredmedia":[{"embeddable":true,"href":"http:\/\/archiwum.festiwale.zakopane.pl\/festiwal-koled-2020\/wp-json\/wp\/v2\/media\/753"}],"wp:attachment":[{"href":"http:\/\/archiwum.festiwale.zakopane.pl\/festiwal-koled-2020\/wp-json\/wp\/v2\/media?parent=890"}],"wp:term":[{"taxonomy":"category","embeddable":true,"href":"http:\/\/archiwum.festiwale.zakopane.pl\/festiwal-koled-2020\/wp-json\/wp\/v2\/categories?post=890"},{"taxonomy":"post_tag","embeddable":true,"href":"http:\/\/archiwum.festiwale.zakopane.pl\/festiwal-koled-2020\/wp-json\/wp\/v2\/tags?post=890"}],"curies":[{"name":"wp","href":"https:\/\/api.w.org\/{rel}","templated":true}]}}