{"id":874,"date":"2021-01-18T11:43:07","date_gmt":"2021-01-18T10:43:07","guid":{"rendered":"https:\/\/festiwale.zakopane.pl\/festiwal-koled-2020\/?p=874"},"modified":"2021-01-18T11:43:07","modified_gmt":"2021-01-18T10:43:07","slug":"zespol-im-klimka-bachledy-koledowal-w-sobotni-wieczor","status":"publish","type":"post","link":"http:\/\/archiwum.festiwale.zakopane.pl\/festiwal-koled-2020\/2021\/01\/18\/zespol-im-klimka-bachledy-koledowal-w-sobotni-wieczor\/","title":{"rendered":"Zesp\u00f3\u0142 im. Klimka Bachledy kol\u0119dowa\u0142 w sobotni wiecz\u00f3r"},"content":{"rendered":"<p>W Ko\u015bciele \u015awi\u0119tego Krzy\u017ca wyst\u0105pi\u0142 Zesp\u00f3\u0142 G\u00f3ralski im. Klimka Bachledy.<\/p>\n<p>Zesp\u00f3\u0142 powsta\u0142 w 1952 roku przy zakopia\u0144skiej \u201eCepelii\u201d. W 1957 roku, po reaktywacji Zwi\u0105zku Podhalan, przeszed\u0142 pod jego opiek\u0119 i dzia\u0142a przy Zwi\u0105zku do dzi\u015b. Zesp\u00f3\u0142 zrzesza m\u0142odzie\u017c i doros\u0142ych, kt\u00f3rym kultura g\u00f3ralska, autentyczny \u015bpiew, taniec, muzyka, gwara, le\u017c\u0105 bardzo na sercu. Od ponad p\u00f3\u0142 wieku piel\u0119gnuje tradycje, kt\u00f3re w regionie Podhala s\u0105 ci\u0105gle \u017cywe. Dorobek artystyczny zespo\u0142u to programy i przestawienia oparte na tradycjach podhala\u0144skich, m.in. programy: <em>Na hali, Zaloty, Wesele g\u00f3ralskie, Jase\u0142ka<\/em>. Cz\u0142onkowie zespo\u0142u udzielali si\u0119 jako aktorzy w sztukach napisanych przez Juliana Reimschussela, a w latach 60-tych i 90-tych XX wieku opracowali jedyn\u0105 w tamtym czasie oper\u0119 g\u00f3ralsk\u0105 pt<em>. Jadwisia spod regli<\/em>, kt\u00f3ra wesz\u0142a w kanon g\u00f3ralskiej sztuki. Zesp\u00f3\u0142 aktywnie uczestniczy w \u017cyciu Miasta Zakopane, przygotowuj\u0105c opraw\u0119 artystyczn\u0105 wydarze\u0144 organizowanych przez Miasto. Od kilku lat u\u015bwietnia r\u00f3wnie\u017c opraw\u0119 Mszy \u015aw. w Starym Ko\u015bci\u00f3\u0142ku na P\u0119ksowym Brzyzku oraz Europejskie Targi Produkt\u00f3w Regionalnych. Szeroka dzia\u0142alno\u015b\u0107 edukacyjna Zespo\u0142u obejmuje tak\u017ce lekcje o regionie Podhala. \u201eKlimki\u201d uczestnicz\u0105 w wielu przegl\u0105dach i konkursach, zdobywaj\u0105c niejednokrotnie g\u0142\u00f3wne nagrody, cz\u0119sto koncertuj\u0105 na cele charytatywne. Cz\u0142onkowie zespo\u0142u mieli tak\u017ce okazj\u0119 odwiedzi\u0107 pi\u0119kne zak\u0105tki Polski i Europy, a w latach 70-tych koncertowali w Ameryce P\u00f3\u0142nocnej. Kierownikiem zespo\u0142u jest Zofia Kubiniec-Stanuch.<\/p>\n<div id='gallery-1' class='gallery galleryid-874 gallery-columns-3 gallery-size-thumbnail'><figure class='gallery-item'>\n\t\t\t<div class='gallery-icon landscape'>\n\t\t\t\t<a href='http:\/\/archiwum.festiwale.zakopane.pl\/festiwal-koled-2020\/galeria\/zespol-goralski-im-klimka-bachledy\/img_20210116_175844\/'><img width=\"160\" height=\"160\" src=\"http:\/\/archiwum.festiwale.zakopane.pl\/festiwal-koled-2020\/wp-content\/uploads\/sites\/20\/2021\/01\/IMG_20210116_175844-160x160.jpg\" class=\"attachment-thumbnail size-thumbnail\" alt=\"\" loading=\"lazy\" aria-describedby=\"gallery-1-872\" \/><\/a>\n\t\t\t<\/div>\n\t\t\t\t<figcaption class='wp-caption-text gallery-caption' id='gallery-1-872'>\n\t\t\t\tZesp\u00f3\u0142 im. Klimka Bachledy\n\t\t\t\t<\/figcaption><\/figure><figure class='gallery-item'>\n\t\t\t<div class='gallery-icon portrait'>\n\t\t\t\t<a href='http:\/\/archiwum.festiwale.zakopane.pl\/festiwal-koled-2020\/galeria\/zespol-goralski-im-klimka-bachledy\/img_6060\/'><img width=\"160\" height=\"160\" src=\"http:\/\/archiwum.festiwale.zakopane.pl\/festiwal-koled-2020\/wp-content\/uploads\/sites\/20\/2021\/01\/IMG_6060-160x160.jpg\" class=\"attachment-thumbnail size-thumbnail\" alt=\"\" loading=\"lazy\" aria-describedby=\"gallery-1-868\" \/><\/a>\n\t\t\t<\/div>\n\t\t\t\t<figcaption class='wp-caption-text gallery-caption' id='gallery-1-868'>\n\t\t\t\tZesp\u00f3\u0142 im. Klimka Bachledy\n\t\t\t\t<\/figcaption><\/figure><figure class='gallery-item'>\n\t\t\t<div class='gallery-icon landscape'>\n\t\t\t\t<a href='http:\/\/archiwum.festiwale.zakopane.pl\/festiwal-koled-2020\/galeria\/zespol-goralski-im-klimka-bachledy\/img_6054\/'><img width=\"160\" height=\"160\" src=\"http:\/\/archiwum.festiwale.zakopane.pl\/festiwal-koled-2020\/wp-content\/uploads\/sites\/20\/2021\/01\/IMG_6054-160x160.jpg\" class=\"attachment-thumbnail size-thumbnail\" alt=\"\" loading=\"lazy\" aria-describedby=\"gallery-1-866\" \/><\/a>\n\t\t\t<\/div>\n\t\t\t\t<figcaption class='wp-caption-text gallery-caption' id='gallery-1-866'>\n\t\t\t\tZesp\u00f3\u0142 im. Klimka Bachledy\n\t\t\t\t<\/figcaption><\/figure><figure class='gallery-item'>\n\t\t\t<div class='gallery-icon landscape'>\n\t\t\t\t<a href='http:\/\/archiwum.festiwale.zakopane.pl\/festiwal-koled-2020\/galeria\/zespol-goralski-im-klimka-bachledy\/img_6048\/'><img width=\"160\" height=\"160\" src=\"http:\/\/archiwum.festiwale.zakopane.pl\/festiwal-koled-2020\/wp-content\/uploads\/sites\/20\/2021\/01\/IMG_6048-160x160.jpg\" class=\"attachment-thumbnail size-thumbnail\" alt=\"\" loading=\"lazy\" aria-describedby=\"gallery-1-865\" \/><\/a>\n\t\t\t<\/div>\n\t\t\t\t<figcaption class='wp-caption-text gallery-caption' id='gallery-1-865'>\n\t\t\t\tZesp\u00f3\u0142 im. Klimka Bachledy\n\t\t\t\t<\/figcaption><\/figure><figure class='gallery-item'>\n\t\t\t<div class='gallery-icon portrait'>\n\t\t\t\t<a href='http:\/\/archiwum.festiwale.zakopane.pl\/festiwal-koled-2020\/galeria\/zespol-goralski-im-klimka-bachledy\/img_6046\/'><img width=\"160\" height=\"160\" src=\"http:\/\/archiwum.festiwale.zakopane.pl\/festiwal-koled-2020\/wp-content\/uploads\/sites\/20\/2021\/01\/IMG_6046-160x160.jpg\" class=\"attachment-thumbnail size-thumbnail\" alt=\"\" loading=\"lazy\" aria-describedby=\"gallery-1-864\" \/><\/a>\n\t\t\t<\/div>\n\t\t\t\t<figcaption class='wp-caption-text gallery-caption' id='gallery-1-864'>\n\t\t\t\tZesp\u00f3\u0142 im. Klimka Bachledy\n\t\t\t\t<\/figcaption><\/figure><figure class='gallery-item'>\n\t\t\t<div class='gallery-icon landscape'>\n\t\t\t\t<a href='http:\/\/archiwum.festiwale.zakopane.pl\/festiwal-koled-2020\/galeria\/zespol-goralski-im-klimka-bachledy\/img_6041\/'><img width=\"160\" height=\"160\" src=\"http:\/\/archiwum.festiwale.zakopane.pl\/festiwal-koled-2020\/wp-content\/uploads\/sites\/20\/2021\/01\/IMG_6041-160x160.jpg\" class=\"attachment-thumbnail size-thumbnail\" alt=\"\" loading=\"lazy\" aria-describedby=\"gallery-1-862\" \/><\/a>\n\t\t\t<\/div>\n\t\t\t\t<figcaption class='wp-caption-text gallery-caption' id='gallery-1-862'>\n\t\t\t\tZesp\u00f3\u0142 im. Klimka Bachledy\n\t\t\t\t<\/figcaption><\/figure><figure class='gallery-item'>\n\t\t\t<div class='gallery-icon portrait'>\n\t\t\t\t<a href='http:\/\/archiwum.festiwale.zakopane.pl\/festiwal-koled-2020\/galeria\/zespol-goralski-im-klimka-bachledy\/img_6036\/'><img width=\"160\" height=\"160\" src=\"http:\/\/archiwum.festiwale.zakopane.pl\/festiwal-koled-2020\/wp-content\/uploads\/sites\/20\/2021\/01\/IMG_6036-160x160.jpg\" class=\"attachment-thumbnail size-thumbnail\" alt=\"\" loading=\"lazy\" aria-describedby=\"gallery-1-860\" \/><\/a>\n\t\t\t<\/div>\n\t\t\t\t<figcaption class='wp-caption-text gallery-caption' id='gallery-1-860'>\n\t\t\t\tZesp\u00f3\u0142 im. Klimka Bachledy\n\t\t\t\t<\/figcaption><\/figure><figure class='gallery-item'>\n\t\t\t<div class='gallery-icon landscape'>\n\t\t\t\t<a href='http:\/\/archiwum.festiwale.zakopane.pl\/festiwal-koled-2020\/galeria\/zespol-goralski-im-klimka-bachledy\/img_6028\/'><img width=\"160\" height=\"160\" src=\"http:\/\/archiwum.festiwale.zakopane.pl\/festiwal-koled-2020\/wp-content\/uploads\/sites\/20\/2021\/01\/IMG_6028-160x160.jpg\" class=\"attachment-thumbnail size-thumbnail\" alt=\"\" loading=\"lazy\" aria-describedby=\"gallery-1-859\" \/><\/a>\n\t\t\t<\/div>\n\t\t\t\t<figcaption class='wp-caption-text gallery-caption' id='gallery-1-859'>\n\t\t\t\tZesp\u00f3\u0142 im. Klimka Bachledy\n\t\t\t\t<\/figcaption><\/figure><figure class='gallery-item'>\n\t\t\t<div class='gallery-icon landscape'>\n\t\t\t\t<a href='http:\/\/archiwum.festiwale.zakopane.pl\/festiwal-koled-2020\/galeria\/zespol-goralski-im-klimka-bachledy\/img_6019\/'><img width=\"160\" height=\"160\" src=\"http:\/\/archiwum.festiwale.zakopane.pl\/festiwal-koled-2020\/wp-content\/uploads\/sites\/20\/2021\/01\/IMG_6019-160x160.jpg\" class=\"attachment-thumbnail size-thumbnail\" alt=\"\" loading=\"lazy\" aria-describedby=\"gallery-1-858\" \/><\/a>\n\t\t\t<\/div>\n\t\t\t\t<figcaption class='wp-caption-text gallery-caption' id='gallery-1-858'>\n\t\t\t\tZesp\u00f3\u0142 im. Klimka Bachledy\n\t\t\t\t<\/figcaption><\/figure>\n\t\t<\/div>\n\n<p>&nbsp;<\/p>\n","protected":false},"excerpt":{"rendered":"<p>W Ko\u015bciele \u015awi\u0119tego Krzy\u017ca wyst\u0105pi\u0142 Zesp\u00f3\u0142 G\u00f3ralski im. Klimka Bachledy. Zesp\u00f3\u0142 powsta\u0142 w 1952 roku [&hellip;]<\/p>\n","protected":false},"author":7,"featured_media":736,"comment_status":"closed","ping_status":"closed","sticky":false,"template":"","format":"standard","meta":[],"categories":[1],"tags":[],"acf":[],"_links":{"self":[{"href":"http:\/\/archiwum.festiwale.zakopane.pl\/festiwal-koled-2020\/wp-json\/wp\/v2\/posts\/874"}],"collection":[{"href":"http:\/\/archiwum.festiwale.zakopane.pl\/festiwal-koled-2020\/wp-json\/wp\/v2\/posts"}],"about":[{"href":"http:\/\/archiwum.festiwale.zakopane.pl\/festiwal-koled-2020\/wp-json\/wp\/v2\/types\/post"}],"author":[{"embeddable":true,"href":"http:\/\/archiwum.festiwale.zakopane.pl\/festiwal-koled-2020\/wp-json\/wp\/v2\/users\/7"}],"replies":[{"embeddable":true,"href":"http:\/\/archiwum.festiwale.zakopane.pl\/festiwal-koled-2020\/wp-json\/wp\/v2\/comments?post=874"}],"version-history":[{"count":1,"href":"http:\/\/archiwum.festiwale.zakopane.pl\/festiwal-koled-2020\/wp-json\/wp\/v2\/posts\/874\/revisions"}],"predecessor-version":[{"id":875,"href":"http:\/\/archiwum.festiwale.zakopane.pl\/festiwal-koled-2020\/wp-json\/wp\/v2\/posts\/874\/revisions\/875"}],"wp:featuredmedia":[{"embeddable":true,"href":"http:\/\/archiwum.festiwale.zakopane.pl\/festiwal-koled-2020\/wp-json\/wp\/v2\/media\/736"}],"wp:attachment":[{"href":"http:\/\/archiwum.festiwale.zakopane.pl\/festiwal-koled-2020\/wp-json\/wp\/v2\/media?parent=874"}],"wp:term":[{"taxonomy":"category","embeddable":true,"href":"http:\/\/archiwum.festiwale.zakopane.pl\/festiwal-koled-2020\/wp-json\/wp\/v2\/categories?post=874"},{"taxonomy":"post_tag","embeddable":true,"href":"http:\/\/archiwum.festiwale.zakopane.pl\/festiwal-koled-2020\/wp-json\/wp\/v2\/tags?post=874"}],"curies":[{"name":"wp","href":"https:\/\/api.w.org\/{rel}","templated":true}]}}