{"id":837,"date":"2021-01-13T10:35:09","date_gmt":"2021-01-13T09:35:09","guid":{"rendered":"https:\/\/festiwale.zakopane.pl\/festiwal-koled-2020\/?p=837"},"modified":"2021-01-13T10:35:09","modified_gmt":"2021-01-13T09:35:09","slug":"wigilijny-wieczor-na-olczy","status":"publish","type":"post","link":"http:\/\/archiwum.festiwale.zakopane.pl\/festiwal-koled-2020\/2021\/01\/13\/wigilijny-wieczor-na-olczy\/","title":{"rendered":"Wigilijny wiecz\u00f3r na Olczy"},"content":{"rendered":"<p>Przed Pasterk\u0105 w wigilijny wiecz\u00f3r kol\u0119dowa\u0142 w Sanktuarium Matki Bo\u017cej Objawiaj\u0105cej Cudowny Medalik na Olczy zesp\u00f3\u0142 Giewont.<\/p>\n<p>Parafialny Regionalny Zesp\u00f3\u0142 \u201e<strong><em>Giewont<\/em><\/strong>\u201d za\u0142o\u017cony zosta\u0142 w 1981 roku przez \u00f3wczesnego proboszcza olcza\u0144skiej parafii p.w. Matki Bo\u017cej Objawiaj\u0105cej Cudowny Medalik \u2013 ksi\u0119dza Jana Kowalika. By\u0142 pierwszym na Podhalu w czasach komunizmu regionalnym zespo\u0142em \u201eparafialnym\u201d. Swoim \u015bpiewem i muzyk\u0105 ubogaca\u0142 liturgie Mszy \u015aw. oraz wspiera\u0142 budow\u0119 ko\u015bcio\u0142a na Olczy. W swoim repertuarze mia\u0142 opracowane kilka program\u00f3w artystycznych, z kt\u00f3rymi wyst\u0119powa\u0142 na licznych wyjazdach krajowych oraz zagranicznych. Wa\u017cnym wydarzeniem w historii zespo\u0142u by\u0142 wyst\u0119p w Watykanie dla papie\u017ca Jana Paw\u0142a II.<\/p>\n<p>Od 2011 roku zespo\u0142em kieruj\u0105 Tomasz Galica, Maria Kukuc &#8211; Fr\u0105czysta i Katarzyna Stacho\u0144 -Groblowy.<\/p>\n<p>Zesp\u00f3\u0142 ma na swoim koncie wyst\u0119py krajowe i zagraniczne, a tak\u017ce kilka wydanych p\u0142yt o tematyce regionalnej oraz bo\u017conarodzeniowej, jest laureatem licznych konkurs\u00f3w i przegl\u0105d\u00f3w, zdobywc\u0105 srebrnej ciupagi 49. Mi\u0119dzynarodowego Festiwalu Folkloru Ziem G\u00f3rskich w Zakopanem. Obok \u201eGiewontu\u201d, kt\u00f3ry liczy 30 cz\u0142onk\u00f3w, funkcjonuje \u201eMa\u0142y Giewont\u201d, w kt\u00f3rym ta\u0144czy i \u015bpiewa oko\u0142o 70 dzieci. G\u0142\u00f3wnym zadaniem zespo\u0142u\u00a0 jest krzewienie tradycji i kultury Skalnego Podhala.<\/p>\n<p>&nbsp;<\/p>\n<div id='gallery-1' class='gallery galleryid-837 gallery-columns-3 gallery-size-thumbnail'><figure class='gallery-item'>\n\t\t\t<div class='gallery-icon landscape'>\n\t\t\t\t<a href='http:\/\/archiwum.festiwale.zakopane.pl\/festiwal-koled-2020\/galeria\/parafialny-regionalny-zespol-giewont\/7-4\/'><img width=\"160\" height=\"160\" src=\"http:\/\/archiwum.festiwale.zakopane.pl\/festiwal-koled-2020\/wp-content\/uploads\/sites\/20\/2021\/01\/7-1-160x160.jpg\" class=\"attachment-thumbnail size-thumbnail\" alt=\"\" loading=\"lazy\" aria-describedby=\"gallery-1-836\" \/><\/a>\n\t\t\t<\/div>\n\t\t\t\t<figcaption class='wp-caption-text gallery-caption' id='gallery-1-836'>\n\t\t\t\tParafialny Regionalny  Zesp\u00f3\u0142 Giewont\n\t\t\t\t<\/figcaption><\/figure><figure class='gallery-item'>\n\t\t\t<div class='gallery-icon landscape'>\n\t\t\t\t<a href='http:\/\/archiwum.festiwale.zakopane.pl\/festiwal-koled-2020\/galeria\/parafialny-regionalny-zespol-giewont\/6-4\/'><img width=\"160\" height=\"160\" src=\"http:\/\/archiwum.festiwale.zakopane.pl\/festiwal-koled-2020\/wp-content\/uploads\/sites\/20\/2021\/01\/6-1-160x160.jpg\" class=\"attachment-thumbnail size-thumbnail\" alt=\"\" loading=\"lazy\" aria-describedby=\"gallery-1-835\" \/><\/a>\n\t\t\t<\/div>\n\t\t\t\t<figcaption class='wp-caption-text gallery-caption' id='gallery-1-835'>\n\t\t\t\tParafialny Regionalny  Zesp\u00f3\u0142 Giewont\n\t\t\t\t<\/figcaption><\/figure><figure class='gallery-item'>\n\t\t\t<div class='gallery-icon landscape'>\n\t\t\t\t<a href='http:\/\/archiwum.festiwale.zakopane.pl\/festiwal-koled-2020\/galeria\/parafialny-regionalny-zespol-giewont\/5-4\/'><img width=\"160\" height=\"160\" src=\"http:\/\/archiwum.festiwale.zakopane.pl\/festiwal-koled-2020\/wp-content\/uploads\/sites\/20\/2021\/01\/5-1-160x160.jpg\" class=\"attachment-thumbnail size-thumbnail\" alt=\"\" loading=\"lazy\" aria-describedby=\"gallery-1-834\" \/><\/a>\n\t\t\t<\/div>\n\t\t\t\t<figcaption class='wp-caption-text gallery-caption' id='gallery-1-834'>\n\t\t\t\tParafialny Regionalny  Zesp\u00f3\u0142 Giewont\n\t\t\t\t<\/figcaption><\/figure><figure class='gallery-item'>\n\t\t\t<div class='gallery-icon landscape'>\n\t\t\t\t<a href='http:\/\/archiwum.festiwale.zakopane.pl\/festiwal-koled-2020\/galeria\/parafialny-regionalny-zespol-giewont\/4-3\/'><img width=\"160\" height=\"160\" src=\"http:\/\/archiwum.festiwale.zakopane.pl\/festiwal-koled-2020\/wp-content\/uploads\/sites\/20\/2021\/01\/4-1-160x160.jpg\" class=\"attachment-thumbnail size-thumbnail\" alt=\"\" loading=\"lazy\" aria-describedby=\"gallery-1-833\" \/><\/a>\n\t\t\t<\/div>\n\t\t\t\t<figcaption class='wp-caption-text gallery-caption' id='gallery-1-833'>\n\t\t\t\tParafialny Regionalny  Zesp\u00f3\u0142 Giewont\n\t\t\t\t<\/figcaption><\/figure>\n\t\t<\/div>\n\n","protected":false},"excerpt":{"rendered":"<p>Przed Pasterk\u0105 w wigilijny wiecz\u00f3r kol\u0119dowa\u0142 w Sanktuarium Matki Bo\u017cej Objawiaj\u0105cej Cudowny Medalik na Olczy [&hellip;]<\/p>\n","protected":false},"author":7,"featured_media":665,"comment_status":"closed","ping_status":"closed","sticky":false,"template":"","format":"standard","meta":[],"categories":[1],"tags":[],"acf":[],"_links":{"self":[{"href":"http:\/\/archiwum.festiwale.zakopane.pl\/festiwal-koled-2020\/wp-json\/wp\/v2\/posts\/837"}],"collection":[{"href":"http:\/\/archiwum.festiwale.zakopane.pl\/festiwal-koled-2020\/wp-json\/wp\/v2\/posts"}],"about":[{"href":"http:\/\/archiwum.festiwale.zakopane.pl\/festiwal-koled-2020\/wp-json\/wp\/v2\/types\/post"}],"author":[{"embeddable":true,"href":"http:\/\/archiwum.festiwale.zakopane.pl\/festiwal-koled-2020\/wp-json\/wp\/v2\/users\/7"}],"replies":[{"embeddable":true,"href":"http:\/\/archiwum.festiwale.zakopane.pl\/festiwal-koled-2020\/wp-json\/wp\/v2\/comments?post=837"}],"version-history":[{"count":1,"href":"http:\/\/archiwum.festiwale.zakopane.pl\/festiwal-koled-2020\/wp-json\/wp\/v2\/posts\/837\/revisions"}],"predecessor-version":[{"id":838,"href":"http:\/\/archiwum.festiwale.zakopane.pl\/festiwal-koled-2020\/wp-json\/wp\/v2\/posts\/837\/revisions\/838"}],"wp:featuredmedia":[{"embeddable":true,"href":"http:\/\/archiwum.festiwale.zakopane.pl\/festiwal-koled-2020\/wp-json\/wp\/v2\/media\/665"}],"wp:attachment":[{"href":"http:\/\/archiwum.festiwale.zakopane.pl\/festiwal-koled-2020\/wp-json\/wp\/v2\/media?parent=837"}],"wp:term":[{"taxonomy":"category","embeddable":true,"href":"http:\/\/archiwum.festiwale.zakopane.pl\/festiwal-koled-2020\/wp-json\/wp\/v2\/categories?post=837"},{"taxonomy":"post_tag","embeddable":true,"href":"http:\/\/archiwum.festiwale.zakopane.pl\/festiwal-koled-2020\/wp-json\/wp\/v2\/tags?post=837"}],"curies":[{"name":"wp","href":"https:\/\/api.w.org\/{rel}","templated":true}]}}