{"id":825,"date":"2021-01-12T11:35:42","date_gmt":"2021-01-12T10:35:42","guid":{"rendered":"https:\/\/festiwale.zakopane.pl\/festiwal-koled-2020\/?p=825"},"modified":"2021-01-28T14:58:21","modified_gmt":"2021-01-28T13:58:21","slug":"wieczor-koledowy-w-sanktuarium-najswietszej-rodziny","status":"publish","type":"post","link":"http:\/\/archiwum.festiwale.zakopane.pl\/festiwal-koled-2020\/2021\/01\/12\/wieczor-koledowy-w-sanktuarium-najswietszej-rodziny\/","title":{"rendered":"Wiecz\u00f3r kol\u0119dowy w Sanktuarium Naj\u015bwi\u0119tszej Rodziny"},"content":{"rendered":"<h3>Wieczorem w \u015awi\u0119to Trzech Kr\u00f3li w Sanktuarium Naj\u015bwi\u0119tszej Rodziny przy Krup\u00f3wkach wyst\u0105pi\u0142a Hanka Rybka z zespo\u0142em.<\/h3>\n<p>&nbsp;<\/p>\n<p>Wszechstronna wokalistka, urodzi\u0142a si\u0119 i wychowa\u0142a w rodzinie piel\u0119gnuj\u0105cej tradycj\u0119 i obyczaje ludowe, dla kt\u00f3rej muzyka by\u0142a i jest naturalnym dope\u0142nieniem codziennego \u017cycia.\u00a0 Absolwentka Akademii Muzycznej w Katowicach, w klasie \u015bpiewu solowego. Dwukrotnie bra\u0142a udzia\u0142 w warsztatach wokalnych w Letniej Akademii Mozartowskiej w Salzburgu. Wyst\u0105pi\u0142a na wielu festiwalach folkowych w kraju i poza jego granicami. Jest laureatk\u0105\u00a0 wielu konkurs\u00f3w muzyki\u00a0 etno\/folk: w tym V Konkursu\u00a0 Folkowego Polskiego Radia \u201dNowa Tradycja\u201d pod przewodnictwem Czes\u0142awa Niemena \u2013 trzecia nagroda przez TV Polonia. W czerwcu 2002 roku Hanka Rybka reprezentowa\u0142a Polsk\u0119 na 25. Festiwalu Folkowym Europejskiej Unii Radiowej w Puli w Chorwacji. Nagra\u0142a p\u0142yt\u0119 zatytu\u0142owan\u0105 &#8221; I to, i to&#8221;. Album ten zosta\u0142 doceniony przez s\u0142uchaczy oraz \u015brodowisko muzyczne, czego dowodem by\u0142a nominacja do nagrody polskiego przemys\u0142u fonograficznego &#8222;Fryderyk 2004&#8221; w kategorii etno\/folk. Koncertowa\u0142a z kameraln\u0105 orkiestr\u0105 \u201cTatrza\u0144ska Orkiestra Klimatyczna\u201d pod dyrekcj\u0105 Agnieszki Kreiner.<\/p>\n<p>W maju 2006 roku Hanka Rybka wzi\u0119\u0142a udzia\u0142 w du\u017cym projekcie realizowanym dla Polonii Ameryka\u0144skiej w Chicago z udzia\u0142em The Paderewski\u00a0 Symphony\u00a0 Orchestra.<\/p>\n<p>W 2007 roku zosta\u0142a zaproszona do projektu przygotowanego przez legendarnego ameryka\u0144skiego jazzmena Bennie Maupin&#8217;a. Efektem ich wsp\u00f3lnej pracy jest p\u0142yta &#8222;Early Reflections&#8221; wydana w kwietniu 2008 roku na rynku ameryka\u0144skim. P\u0142yta zawiera m.in. wariacje jazzowe inspirowane muzyk\u0105 Szymanowskiego i Podhalan. P\u0142yta i wokalizy Hanki zebra\u0142y \u015bwietne recenzje.<\/p>\n<p>Koncerty promuj\u0105ce p\u0142yt\u0119 odby\u0142y na w znanych, presti\u017cowych scenach \u015bwiata, takich jak: Catalina Jazz Club- Hollywood, Jazz Standard Nowy York, Blue Note Mediolan, Jazz Club Ferrara we W\u0142oszech,\u00a0 niecji (Pary\u017c), Szwajcarii (Genewa) oraz Polsce (Zakopane, Kalisz, Krak\u00f3w).<\/p>\n<p>W 2012 zosta\u0142a zaproszona przez Petera Weissa do nowego niemiecko-polsko-portugalskiego projektu muzycznego: Jazzpool CRW &#8211; CANTUS. Trasa koncertowa odby\u0142a si\u0119 po Niemczech i Portugalii. Rok 2013 przyni\u00f3s\u0142 kolejne koncerty z udzia\u0142em tych muzyk\u00f3w.<\/p>\n<p>W 2017 roku przyznano przez Ministerstwo Kultury i Dziedzictwa Narodowego Okoliczno\u015bciowej Nagrody za wieloletni\u0105 dzia\u0142alno\u015b\u0107 na niwie kultury i promowania Podhala W 2019 Hanka Rybka wraz z zespo\u0142em otrzyma\u0142a z Ministerstwa Kultury i Dziedzictwa Narodowego Rzeczpospolitej Polskiej Br\u0105zowy Medal \u201cZas\u0142u\u017cony Kulturze GLORIA\u00a0 ARTIS\u201d.<\/p>\n<p>W 2019 Hanka Rybka jako Anna Chowaniec-Stasi\u0144ska zosta\u0142a odznaczona Z\u0142otym Krzy\u017cem Zas\u0142ugi.<\/p>\n<p>Sk\u0142ad Zespo\u0142u:<\/p>\n<p>Andrzej Jarz\u0105bek<br \/>\nPawe\u0142 Trebunia &#8211; Tutka<br \/>\nRobert Czech<br \/>\nLeszek Szczerba<\/p>\n<p>oraz dzieci w sk\u0142adzie:<\/p>\n<p>Chowaniec J\u00f3zek<br \/>\nChowaniec &#8211; Rybka Andrzej<br \/>\nChowaniec &#8211; Rybka Stasiu<br \/>\nCzech Jasiek<br \/>\nCzech Micha\u0142<br \/>\nDorula &#8211; Pyrnicka Wiktoria<br \/>\nDorula &#8211; Pyrnicka Antek<br \/>\nDorula &#8211; Pyrnicka Karolina<br \/>\nDorula &#8211; Pyrnicka Hania<br \/>\nFranosz Maciej<br \/>\nGoca\u0142 Kuba<br \/>\nGoca\u0142 Jasiek<br \/>\nGoca\u0142 Hania<br \/>\nHa\u0142adyna Bartek<br \/>\nHa\u0142adyna Andrzej<br \/>\nHa\u0142adyna Marysia<br \/>\nJarz\u0105bek Hania<br \/>\nPolak Zosia<br \/>\nPolak Stasiu<br \/>\nR\u00f3\u017cak Bartosz<br \/>\nR\u00f3\u017cak Kuba<br \/>\nR\u00f3\u017cak Tymoteusz<br \/>\nStasi\u0144ska Hania<\/p>\n<p>&nbsp;<\/p>\n<p>fot. APM<\/p>\n<div id='gallery-1' class='gallery galleryid-825 gallery-columns-3 gallery-size-thumbnail'><figure class='gallery-item'>\n\t\t\t<div class='gallery-icon landscape'>\n\t\t\t\t<a href='http:\/\/archiwum.festiwale.zakopane.pl\/festiwal-koled-2020\/?attachment_id=790'><img width=\"160\" height=\"160\" src=\"http:\/\/archiwum.festiwale.zakopane.pl\/festiwal-koled-2020\/wp-content\/uploads\/sites\/20\/2021\/01\/Hanka-Rybka-11-160x160.jpg\" class=\"attachment-thumbnail size-thumbnail\" alt=\"\" loading=\"lazy\" aria-describedby=\"gallery-1-790\" \/><\/a>\n\t\t\t<\/div>\n\t\t\t\t<figcaption class='wp-caption-text gallery-caption' id='gallery-1-790'>\n\t\t\t\tHanka Rybka 6 stycznia\n\t\t\t\t<\/figcaption><\/figure><figure class='gallery-item'>\n\t\t\t<div class='gallery-icon landscape'>\n\t\t\t\t<a href='http:\/\/archiwum.festiwale.zakopane.pl\/festiwal-koled-2020\/?attachment_id=791'><img width=\"160\" height=\"160\" src=\"http:\/\/archiwum.festiwale.zakopane.pl\/festiwal-koled-2020\/wp-content\/uploads\/sites\/20\/2021\/01\/Hanka-Rybka-22-160x160.jpg\" class=\"attachment-thumbnail size-thumbnail\" alt=\"\" loading=\"lazy\" aria-describedby=\"gallery-1-791\" \/><\/a>\n\t\t\t<\/div>\n\t\t\t\t<figcaption class='wp-caption-text gallery-caption' id='gallery-1-791'>\n\t\t\t\tHanka Rybka 6 stycznia\n\t\t\t\t<\/figcaption><\/figure><figure class='gallery-item'>\n\t\t\t<div class='gallery-icon landscape'>\n\t\t\t\t<a href='http:\/\/archiwum.festiwale.zakopane.pl\/festiwal-koled-2020\/?attachment_id=792'><img width=\"160\" height=\"160\" src=\"http:\/\/archiwum.festiwale.zakopane.pl\/festiwal-koled-2020\/wp-content\/uploads\/sites\/20\/2021\/01\/Hanka-Rybka-33-160x160.jpg\" class=\"attachment-thumbnail size-thumbnail\" alt=\"\" loading=\"lazy\" aria-describedby=\"gallery-1-792\" \/><\/a>\n\t\t\t<\/div>\n\t\t\t\t<figcaption class='wp-caption-text gallery-caption' id='gallery-1-792'>\n\t\t\t\tHanka Rybka 6 stycznia\n\t\t\t\t<\/figcaption><\/figure><figure class='gallery-item'>\n\t\t\t<div class='gallery-icon landscape'>\n\t\t\t\t<a href='http:\/\/archiwum.festiwale.zakopane.pl\/festiwal-koled-2020\/?attachment_id=793'><img width=\"160\" height=\"160\" src=\"http:\/\/archiwum.festiwale.zakopane.pl\/festiwal-koled-2020\/wp-content\/uploads\/sites\/20\/2021\/01\/Hanka-Rybka-44-160x160.jpg\" class=\"attachment-thumbnail size-thumbnail\" alt=\"\" loading=\"lazy\" aria-describedby=\"gallery-1-793\" \/><\/a>\n\t\t\t<\/div>\n\t\t\t\t<figcaption class='wp-caption-text gallery-caption' id='gallery-1-793'>\n\t\t\t\tHanka Rybka \n\t\t\t\t<\/figcaption><\/figure><figure class='gallery-item'>\n\t\t\t<div class='gallery-icon landscape'>\n\t\t\t\t<a href='http:\/\/archiwum.festiwale.zakopane.pl\/festiwal-koled-2020\/?attachment_id=794'><img width=\"160\" height=\"160\" src=\"http:\/\/archiwum.festiwale.zakopane.pl\/festiwal-koled-2020\/wp-content\/uploads\/sites\/20\/2021\/01\/Hanka-Rybka-66-160x160.jpg\" class=\"attachment-thumbnail size-thumbnail\" alt=\"\" loading=\"lazy\" aria-describedby=\"gallery-1-794\" \/><\/a>\n\t\t\t<\/div>\n\t\t\t\t<figcaption class='wp-caption-text gallery-caption' id='gallery-1-794'>\n\t\t\t\tHanka Rybka 6 stycznia\n\t\t\t\t<\/figcaption><\/figure><figure class='gallery-item'>\n\t\t\t<div class='gallery-icon landscape'>\n\t\t\t\t<a href='http:\/\/archiwum.festiwale.zakopane.pl\/festiwal-koled-2020\/?attachment_id=795'><img width=\"160\" height=\"160\" src=\"http:\/\/archiwum.festiwale.zakopane.pl\/festiwal-koled-2020\/wp-content\/uploads\/sites\/20\/2021\/01\/Hanka-Rybka-77-160x160.jpg\" class=\"attachment-thumbnail size-thumbnail\" alt=\"\" loading=\"lazy\" aria-describedby=\"gallery-1-795\" \/><\/a>\n\t\t\t<\/div>\n\t\t\t\t<figcaption class='wp-caption-text gallery-caption' id='gallery-1-795'>\n\t\t\t\tHanka Rybka 6 stycznia\n\t\t\t\t<\/figcaption><\/figure><figure class='gallery-item'>\n\t\t\t<div class='gallery-icon landscape'>\n\t\t\t\t<a href='http:\/\/archiwum.festiwale.zakopane.pl\/festiwal-koled-2020\/?attachment_id=796'><img width=\"160\" height=\"160\" src=\"http:\/\/archiwum.festiwale.zakopane.pl\/festiwal-koled-2020\/wp-content\/uploads\/sites\/20\/2021\/01\/Hanka-Rybka-88-160x160.jpg\" class=\"attachment-thumbnail size-thumbnail\" alt=\"\" loading=\"lazy\" aria-describedby=\"gallery-1-796\" \/><\/a>\n\t\t\t<\/div>\n\t\t\t\t<figcaption class='wp-caption-text gallery-caption' id='gallery-1-796'>\n\t\t\t\tHanka Rybka 6 stycznia\n\t\t\t\t<\/figcaption><\/figure><figure class='gallery-item'>\n\t\t\t<div class='gallery-icon landscape'>\n\t\t\t\t<a href='http:\/\/archiwum.festiwale.zakopane.pl\/festiwal-koled-2020\/?attachment_id=797'><img width=\"160\" height=\"160\" src=\"http:\/\/archiwum.festiwale.zakopane.pl\/festiwal-koled-2020\/wp-content\/uploads\/sites\/20\/2021\/01\/Hanka-Rybka-99-160x160.jpg\" class=\"attachment-thumbnail size-thumbnail\" alt=\"\" loading=\"lazy\" aria-describedby=\"gallery-1-797\" \/><\/a>\n\t\t\t<\/div>\n\t\t\t\t<figcaption class='wp-caption-text gallery-caption' id='gallery-1-797'>\n\t\t\t\tHanka Rybka 6 stycznia\n\t\t\t\t<\/figcaption><\/figure><figure class='gallery-item'>\n\t\t\t<div class='gallery-icon landscape'>\n\t\t\t\t<a href='http:\/\/archiwum.festiwale.zakopane.pl\/festiwal-koled-2020\/?attachment_id=798'><img width=\"160\" height=\"160\" src=\"http:\/\/archiwum.festiwale.zakopane.pl\/festiwal-koled-2020\/wp-content\/uploads\/sites\/20\/2021\/01\/Hanka-Rybka-100-160x160.jpg\" class=\"attachment-thumbnail size-thumbnail\" alt=\"\" loading=\"lazy\" aria-describedby=\"gallery-1-798\" \/><\/a>\n\t\t\t<\/div>\n\t\t\t\t<figcaption class='wp-caption-text gallery-caption' id='gallery-1-798'>\n\t\t\t\tHanka Rybka 6 stycznia\n\t\t\t\t<\/figcaption><\/figure>\n\t\t<\/div>\n\n<p>&nbsp;<\/p>\n<p>&nbsp;<\/p>\n","protected":false},"excerpt":{"rendered":"<p>Wieczorem w \u015awi\u0119to Trzech Kr\u00f3li w Sanktuarium Naj\u015bwi\u0119tszej Rodziny przy Krup\u00f3wkach wyst\u0105pi\u0142a Hanka Rybka z [&hellip;]<\/p>\n","protected":false},"author":7,"featured_media":742,"comment_status":"closed","ping_status":"closed","sticky":false,"template":"","format":"standard","meta":[],"categories":[1],"tags":[],"acf":[],"_links":{"self":[{"href":"http:\/\/archiwum.festiwale.zakopane.pl\/festiwal-koled-2020\/wp-json\/wp\/v2\/posts\/825"}],"collection":[{"href":"http:\/\/archiwum.festiwale.zakopane.pl\/festiwal-koled-2020\/wp-json\/wp\/v2\/posts"}],"about":[{"href":"http:\/\/archiwum.festiwale.zakopane.pl\/festiwal-koled-2020\/wp-json\/wp\/v2\/types\/post"}],"author":[{"embeddable":true,"href":"http:\/\/archiwum.festiwale.zakopane.pl\/festiwal-koled-2020\/wp-json\/wp\/v2\/users\/7"}],"replies":[{"embeddable":true,"href":"http:\/\/archiwum.festiwale.zakopane.pl\/festiwal-koled-2020\/wp-json\/wp\/v2\/comments?post=825"}],"version-history":[{"count":3,"href":"http:\/\/archiwum.festiwale.zakopane.pl\/festiwal-koled-2020\/wp-json\/wp\/v2\/posts\/825\/revisions"}],"predecessor-version":[{"id":935,"href":"http:\/\/archiwum.festiwale.zakopane.pl\/festiwal-koled-2020\/wp-json\/wp\/v2\/posts\/825\/revisions\/935"}],"wp:featuredmedia":[{"embeddable":true,"href":"http:\/\/archiwum.festiwale.zakopane.pl\/festiwal-koled-2020\/wp-json\/wp\/v2\/media\/742"}],"wp:attachment":[{"href":"http:\/\/archiwum.festiwale.zakopane.pl\/festiwal-koled-2020\/wp-json\/wp\/v2\/media?parent=825"}],"wp:term":[{"taxonomy":"category","embeddable":true,"href":"http:\/\/archiwum.festiwale.zakopane.pl\/festiwal-koled-2020\/wp-json\/wp\/v2\/categories?post=825"},{"taxonomy":"post_tag","embeddable":true,"href":"http:\/\/archiwum.festiwale.zakopane.pl\/festiwal-koled-2020\/wp-json\/wp\/v2\/tags?post=825"}],"curies":[{"name":"wp","href":"https:\/\/api.w.org\/{rel}","templated":true}]}}