{"id":823,"date":"2021-01-12T10:39:52","date_gmt":"2021-01-12T09:39:52","guid":{"rendered":"https:\/\/festiwale.zakopane.pl\/festiwal-koled-2020\/?p=823"},"modified":"2021-01-12T10:39:52","modified_gmt":"2021-01-12T09:39:52","slug":"wspolne-koledowanie-z-9siylem-i-rodzina-lassakow-heliosow","status":"publish","type":"post","link":"http:\/\/archiwum.festiwale.zakopane.pl\/festiwal-koled-2020\/2021\/01\/12\/wspolne-koledowanie-z-9siylem-i-rodzina-lassakow-heliosow\/","title":{"rendered":"Wsp\u00f3lne kol\u0119dowanie z 9SIY\u0141EM i Rodzin\u0105 Lassak\u00f3w &#8222;Helios\u00f3w&#8221;"},"content":{"rendered":"<p>Pierwsze dni Nowego Roku by\u0142y okazj\u0105 do spotkania z kol\u0119duj\u0105cymi zespo\u0142ami &#8222;9 Siy\u0142&#8221; 2 stycznia i Rodzin\u0105 Lassak\u00f3w &#8222;Helios\u00f3w&#8221; 3 stycznia. Koncerty odby\u0142y si\u0119 w Ko\u015bciele Ojc\u00f3w Jezuit\u00f3w p.w. Matki Bo\u017cej Nieustaj\u0105cej Pomocy na G\u00f3rce oraz w Ko\u015bciele Mi\u0142osierdzia Bo\u017cego na Chramc\u00f3wkach.<\/p>\n<p><strong>Zesp\u00f3\u0142 9SIY\u0141<\/strong> powsta\u0142 w roku 2016 z inicjatywy Pani El\u017cbiety Porebskiej-M\u0119do\u0144.\u00a0 Od samego pocz\u0105tku swojej dzia\u0142alno\u015bci zesp\u00f3\u0142 zajmuje si\u0119 prezentacj\u0105 tradycyjnego folkloru podhala\u0144skiego w oryginalnej formie, czerpi\u0105c ze starych \u017ar\u00f3de\u0142.\u00a0 Cz\u0142onkowie zespo\u0142u k\u0142ad\u0105\u00a0 nacisk na zachowanie tradycyjnych cech \u015bpiewu, muzyki, obrz\u0119d\u00f3w.\u00a0 Zesp\u00f3\u0142 tworzy m\u0142odzie\u017c w wieku od 16 do 21 lat pochodz\u0105ca z podhala\u0144skich miejscowo\u015bci- Bia\u0142ego Dunajca, Ko\u015bcieliska, Zakopanego i Cichego.\u00a0 Zar\u00f3wno kapela jak i grupa \u015bpiewacza s\u0105 laureatami licznych konkurs\u00f3w. Zesp\u00f3\u0142 wyst\u0119powa\u0142 na licznych scenach zar\u00f3wno w kraju jak i za granic\u0105- w Chinach, w Indiach, we Francji, na S\u0142owacji i Czechach.\u00a0 Owocem pracy 9SIY\u0141 s\u0105 dwa dwup\u0142ytowe albumy pt. \u201ePrzy Betlejemskik Horak\u201d i \u201eNowyj wiesny przyse\u0142 cas\u201d,\u00a0 nad kt\u00f3rymi opiek\u0119 artystyczn\u0105 obj\u0105\u0142 Stanis\u0142aw Micha\u0142czak.<\/p>\n<p>Sk\u0142ad zespo\u0142u<\/p>\n<p>Anna G\u0105sienica-Byrcyn &#8211; \u015bpiew<\/p>\n<p>Aleksandra Dziedzina &#8211; \u015bpiew<\/p>\n<p>Weronika Waliczek &#8211; \u015bpiew<\/p>\n<p>\u0141ukasz Kostecki &#8211; \u015bpiew, skrzypce<\/p>\n<p>Pawe\u0142 Majerczyk &#8211; skrzypce, dudy podhala\u0144skie, instrumenty pasterskie<\/p>\n<p>Andrzej Gut-Mostowy &#8211; skrzypce, instrumenty pasterskie<\/p>\n<p>Jan Micha\u0142czak &#8211; skrzypce, z\u0142\u00f3bcoki<\/p>\n<p>Pawe\u0142 Dziedzina &#8211; skrzypce<\/p>\n<p>Jan Jakubiec Kubosek &#8211; basy podhala\u0144skie<\/p>\n<p>&nbsp;<\/p>\n<p>&nbsp;<\/p>\n<p>Rodziny Lassak\u00f3w i Maciat\u00f3w kontynuuj\u0105 wielopokoleniowe tradycje muzykowania.<\/p>\n<p>Franciszek Lassak, wybitny prymista i\u00a0krawiec \u201eportek\u201d g\u00f3ralskich, przekaza\u0142 swoje umiej\u0119tno\u015bci synom i wnukom. <strong>Janusz<\/strong> jest prymist\u0105, nauczycielem muzyki g\u00f3ralskiej, absolwentem TB. Na Festiwalu <em>Na G<\/em><em>\u00f3<\/em><em>ralsk\u0105 <\/em><em>Nut<\/em><em>\u0119<\/em> w Chicago trzykrotnie zdoby\u0142 I miejsce i\u00a0zosta\u0142 uhonorowany Nagrod\u0105 Specjaln\u0105 <em>Z\u0142\u00f3bcokami<\/em>. Na 47. MFFZG w\u00a0Zakopanem otrzyma\u0142 <em>Nagrod\u0119 Saba\u0142owych G\u0119\u015b<\/em><em>li.<\/em> <strong>Tomasz<\/strong> jest muzykantem, \u015bpiewakiem, technikiem budowlanym. Wygrywa\u0142 konkursy \u015bpiewu pytackiego, konkursy doro\u017ckarskie przy <em>Jesieni Tatrza\u0144skiej<\/em>. By\u0142 solist\u0105 opery g\u00f3ralskiej <em>\u201e<\/em>Ojciec \u015awi\u0119ty Jan Pawe\u0142 II na Podhalu<em>\u201d<\/em>.<\/p>\n<p>W rodzinie Maciat\u00f3w J\u00f3zef Maciata, muzykant, gra\u0142 w zespo\u0142ach regionalnych, uczy\u0142 dzieci gry na skrzypcach. <strong>Janina<\/strong> jest etnografem i absolwentk\u0105 Akademii Ekonomicznej. <strong>Halina<\/strong> uko\u0144czy\u0142a Politechnik\u0119 Krakowsk\u0105, jest etnomuzykologiem, pedagogiem, jurorem konkurs\u00f3w ludowych, m.in. MFFZG w Zakopanem.\u00a0<strong>Stanis\u0142aw<\/strong> Maciata jest in\u017cynierem, by\u0142 d\u0142ugoletnim pracownikiem Starostwa Nowotarskiego. Rodze\u0144stwo by\u0142o cz\u0142onkami i instruktorami zespo\u0142\u00f3w regionalnych (m.in.: Ma\u0142e Podhale, Zesp\u00f3\u0142 im. A.\u00a0Skupnia Florka z Bia\u0142ego Dunajca, Hyrni z\u00a0Chicago, Skalni z Krakowa).<\/p>\n<p>M\u0142ode pokolenie nale\u017cy do Zespo\u0142u im. Klimka Bachledy. Siostry <strong>Katarzyna<\/strong> i <strong>Anna<\/strong> s\u0105 absolwentkami POSA w Zakopanem. <strong>Katarzyna<\/strong> uko\u0144czy\u0142a studia na UMFC w klasie skrzypiec oraz filologi\u0119 angielsk\u0105 na UW. Wyst\u0119puje z zespo\u0142em Warsaw String Players i\u00a0Tatrza\u0144sk\u0105 Orkiestr\u0105 Klimatyczn\u0105. Zdoby\u0142a I miejsce w 17. Konkursie \u201ePami\u0119tajmy o Osieckiej\u201d. Jest laureatk\u0105 MFFZG, Saba\u0142owych Baja\u0144, Berdowego Muzykowania. <strong>Anna<\/strong> studiuje \u015bpiew solowy w\u00a0klasie prof. dr hab. Jadwigi Rapp\u00e9 na UMFC oraz prawo na UKSW. Siostry <strong>Michalina<\/strong> i <strong>Helena <\/strong>nale\u017c\u0105 do g\u00f3ralskiego zespo\u0142u studenckiego \u201eSkalni\u201d. <strong>Michalina <\/strong>uko\u0144czy\u0142a studia na Wydziale Chemii UJ. <strong>Helena <\/strong>studiuje filologi\u0119 angielsk\u0105 na UJ.<\/p>\n<p>Obie rodziny\u00a0s\u0105 laureatami Konkursu Kapel Ludowych w Kazimierzu Dolnym. Wsp\u00f3lnie wygrali Konkurs Kapel w Chicago. Rodzina zdoby\u0142a I Nagrod\u0119 na <em>Przedn<\/em><em>\u00f3<\/em><em>wku w Polanach<\/em>, I\u00a0miejsce na <em>XI Dziado\u0144cynym Graniu<\/em>. Bior\u0105 czynny udzia\u0142 w\u00a0uroczysto\u015bciach ko\u015bcielnych, dzia\u0142alno\u015bci Zwi\u0105zku Podhalan oraz w licznych wydarzeniach kulturalnych na Podhalu, a tak\u017ce w\u00a0kraju i za granic\u0105.<\/p>\n<div id='gallery-1' class='gallery galleryid-823 gallery-columns-3 gallery-size-thumbnail'><figure class='gallery-item'>\n\t\t\t<div class='gallery-icon landscape'>\n\t\t\t\t<a href='http:\/\/archiwum.festiwale.zakopane.pl\/festiwal-koled-2020\/9siyl-1\/'><img width=\"160\" height=\"160\" src=\"http:\/\/archiwum.festiwale.zakopane.pl\/festiwal-koled-2020\/wp-content\/uploads\/sites\/20\/2021\/01\/9SIYL-1-160x160.jpg\" class=\"attachment-thumbnail size-thumbnail\" alt=\"\" loading=\"lazy\" aria-describedby=\"gallery-1-706\" \/><\/a>\n\t\t\t<\/div>\n\t\t\t\t<figcaption class='wp-caption-text gallery-caption' id='gallery-1-706'>\n\t\t\t\t9SIY\u0141\n\t\t\t\t<\/figcaption><\/figure><figure class='gallery-item'>\n\t\t\t<div class='gallery-icon landscape'>\n\t\t\t\t<a href='http:\/\/archiwum.festiwale.zakopane.pl\/festiwal-koled-2020\/9siyl-2\/'><img width=\"160\" height=\"160\" src=\"http:\/\/archiwum.festiwale.zakopane.pl\/festiwal-koled-2020\/wp-content\/uploads\/sites\/20\/2021\/01\/9SIYL-2-160x160.jpg\" class=\"attachment-thumbnail size-thumbnail\" alt=\"\" loading=\"lazy\" aria-describedby=\"gallery-1-707\" \/><\/a>\n\t\t\t<\/div>\n\t\t\t\t<figcaption class='wp-caption-text gallery-caption' id='gallery-1-707'>\n\t\t\t\t9SIY\u0141\n\t\t\t\t<\/figcaption><\/figure><figure class='gallery-item'>\n\t\t\t<div class='gallery-icon landscape'>\n\t\t\t\t<a href='http:\/\/archiwum.festiwale.zakopane.pl\/festiwal-koled-2020\/9siyl-3\/'><img width=\"160\" height=\"160\" src=\"http:\/\/archiwum.festiwale.zakopane.pl\/festiwal-koled-2020\/wp-content\/uploads\/sites\/20\/2021\/01\/9SIYL-3-160x160.jpg\" class=\"attachment-thumbnail size-thumbnail\" alt=\"\" loading=\"lazy\" aria-describedby=\"gallery-1-708\" \/><\/a>\n\t\t\t<\/div>\n\t\t\t\t<figcaption class='wp-caption-text gallery-caption' id='gallery-1-708'>\n\t\t\t\t9SIY\u0141\n\t\t\t\t<\/figcaption><\/figure><figure class='gallery-item'>\n\t\t\t<div class='gallery-icon landscape'>\n\t\t\t\t<a href='http:\/\/archiwum.festiwale.zakopane.pl\/festiwal-koled-2020\/9siyl-4\/'><img width=\"160\" height=\"160\" src=\"http:\/\/archiwum.festiwale.zakopane.pl\/festiwal-koled-2020\/wp-content\/uploads\/sites\/20\/2021\/01\/9SIYL-4-160x160.jpg\" class=\"attachment-thumbnail size-thumbnail\" alt=\"\" loading=\"lazy\" aria-describedby=\"gallery-1-709\" \/><\/a>\n\t\t\t<\/div>\n\t\t\t\t<figcaption class='wp-caption-text gallery-caption' id='gallery-1-709'>\n\t\t\t\t9SIY\u0141\n\t\t\t\t<\/figcaption><\/figure><figure class='gallery-item'>\n\t\t\t<div class='gallery-icon landscape'>\n\t\t\t\t<a href='http:\/\/archiwum.festiwale.zakopane.pl\/festiwal-koled-2020\/9siyl-5\/'><img width=\"160\" height=\"160\" src=\"http:\/\/archiwum.festiwale.zakopane.pl\/festiwal-koled-2020\/wp-content\/uploads\/sites\/20\/2021\/01\/9SIYL-5-160x160.jpg\" class=\"attachment-thumbnail size-thumbnail\" alt=\"\" loading=\"lazy\" aria-describedby=\"gallery-1-710\" \/><\/a>\n\t\t\t<\/div>\n\t\t\t\t<figcaption class='wp-caption-text gallery-caption' id='gallery-1-710'>\n\t\t\t\t9SIY\u0141\n\t\t\t\t<\/figcaption><\/figure><figure class='gallery-item'>\n\t\t\t<div class='gallery-icon landscape'>\n\t\t\t\t<a href='http:\/\/archiwum.festiwale.zakopane.pl\/festiwal-koled-2020\/9siyl-6\/'><img width=\"160\" height=\"160\" src=\"http:\/\/archiwum.festiwale.zakopane.pl\/festiwal-koled-2020\/wp-content\/uploads\/sites\/20\/2021\/01\/9SIYL-6-160x160.jpg\" class=\"attachment-thumbnail size-thumbnail\" alt=\"\" loading=\"lazy\" aria-describedby=\"gallery-1-711\" \/><\/a>\n\t\t\t<\/div>\n\t\t\t\t<figcaption class='wp-caption-text gallery-caption' id='gallery-1-711'>\n\t\t\t\t9SIY\u0141\n\t\t\t\t<\/figcaption><\/figure><figure class='gallery-item'>\n\t\t\t<div class='gallery-icon landscape'>\n\t\t\t\t<a href='http:\/\/archiwum.festiwale.zakopane.pl\/festiwal-koled-2020\/9siyl-7\/'><img width=\"160\" height=\"160\" src=\"http:\/\/archiwum.festiwale.zakopane.pl\/festiwal-koled-2020\/wp-content\/uploads\/sites\/20\/2021\/01\/9SIYL-7-160x160.jpg\" class=\"attachment-thumbnail size-thumbnail\" alt=\"\" loading=\"lazy\" aria-describedby=\"gallery-1-712\" \/><\/a>\n\t\t\t<\/div>\n\t\t\t\t<figcaption class='wp-caption-text gallery-caption' id='gallery-1-712'>\n\t\t\t\t9SIY\u0141\n\t\t\t\t<\/figcaption><\/figure><figure class='gallery-item'>\n\t\t\t<div class='gallery-icon landscape'>\n\t\t\t\t<a href='http:\/\/archiwum.festiwale.zakopane.pl\/festiwal-koled-2020\/9siyl-8\/'><img width=\"160\" height=\"160\" src=\"http:\/\/archiwum.festiwale.zakopane.pl\/festiwal-koled-2020\/wp-content\/uploads\/sites\/20\/2021\/01\/9SIYL-8-160x160.jpg\" class=\"attachment-thumbnail size-thumbnail\" alt=\"\" loading=\"lazy\" aria-describedby=\"gallery-1-713\" \/><\/a>\n\t\t\t<\/div>\n\t\t\t\t<figcaption class='wp-caption-text gallery-caption' id='gallery-1-713'>\n\t\t\t\t9SIY\u0141\n\t\t\t\t<\/figcaption><\/figure><figure class='gallery-item'>\n\t\t\t<div class='gallery-icon landscape'>\n\t\t\t\t<a href='http:\/\/archiwum.festiwale.zakopane.pl\/festiwal-koled-2020\/9siyl-9\/'><img width=\"160\" height=\"160\" src=\"http:\/\/archiwum.festiwale.zakopane.pl\/festiwal-koled-2020\/wp-content\/uploads\/sites\/20\/2021\/01\/9SIYL-9-160x160.jpg\" class=\"attachment-thumbnail size-thumbnail\" alt=\"\" loading=\"lazy\" aria-describedby=\"gallery-1-714\" \/><\/a>\n\t\t\t<\/div>\n\t\t\t\t<figcaption class='wp-caption-text gallery-caption' id='gallery-1-714'>\n\t\t\t\t9SIY\u0141\n\t\t\t\t<\/figcaption><\/figure><figure class='gallery-item'>\n\t\t\t<div class='gallery-icon landscape'>\n\t\t\t\t<a href='http:\/\/archiwum.festiwale.zakopane.pl\/festiwal-koled-2020\/9siyl-10\/'><img width=\"160\" height=\"160\" src=\"http:\/\/archiwum.festiwale.zakopane.pl\/festiwal-koled-2020\/wp-content\/uploads\/sites\/20\/2021\/01\/9SIYL-10-160x160.jpg\" class=\"attachment-thumbnail size-thumbnail\" alt=\"\" loading=\"lazy\" aria-describedby=\"gallery-1-715\" \/><\/a>\n\t\t\t<\/div>\n\t\t\t\t<figcaption class='wp-caption-text gallery-caption' id='gallery-1-715'>\n\t\t\t\t9SIY\u0141\n\t\t\t\t<\/figcaption><\/figure><figure class='gallery-item'>\n\t\t\t<div class='gallery-icon landscape'>\n\t\t\t\t<a href='http:\/\/archiwum.festiwale.zakopane.pl\/festiwal-koled-2020\/9siyl-11\/'><img width=\"160\" height=\"160\" src=\"http:\/\/archiwum.festiwale.zakopane.pl\/festiwal-koled-2020\/wp-content\/uploads\/sites\/20\/2021\/01\/9SIYL-11-160x160.jpg\" class=\"attachment-thumbnail size-thumbnail\" alt=\"\" loading=\"lazy\" aria-describedby=\"gallery-1-716\" \/><\/a>\n\t\t\t<\/div>\n\t\t\t\t<figcaption class='wp-caption-text gallery-caption' id='gallery-1-716'>\n\t\t\t\t9SIY\u0141\n\t\t\t\t<\/figcaption><\/figure><figure class='gallery-item'>\n\t\t\t<div class='gallery-icon landscape'>\n\t\t\t\t<a href='http:\/\/archiwum.festiwale.zakopane.pl\/festiwal-koled-2020\/9siyl-12\/'><img width=\"160\" height=\"160\" src=\"http:\/\/archiwum.festiwale.zakopane.pl\/festiwal-koled-2020\/wp-content\/uploads\/sites\/20\/2021\/01\/9SIYL-12-160x160.jpg\" class=\"attachment-thumbnail size-thumbnail\" alt=\"\" loading=\"lazy\" aria-describedby=\"gallery-1-717\" \/><\/a>\n\t\t\t<\/div>\n\t\t\t\t<figcaption class='wp-caption-text gallery-caption' id='gallery-1-717'>\n\t\t\t\t9SIY\u0141\n\t\t\t\t<\/figcaption><\/figure><figure class='gallery-item'>\n\t\t\t<div class='gallery-icon landscape'>\n\t\t\t\t<a href='http:\/\/archiwum.festiwale.zakopane.pl\/festiwal-koled-2020\/9siyl-13\/'><img width=\"160\" height=\"160\" src=\"http:\/\/archiwum.festiwale.zakopane.pl\/festiwal-koled-2020\/wp-content\/uploads\/sites\/20\/2021\/01\/9SIYL-13-160x160.jpg\" class=\"attachment-thumbnail size-thumbnail\" alt=\"\" loading=\"lazy\" aria-describedby=\"gallery-1-718\" \/><\/a>\n\t\t\t<\/div>\n\t\t\t\t<figcaption class='wp-caption-text gallery-caption' id='gallery-1-718'>\n\t\t\t\t9SIY\u0141\n\t\t\t\t<\/figcaption><\/figure><figure class='gallery-item'>\n\t\t\t<div class='gallery-icon landscape'>\n\t\t\t\t<a href='http:\/\/archiwum.festiwale.zakopane.pl\/festiwal-koled-2020\/galeria\/9siyl\/9siyl1\/'><img width=\"160\" height=\"160\" src=\"http:\/\/archiwum.festiwale.zakopane.pl\/festiwal-koled-2020\/wp-content\/uploads\/sites\/20\/2021\/01\/9siyl1-160x160.jpg\" class=\"attachment-thumbnail size-thumbnail\" alt=\"\" loading=\"lazy\" aria-describedby=\"gallery-1-720\" \/><\/a>\n\t\t\t<\/div>\n\t\t\t\t<figcaption class='wp-caption-text gallery-caption' id='gallery-1-720'>\n\t\t\t\t9SIY\u0141\n\t\t\t\t<\/figcaption><\/figure><figure class='gallery-item'>\n\t\t\t<div class='gallery-icon landscape'>\n\t\t\t\t<a href='http:\/\/archiwum.festiwale.zakopane.pl\/festiwal-koled-2020\/galeria\/rodzina-lassakow-heliosow\/lassaki-1\/'><img width=\"160\" height=\"160\" src=\"http:\/\/archiwum.festiwale.zakopane.pl\/festiwal-koled-2020\/wp-content\/uploads\/sites\/20\/2021\/01\/Lassaki-1-160x160.jpg\" class=\"attachment-thumbnail size-thumbnail\" alt=\"\" loading=\"lazy\" aria-describedby=\"gallery-1-722\" \/><\/a>\n\t\t\t<\/div>\n\t\t\t\t<figcaption class='wp-caption-text gallery-caption' id='gallery-1-722'>\n\t\t\t\tRodzina Lassak\u00f3w &#8222;Helios\u00f3w&#8221;\n\t\t\t\t<\/figcaption><\/figure><figure class='gallery-item'>\n\t\t\t<div class='gallery-icon landscape'>\n\t\t\t\t<a href='http:\/\/archiwum.festiwale.zakopane.pl\/festiwal-koled-2020\/galeria\/rodzina-lassakow-heliosow\/lassaki-2\/'><img width=\"160\" height=\"160\" src=\"http:\/\/archiwum.festiwale.zakopane.pl\/festiwal-koled-2020\/wp-content\/uploads\/sites\/20\/2021\/01\/Lassaki-2-160x160.jpg\" class=\"attachment-thumbnail size-thumbnail\" alt=\"\" loading=\"lazy\" aria-describedby=\"gallery-1-723\" \/><\/a>\n\t\t\t<\/div>\n\t\t\t\t<figcaption class='wp-caption-text gallery-caption' id='gallery-1-723'>\n\t\t\t\tRodzina Lassak\u00f3w &#8222;Helios\u00f3w&#8221;\n\t\t\t\t<\/figcaption><\/figure><figure class='gallery-item'>\n\t\t\t<div class='gallery-icon landscape'>\n\t\t\t\t<a href='http:\/\/archiwum.festiwale.zakopane.pl\/festiwal-koled-2020\/galeria\/rodzina-lassakow-heliosow\/lassaki-3\/'><img width=\"160\" height=\"160\" src=\"http:\/\/archiwum.festiwale.zakopane.pl\/festiwal-koled-2020\/wp-content\/uploads\/sites\/20\/2021\/01\/Lassaki-3-160x160.jpg\" class=\"attachment-thumbnail size-thumbnail\" alt=\"\" loading=\"lazy\" aria-describedby=\"gallery-1-724\" \/><\/a>\n\t\t\t<\/div>\n\t\t\t\t<figcaption class='wp-caption-text gallery-caption' id='gallery-1-724'>\n\t\t\t\tRodzina Lassak\u00f3w &#8222;Helios\u00f3w&#8221;\n\t\t\t\t<\/figcaption><\/figure><figure class='gallery-item'>\n\t\t\t<div class='gallery-icon landscape'>\n\t\t\t\t<a href='http:\/\/archiwum.festiwale.zakopane.pl\/festiwal-koled-2020\/galeria\/rodzina-lassakow-heliosow\/lassaki-4\/'><img width=\"160\" height=\"160\" src=\"http:\/\/archiwum.festiwale.zakopane.pl\/festiwal-koled-2020\/wp-content\/uploads\/sites\/20\/2021\/01\/Lassaki-4-160x160.jpg\" class=\"attachment-thumbnail size-thumbnail\" alt=\"\" loading=\"lazy\" aria-describedby=\"gallery-1-725\" \/><\/a>\n\t\t\t<\/div>\n\t\t\t\t<figcaption class='wp-caption-text gallery-caption' id='gallery-1-725'>\n\t\t\t\tRodzina Lassak\u00f3w &#8222;Helios\u00f3w&#8221;\n\t\t\t\t<\/figcaption><\/figure><figure class='gallery-item'>\n\t\t\t<div class='gallery-icon landscape'>\n\t\t\t\t<a href='http:\/\/archiwum.festiwale.zakopane.pl\/festiwal-koled-2020\/galeria\/rodzina-lassakow-heliosow\/lassaki-5\/'><img width=\"160\" height=\"160\" src=\"http:\/\/archiwum.festiwale.zakopane.pl\/festiwal-koled-2020\/wp-content\/uploads\/sites\/20\/2021\/01\/Lassaki-5-160x160.jpg\" class=\"attachment-thumbnail size-thumbnail\" alt=\"\" loading=\"lazy\" aria-describedby=\"gallery-1-726\" \/><\/a>\n\t\t\t<\/div>\n\t\t\t\t<figcaption class='wp-caption-text gallery-caption' id='gallery-1-726'>\n\t\t\t\tRodzina Lassak\u00f3w &#8222;Helios\u00f3w&#8221;\n\t\t\t\t<\/figcaption><\/figure><figure class='gallery-item'>\n\t\t\t<div class='gallery-icon landscape'>\n\t\t\t\t<a href='http:\/\/archiwum.festiwale.zakopane.pl\/festiwal-koled-2020\/galeria\/rodzina-lassakow-heliosow\/lassaki-6\/'><img width=\"160\" height=\"160\" src=\"http:\/\/archiwum.festiwale.zakopane.pl\/festiwal-koled-2020\/wp-content\/uploads\/sites\/20\/2021\/01\/Lassaki-6-160x160.jpg\" class=\"attachment-thumbnail size-thumbnail\" alt=\"\" loading=\"lazy\" aria-describedby=\"gallery-1-727\" \/><\/a>\n\t\t\t<\/div>\n\t\t\t\t<figcaption class='wp-caption-text gallery-caption' id='gallery-1-727'>\n\t\t\t\tRodzina Lassak\u00f3w &#8222;Helios\u00f3w&#8221;\n\t\t\t\t<\/figcaption><\/figure><figure class='gallery-item'>\n\t\t\t<div class='gallery-icon landscape'>\n\t\t\t\t<a href='http:\/\/archiwum.festiwale.zakopane.pl\/festiwal-koled-2020\/galeria\/rodzina-lassakow-heliosow\/lassaki-7\/'><img width=\"160\" height=\"160\" src=\"http:\/\/archiwum.festiwale.zakopane.pl\/festiwal-koled-2020\/wp-content\/uploads\/sites\/20\/2021\/01\/Lassaki-7-160x160.jpg\" class=\"attachment-thumbnail size-thumbnail\" alt=\"\" loading=\"lazy\" aria-describedby=\"gallery-1-728\" \/><\/a>\n\t\t\t<\/div>\n\t\t\t\t<figcaption class='wp-caption-text gallery-caption' id='gallery-1-728'>\n\t\t\t\tRodzina Lassak\u00f3w &#8222;Helios\u00f3w&#8221;\n\t\t\t\t<\/figcaption><\/figure><figure class='gallery-item'>\n\t\t\t<div class='gallery-icon landscape'>\n\t\t\t\t<a href='http:\/\/archiwum.festiwale.zakopane.pl\/festiwal-koled-2020\/galeria\/rodzina-lassakow-heliosow\/lassaki-8\/'><img width=\"160\" height=\"160\" src=\"http:\/\/archiwum.festiwale.zakopane.pl\/festiwal-koled-2020\/wp-content\/uploads\/sites\/20\/2021\/01\/Lassaki-8-160x160.jpg\" class=\"attachment-thumbnail size-thumbnail\" alt=\"\" loading=\"lazy\" aria-describedby=\"gallery-1-729\" \/><\/a>\n\t\t\t<\/div>\n\t\t\t\t<figcaption class='wp-caption-text gallery-caption' id='gallery-1-729'>\n\t\t\t\tRodzina Lassak\u00f3w &#8222;Helios\u00f3w&#8221;\n\t\t\t\t<\/figcaption><\/figure><figure class='gallery-item'>\n\t\t\t<div class='gallery-icon landscape'>\n\t\t\t\t<a href='http:\/\/archiwum.festiwale.zakopane.pl\/festiwal-koled-2020\/galeria\/rodzina-lassakow-heliosow\/lassaki-9\/'><img width=\"160\" height=\"160\" src=\"http:\/\/archiwum.festiwale.zakopane.pl\/festiwal-koled-2020\/wp-content\/uploads\/sites\/20\/2021\/01\/Lassaki-9-160x160.jpg\" class=\"attachment-thumbnail size-thumbnail\" alt=\"\" loading=\"lazy\" aria-describedby=\"gallery-1-730\" \/><\/a>\n\t\t\t<\/div>\n\t\t\t\t<figcaption class='wp-caption-text gallery-caption' id='gallery-1-730'>\n\t\t\t\tRodzina Lassak\u00f3w &#8222;Helios\u00f3w&#8221;\n\t\t\t\t<\/figcaption><\/figure>\n\t\t<\/div>\n\n<p>&nbsp;<\/p>\n","protected":false},"excerpt":{"rendered":"<p>Pierwsze dni Nowego Roku by\u0142y okazj\u0105 do spotkania z kol\u0119duj\u0105cymi zespo\u0142ami &#8222;9 Siy\u0142&#8221; 2 stycznia [&hellip;]<\/p>\n","protected":false},"author":7,"featured_media":657,"comment_status":"closed","ping_status":"closed","sticky":false,"template":"","format":"standard","meta":[],"categories":[1],"tags":[],"acf":[],"_links":{"self":[{"href":"http:\/\/archiwum.festiwale.zakopane.pl\/festiwal-koled-2020\/wp-json\/wp\/v2\/posts\/823"}],"collection":[{"href":"http:\/\/archiwum.festiwale.zakopane.pl\/festiwal-koled-2020\/wp-json\/wp\/v2\/posts"}],"about":[{"href":"http:\/\/archiwum.festiwale.zakopane.pl\/festiwal-koled-2020\/wp-json\/wp\/v2\/types\/post"}],"author":[{"embeddable":true,"href":"http:\/\/archiwum.festiwale.zakopane.pl\/festiwal-koled-2020\/wp-json\/wp\/v2\/users\/7"}],"replies":[{"embeddable":true,"href":"http:\/\/archiwum.festiwale.zakopane.pl\/festiwal-koled-2020\/wp-json\/wp\/v2\/comments?post=823"}],"version-history":[{"count":1,"href":"http:\/\/archiwum.festiwale.zakopane.pl\/festiwal-koled-2020\/wp-json\/wp\/v2\/posts\/823\/revisions"}],"predecessor-version":[{"id":824,"href":"http:\/\/archiwum.festiwale.zakopane.pl\/festiwal-koled-2020\/wp-json\/wp\/v2\/posts\/823\/revisions\/824"}],"wp:featuredmedia":[{"embeddable":true,"href":"http:\/\/archiwum.festiwale.zakopane.pl\/festiwal-koled-2020\/wp-json\/wp\/v2\/media\/657"}],"wp:attachment":[{"href":"http:\/\/archiwum.festiwale.zakopane.pl\/festiwal-koled-2020\/wp-json\/wp\/v2\/media?parent=823"}],"wp:term":[{"taxonomy":"category","embeddable":true,"href":"http:\/\/archiwum.festiwale.zakopane.pl\/festiwal-koled-2020\/wp-json\/wp\/v2\/categories?post=823"},{"taxonomy":"post_tag","embeddable":true,"href":"http:\/\/archiwum.festiwale.zakopane.pl\/festiwal-koled-2020\/wp-json\/wp\/v2\/tags?post=823"}],"curies":[{"name":"wp","href":"https:\/\/api.w.org\/{rel}","templated":true}]}}