{"id":761,"date":"2021-02-03T09:25:33","date_gmt":"2021-02-03T08:25:33","guid":{"rendered":"https:\/\/festiwale.zakopane.pl\/festiwal-koled-2020\/?p=761"},"modified":"2021-02-03T10:58:23","modified_gmt":"2021-02-03T09:58:23","slug":"2-luty-harni","status":"publish","type":"post","link":"http:\/\/archiwum.festiwale.zakopane.pl\/festiwal-koled-2020\/2021\/02\/03\/2-luty-harni\/","title":{"rendered":"Harni"},"content":{"rendered":"<p>Ostatni koncert tegorocznego Festiwalu odby\u0142 si\u0119 w Sanktuarium narodowym Matki Bo\u017cej Fatimskiej na Krzept\u00f3wkach.Dzi\u0119kujemy za wsp\u00f3lne kol\u0119dowanie.<\/p>\n<p>Zesp\u00f3\u0142 Harni to grupa przyjaci\u00f3\u0142, kt\u00f3rzy w 2005 roku rozpocz\u0119li swoj\u0105 muzyczn\u0105 przygod\u0119 od pracy nad opraw\u0105 Triduum Paschalnego podczas \u015awi\u0105t Wielkiej Nocy. Pocz\u0105tkowo zesp\u00f3\u0142 liczy\u0142 kilka os\u00f3b, ale z czasem do grupy do\u0142\u0105cza\u0142y nowe \u015bpiewaczki i nowi muzycy. Ka\u017cdy z nich wnosi\u0142 do zespo\u0142u swoje pomys\u0142y i nowe inspiracje, wiec dotychczasowy repertuar, sk\u0142adaj\u0105cy si\u0119 g\u0142\u00f3wnie z pie\u015bni ch\u00f3ralnych i nut g\u00f3ralskich, ubogacony zosta\u0142 melodiami ludowymi z r\u00f3\u017cnych stron Karpat. Latem 2016 roku Harni wzi\u0119li udzia\u0142 w Polsko- S\u0142owackim projekcie, nagrali karpack\u0105 wersj\u0119 Hymnu z okazji \u015awiatowych Dni M\u0142odzie\u017cy,\u00a0 a zim\u0105 2016 roku, w efekcie wsp\u00f3\u0142pracy z Urz\u0119dem Miasta Zakopane i przy finansowym wsparciu Burmistrza Miasta Zakopane, Harni nagrali muzyk\u0119 i teledysk do \u201eKolyndy Juhaskiej\u201d.<\/p>\n<p>Sk\u0142ad instrumentalny zespo\u0142u to: skrzypce, alt\u00f3wka, akordeon, cymba\u0142y w\u0119gierskie i kontrabas, ale podczas koncert\u00f3w Harni si\u0119gaj\u0105 tak\u017ce po oryginalne instrumenty g\u00f3ralskie, takie jak: r\u00f3\u017cnego rodzaju pasterskie piszcza\u0142ki, basy podhala\u0144skie.<\/p>\n<p>Harnych mo\u017cna zobaczy\u0107 i pos\u0142ucha\u0107 podczas r\u00f3\u017cnych imprez kulturalnych na terenie Podhala. Zesp\u00f3\u0142 swoj\u0105 muzyk\u0105 stara si\u0119 piel\u0119gnowa\u0107 rodzim\u0105 tradycj\u0119, czerpi\u0105c inspiracje z muzyki ca\u0142ego \u0141uku Karpat.<\/p>\n<p>Zapraszamy na koncert online\u00a0<a href=\"https:\/\/www.youtube.com\/watch?v=I5yJ_F883w8&amp;feature=share&amp;fbclid=IwAR0rvomIq0HLgOxDxboNgBJWO3OwzlGCxFXGQzX0fDwCklzGPgPXO6PR8fw\">https:\/\/www.youtube.com\/watch?v=I5yJ_F883w8&amp;feature=share&amp;fbclid=IwAR0rvomIq0HLgOxDxboNgBJWO3OwzlGCxFXGQzX0fDwCklzGPgPXO6PR8fw<\/a><\/p>\n<p>&nbsp;<\/p>\n<div id='gallery-1' class='gallery galleryid-761 gallery-columns-3 gallery-size-thumbnail'><figure class='gallery-item'>\n\t\t\t<div class='gallery-icon landscape'>\n\t\t\t\t<a href='http:\/\/archiwum.festiwale.zakopane.pl\/festiwal-koled-2020\/2021\/02\/03\/2-luty-harni\/dsc_8996\/'><img width=\"160\" height=\"160\" src=\"http:\/\/archiwum.festiwale.zakopane.pl\/festiwal-koled-2020\/wp-content\/uploads\/sites\/20\/2021\/02\/DSC_8996-160x160.jpg\" class=\"attachment-thumbnail size-thumbnail\" alt=\"\" loading=\"lazy\" aria-describedby=\"gallery-1-988\" \/><\/a>\n\t\t\t<\/div>\n\t\t\t\t<figcaption class='wp-caption-text gallery-caption' id='gallery-1-988'>\n\t\t\t\tHarni\n\t\t\t\t<\/figcaption><\/figure><figure class='gallery-item'>\n\t\t\t<div class='gallery-icon landscape'>\n\t\t\t\t<a href='http:\/\/archiwum.festiwale.zakopane.pl\/festiwal-koled-2020\/2021\/02\/03\/2-luty-harni\/dsc_8998\/'><img width=\"160\" height=\"160\" src=\"http:\/\/archiwum.festiwale.zakopane.pl\/festiwal-koled-2020\/wp-content\/uploads\/sites\/20\/2021\/02\/DSC_8998-160x160.jpg\" class=\"attachment-thumbnail size-thumbnail\" alt=\"\" loading=\"lazy\" aria-describedby=\"gallery-1-989\" \/><\/a>\n\t\t\t<\/div>\n\t\t\t\t<figcaption class='wp-caption-text gallery-caption' id='gallery-1-989'>\n\t\t\t\tHarni\n\t\t\t\t<\/figcaption><\/figure><figure class='gallery-item'>\n\t\t\t<div class='gallery-icon landscape'>\n\t\t\t\t<a href='http:\/\/archiwum.festiwale.zakopane.pl\/festiwal-koled-2020\/2021\/02\/03\/2-luty-harni\/dsc_9000\/'><img width=\"160\" height=\"160\" src=\"http:\/\/archiwum.festiwale.zakopane.pl\/festiwal-koled-2020\/wp-content\/uploads\/sites\/20\/2021\/02\/DSC_9000-160x160.jpg\" class=\"attachment-thumbnail size-thumbnail\" alt=\"\" loading=\"lazy\" aria-describedby=\"gallery-1-990\" \/><\/a>\n\t\t\t<\/div>\n\t\t\t\t<figcaption class='wp-caption-text gallery-caption' id='gallery-1-990'>\n\t\t\t\tHarni\n\t\t\t\t<\/figcaption><\/figure><figure class='gallery-item'>\n\t\t\t<div class='gallery-icon landscape'>\n\t\t\t\t<a href='http:\/\/archiwum.festiwale.zakopane.pl\/festiwal-koled-2020\/2021\/02\/03\/2-luty-harni\/dsc_9002\/'><img width=\"160\" height=\"160\" src=\"http:\/\/archiwum.festiwale.zakopane.pl\/festiwal-koled-2020\/wp-content\/uploads\/sites\/20\/2021\/02\/DSC_9002-160x160.jpg\" class=\"attachment-thumbnail size-thumbnail\" alt=\"\" loading=\"lazy\" aria-describedby=\"gallery-1-991\" \/><\/a>\n\t\t\t<\/div>\n\t\t\t\t<figcaption class='wp-caption-text gallery-caption' id='gallery-1-991'>\n\t\t\t\tHarni\n\t\t\t\t<\/figcaption><\/figure><figure class='gallery-item'>\n\t\t\t<div class='gallery-icon landscape'>\n\t\t\t\t<a href='http:\/\/archiwum.festiwale.zakopane.pl\/festiwal-koled-2020\/2021\/02\/03\/2-luty-harni\/dsc_9004\/'><img width=\"160\" height=\"160\" src=\"http:\/\/archiwum.festiwale.zakopane.pl\/festiwal-koled-2020\/wp-content\/uploads\/sites\/20\/2021\/02\/DSC_9004-160x160.jpg\" class=\"attachment-thumbnail size-thumbnail\" alt=\"\" loading=\"lazy\" aria-describedby=\"gallery-1-992\" \/><\/a>\n\t\t\t<\/div>\n\t\t\t\t<figcaption class='wp-caption-text gallery-caption' id='gallery-1-992'>\n\t\t\t\tHarni\n\t\t\t\t<\/figcaption><\/figure><figure class='gallery-item'>\n\t\t\t<div class='gallery-icon landscape'>\n\t\t\t\t<a href='http:\/\/archiwum.festiwale.zakopane.pl\/festiwal-koled-2020\/2021\/02\/03\/2-luty-harni\/dsc_9008\/'><img width=\"160\" height=\"160\" src=\"http:\/\/archiwum.festiwale.zakopane.pl\/festiwal-koled-2020\/wp-content\/uploads\/sites\/20\/2021\/02\/DSC_9008-160x160.jpg\" class=\"attachment-thumbnail size-thumbnail\" alt=\"\" loading=\"lazy\" aria-describedby=\"gallery-1-993\" \/><\/a>\n\t\t\t<\/div>\n\t\t\t\t<figcaption class='wp-caption-text gallery-caption' id='gallery-1-993'>\n\t\t\t\tHarni\n\t\t\t\t<\/figcaption><\/figure><figure class='gallery-item'>\n\t\t\t<div class='gallery-icon landscape'>\n\t\t\t\t<a href='http:\/\/archiwum.festiwale.zakopane.pl\/festiwal-koled-2020\/2021\/02\/03\/2-luty-harni\/dsc_9010\/'><img width=\"160\" height=\"160\" src=\"http:\/\/archiwum.festiwale.zakopane.pl\/festiwal-koled-2020\/wp-content\/uploads\/sites\/20\/2021\/02\/DSC_9010-160x160.jpg\" class=\"attachment-thumbnail size-thumbnail\" alt=\"\" loading=\"lazy\" aria-describedby=\"gallery-1-994\" \/><\/a>\n\t\t\t<\/div>\n\t\t\t\t<figcaption class='wp-caption-text gallery-caption' id='gallery-1-994'>\n\t\t\t\tHarni\n\t\t\t\t<\/figcaption><\/figure><figure class='gallery-item'>\n\t\t\t<div class='gallery-icon landscape'>\n\t\t\t\t<a href='http:\/\/archiwum.festiwale.zakopane.pl\/festiwal-koled-2020\/2021\/02\/03\/2-luty-harni\/dsc_9013\/'><img width=\"160\" height=\"160\" src=\"http:\/\/archiwum.festiwale.zakopane.pl\/festiwal-koled-2020\/wp-content\/uploads\/sites\/20\/2021\/02\/DSC_9013-160x160.jpg\" class=\"attachment-thumbnail size-thumbnail\" alt=\"\" loading=\"lazy\" aria-describedby=\"gallery-1-995\" \/><\/a>\n\t\t\t<\/div>\n\t\t\t\t<figcaption class='wp-caption-text gallery-caption' id='gallery-1-995'>\n\t\t\t\tHarni\n\t\t\t\t<\/figcaption><\/figure><figure class='gallery-item'>\n\t\t\t<div class='gallery-icon landscape'>\n\t\t\t\t<a href='http:\/\/archiwum.festiwale.zakopane.pl\/festiwal-koled-2020\/2021\/02\/03\/2-luty-harni\/dsc_9015\/'><img width=\"160\" height=\"160\" src=\"http:\/\/archiwum.festiwale.zakopane.pl\/festiwal-koled-2020\/wp-content\/uploads\/sites\/20\/2021\/02\/DSC_9015-160x160.jpg\" class=\"attachment-thumbnail size-thumbnail\" alt=\"\" loading=\"lazy\" aria-describedby=\"gallery-1-996\" \/><\/a>\n\t\t\t<\/div>\n\t\t\t\t<figcaption class='wp-caption-text gallery-caption' id='gallery-1-996'>\n\t\t\t\tHarni\n\t\t\t\t<\/figcaption><\/figure><figure class='gallery-item'>\n\t\t\t<div class='gallery-icon landscape'>\n\t\t\t\t<a href='http:\/\/archiwum.festiwale.zakopane.pl\/festiwal-koled-2020\/2021\/02\/03\/2-luty-harni\/dsc_9016\/'><img width=\"160\" height=\"160\" src=\"http:\/\/archiwum.festiwale.zakopane.pl\/festiwal-koled-2020\/wp-content\/uploads\/sites\/20\/2021\/02\/DSC_9016-160x160.jpg\" class=\"attachment-thumbnail size-thumbnail\" alt=\"\" loading=\"lazy\" aria-describedby=\"gallery-1-997\" \/><\/a>\n\t\t\t<\/div>\n\t\t\t\t<figcaption class='wp-caption-text gallery-caption' id='gallery-1-997'>\n\t\t\t\tHarni\n\t\t\t\t<\/figcaption><\/figure><figure class='gallery-item'>\n\t\t\t<div class='gallery-icon landscape'>\n\t\t\t\t<a href='http:\/\/archiwum.festiwale.zakopane.pl\/festiwal-koled-2020\/2021\/02\/03\/2-luty-harni\/dsc_9018\/'><img width=\"160\" height=\"160\" src=\"http:\/\/archiwum.festiwale.zakopane.pl\/festiwal-koled-2020\/wp-content\/uploads\/sites\/20\/2021\/02\/DSC_9018-160x160.jpg\" class=\"attachment-thumbnail size-thumbnail\" alt=\"\" loading=\"lazy\" aria-describedby=\"gallery-1-998\" \/><\/a>\n\t\t\t<\/div>\n\t\t\t\t<figcaption class='wp-caption-text gallery-caption' id='gallery-1-998'>\n\t\t\t\tHarni\n\t\t\t\t<\/figcaption><\/figure><figure class='gallery-item'>\n\t\t\t<div class='gallery-icon landscape'>\n\t\t\t\t<a href='http:\/\/archiwum.festiwale.zakopane.pl\/festiwal-koled-2020\/2021\/02\/03\/2-luty-harni\/dsc_9019\/'><img width=\"160\" height=\"160\" src=\"http:\/\/archiwum.festiwale.zakopane.pl\/festiwal-koled-2020\/wp-content\/uploads\/sites\/20\/2021\/02\/DSC_9019-160x160.jpg\" class=\"attachment-thumbnail size-thumbnail\" alt=\"\" loading=\"lazy\" aria-describedby=\"gallery-1-999\" \/><\/a>\n\t\t\t<\/div>\n\t\t\t\t<figcaption class='wp-caption-text gallery-caption' id='gallery-1-999'>\n\t\t\t\tHarni\n\t\t\t\t<\/figcaption><\/figure><figure class='gallery-item'>\n\t\t\t<div class='gallery-icon landscape'>\n\t\t\t\t<a href='http:\/\/archiwum.festiwale.zakopane.pl\/festiwal-koled-2020\/2021\/02\/03\/2-luty-harni\/dsc_9025\/'><img width=\"160\" height=\"160\" src=\"http:\/\/archiwum.festiwale.zakopane.pl\/festiwal-koled-2020\/wp-content\/uploads\/sites\/20\/2021\/02\/DSC_9025-160x160.jpg\" class=\"attachment-thumbnail size-thumbnail\" alt=\"\" loading=\"lazy\" aria-describedby=\"gallery-1-1000\" \/><\/a>\n\t\t\t<\/div>\n\t\t\t\t<figcaption class='wp-caption-text gallery-caption' id='gallery-1-1000'>\n\t\t\t\tHarni\n\t\t\t\t<\/figcaption><\/figure><figure class='gallery-item'>\n\t\t\t<div class='gallery-icon portrait'>\n\t\t\t\t<a href='http:\/\/archiwum.festiwale.zakopane.pl\/festiwal-koled-2020\/2021\/02\/03\/2-luty-harni\/dsc_9028\/'><img width=\"160\" height=\"160\" src=\"http:\/\/archiwum.festiwale.zakopane.pl\/festiwal-koled-2020\/wp-content\/uploads\/sites\/20\/2021\/02\/DSC_9028-160x160.jpg\" class=\"attachment-thumbnail size-thumbnail\" alt=\"\" loading=\"lazy\" aria-describedby=\"gallery-1-1001\" \/><\/a>\n\t\t\t<\/div>\n\t\t\t\t<figcaption class='wp-caption-text gallery-caption' id='gallery-1-1001'>\n\t\t\t\tHarni\n\t\t\t\t<\/figcaption><\/figure><figure class='gallery-item'>\n\t\t\t<div class='gallery-icon landscape'>\n\t\t\t\t<a href='http:\/\/archiwum.festiwale.zakopane.pl\/festiwal-koled-2020\/2021\/02\/03\/2-luty-harni\/dsc_9030\/'><img width=\"160\" height=\"160\" src=\"http:\/\/archiwum.festiwale.zakopane.pl\/festiwal-koled-2020\/wp-content\/uploads\/sites\/20\/2021\/02\/DSC_9030-160x160.jpg\" class=\"attachment-thumbnail size-thumbnail\" alt=\"\" loading=\"lazy\" aria-describedby=\"gallery-1-1002\" \/><\/a>\n\t\t\t<\/div>\n\t\t\t\t<figcaption class='wp-caption-text gallery-caption' id='gallery-1-1002'>\n\t\t\t\tHarni\n\t\t\t\t<\/figcaption><\/figure><figure class='gallery-item'>\n\t\t\t<div class='gallery-icon landscape'>\n\t\t\t\t<a href='http:\/\/archiwum.festiwale.zakopane.pl\/festiwal-koled-2020\/2021\/02\/03\/2-luty-harni\/dsc_9034\/'><img width=\"160\" height=\"160\" src=\"http:\/\/archiwum.festiwale.zakopane.pl\/festiwal-koled-2020\/wp-content\/uploads\/sites\/20\/2021\/02\/DSC_9034-160x160.jpg\" class=\"attachment-thumbnail size-thumbnail\" alt=\"\" loading=\"lazy\" aria-describedby=\"gallery-1-1003\" \/><\/a>\n\t\t\t<\/div>\n\t\t\t\t<figcaption class='wp-caption-text gallery-caption' id='gallery-1-1003'>\n\t\t\t\tHarni\n\t\t\t\t<\/figcaption><\/figure><figure class='gallery-item'>\n\t\t\t<div class='gallery-icon landscape'>\n\t\t\t\t<a href='http:\/\/archiwum.festiwale.zakopane.pl\/festiwal-koled-2020\/2021\/02\/03\/2-luty-harni\/dsc_9037\/'><img width=\"160\" height=\"160\" src=\"http:\/\/archiwum.festiwale.zakopane.pl\/festiwal-koled-2020\/wp-content\/uploads\/sites\/20\/2021\/02\/DSC_9037-160x160.jpg\" class=\"attachment-thumbnail size-thumbnail\" alt=\"\" loading=\"lazy\" aria-describedby=\"gallery-1-1004\" \/><\/a>\n\t\t\t<\/div>\n\t\t\t\t<figcaption class='wp-caption-text gallery-caption' id='gallery-1-1004'>\n\t\t\t\tHarni\n\t\t\t\t<\/figcaption><\/figure><figure class='gallery-item'>\n\t\t\t<div class='gallery-icon landscape'>\n\t\t\t\t<a href='http:\/\/archiwum.festiwale.zakopane.pl\/festiwal-koled-2020\/2021\/02\/03\/2-luty-harni\/dsc_9040\/'><img width=\"160\" height=\"160\" src=\"http:\/\/archiwum.festiwale.zakopane.pl\/festiwal-koled-2020\/wp-content\/uploads\/sites\/20\/2021\/02\/DSC_9040-160x160.jpg\" class=\"attachment-thumbnail size-thumbnail\" alt=\"\" loading=\"lazy\" aria-describedby=\"gallery-1-1005\" \/><\/a>\n\t\t\t<\/div>\n\t\t\t\t<figcaption class='wp-caption-text gallery-caption' id='gallery-1-1005'>\n\t\t\t\tHarni\n\t\t\t\t<\/figcaption><\/figure>\n\t\t<\/div>\n\n","protected":false},"excerpt":{"rendered":"<p>Ostatni koncert tegorocznego Festiwalu odby\u0142 si\u0119 w Sanktuarium narodowym Matki Bo\u017cej Fatimskiej na Krzept\u00f3wkach.Dzi\u0119kujemy za [&hellip;]<\/p>\n","protected":false},"author":7,"featured_media":762,"comment_status":"closed","ping_status":"closed","sticky":false,"template":"","format":"standard","meta":[],"categories":[1],"tags":[],"acf":[],"_links":{"self":[{"href":"http:\/\/archiwum.festiwale.zakopane.pl\/festiwal-koled-2020\/wp-json\/wp\/v2\/posts\/761"}],"collection":[{"href":"http:\/\/archiwum.festiwale.zakopane.pl\/festiwal-koled-2020\/wp-json\/wp\/v2\/posts"}],"about":[{"href":"http:\/\/archiwum.festiwale.zakopane.pl\/festiwal-koled-2020\/wp-json\/wp\/v2\/types\/post"}],"author":[{"embeddable":true,"href":"http:\/\/archiwum.festiwale.zakopane.pl\/festiwal-koled-2020\/wp-json\/wp\/v2\/users\/7"}],"replies":[{"embeddable":true,"href":"http:\/\/archiwum.festiwale.zakopane.pl\/festiwal-koled-2020\/wp-json\/wp\/v2\/comments?post=761"}],"version-history":[{"count":5,"href":"http:\/\/archiwum.festiwale.zakopane.pl\/festiwal-koled-2020\/wp-json\/wp\/v2\/posts\/761\/revisions"}],"predecessor-version":[{"id":1006,"href":"http:\/\/archiwum.festiwale.zakopane.pl\/festiwal-koled-2020\/wp-json\/wp\/v2\/posts\/761\/revisions\/1006"}],"wp:featuredmedia":[{"embeddable":true,"href":"http:\/\/archiwum.festiwale.zakopane.pl\/festiwal-koled-2020\/wp-json\/wp\/v2\/media\/762"}],"wp:attachment":[{"href":"http:\/\/archiwum.festiwale.zakopane.pl\/festiwal-koled-2020\/wp-json\/wp\/v2\/media?parent=761"}],"wp:term":[{"taxonomy":"category","embeddable":true,"href":"http:\/\/archiwum.festiwale.zakopane.pl\/festiwal-koled-2020\/wp-json\/wp\/v2\/categories?post=761"},{"taxonomy":"post_tag","embeddable":true,"href":"http:\/\/archiwum.festiwale.zakopane.pl\/festiwal-koled-2020\/wp-json\/wp\/v2\/tags?post=761"}],"curies":[{"name":"wp","href":"https:\/\/api.w.org\/{rel}","templated":true}]}}