{"id":758,"date":"2021-01-08T09:34:31","date_gmt":"2021-01-08T08:34:31","guid":{"rendered":"https:\/\/festiwale.zakopane.pl\/festiwal-koled-2020\/?p=758"},"modified":"2021-02-01T10:08:34","modified_gmt":"2021-02-01T09:08:34","slug":"31-stycznia-hanna-zbyryt-i-wojciech-wachulka","status":"publish","type":"post","link":"http:\/\/archiwum.festiwale.zakopane.pl\/festiwal-koled-2020\/2021\/01\/08\/31-stycznia-hanna-zbyryt-i-wojciech-wachulka\/","title":{"rendered":"Hanna Zbyryt i Wojciech Wachu\u0142ka &#8211; 31 stycznia &#8211; Zapraszamy"},"content":{"rendered":"<p><strong>Hanna Zbyryt<\/strong> &#8211; aktorka, re\u017cyserka, \u00a0od najm\u0142odszych lat wyst\u0119puje na deskach profesjonalnego Teatru u takich re\u017cyser\u00f3w jak Jarek Kilian, Adam Hanuszkiewicz. Ta\u0144czy\u0142a w Teatrze Ta\u0144ca w Cz\u0119stochowie i szkoli\u0142a si\u0119 wokalnie pod kierunkiem Maureen Scott w Londynie. Efektem by\u0142o uzyskanie dyplomu uko\u0144czenia \u00a0PWST, a tak\u017ce Studium Choreograficznego w Krakowie &#8211; Kierunek Taniec Wsp\u00f3\u0142czesny .<\/p>\n<p>Jest wsp\u00f3\u0142za\u0142o\u017cycielk\u0105 profesjonalnego <strong>Teatru Rozrywki RZT Szymaszkowa<\/strong> w Zakopanem, gdzie gra i re\u017cyseruje (wszystkie spektakle gramy z muzyk\u0105 na \u017cywo). Od dw\u00f3ch lat na sta\u0142e wsp\u00f3\u0142pracuje z Teatrem im. A.Mickiewicza w Cz\u0119stochowie pod okiem Dyrektor Magdaleny Piekorz .\u00a0 Zagra\u0142a g\u0142\u00f3wne role min: <strong>Gerd\u0119 w ba\u015bni ,,Kr\u00f3lowa \u015aniegu &#8222;<\/strong> w Jej re\u017cyserii, z muzyk\u0105 A.Konarskiego oraz g\u0142\u00f3wn\u0105 rol\u0119 w spektaklu \u00a0<strong>\u201c Czy\u017c nie dobija si\u0119 Koni \u201c &#8211; Glori\u0119<\/strong><\/p>\n<p>Wsp\u00f3\u0142pracowa\u0142a min. z Instytutem J.Grotowskiego, Teatrem Pantomimy we Wroc\u0142awiu, Teatrem Witkacego w Zakopanem, Teatrem Capitol we Wroc\u0142awiu i Teatrem Wsp\u00f3\u0142czesnym w Warszawie.<\/p>\n<p>&nbsp;<\/p>\n<p><strong>Wojtek Wachu\u0142ka<\/strong> &#8211; kompozytor, \u00a0pianista, aran\u017cer (muzyk krakowski ) na swoim koncie ma wiele realizacji radiowo-telewizyjnych i teatralnych w Polsce i zagranic\u0105.<\/p>\n<p><strong>Dawid Czernik &#8211; <\/strong>skrzypek, laureat wielu konkurs\u00f3w mi\u0119dzynarodowych.<\/p>\n<p>&nbsp;<\/p>\n<p><strong>&#8221; \u015awi\u0105teczna Gwiazdka &#8222;<\/strong> &#8211; recital \u015bwi\u0105teczny w wykonaniu \u00a0<strong>Hanny Zbyryt i Wojtka Wachu\u0142ki <\/strong>, jest to przepi\u0119kny program z wzruszaj\u0105cym akcentem \u015bwi\u0105tecznym, \u00a0najpi\u0119kniejsze polskie i zagraniczne piosenki \u015bwi\u0105teczne, kol\u0119dy i pastora\u0142ki, kt\u00f3re porw\u0105 ka\u017cdego widza, zakopia\u0144czyk\u00f3w jak r\u00f3wnie\u017c odwiedzaj\u0105cych nas go\u015bci \u00a0&#8230; <strong>&#8221; \u00a0kol\u0119dujmy wszyscy wraz .. bo ju\u017c na to czas &#8230; &#8221;\u00a0<\/strong><\/p>\n<p>&nbsp;<\/p>\n<p><strong>31 stycznia &#8211; niedziela &#8211; godz. 11:00<\/strong> &#8211; Ko\u015bci\u00f3\u0142 \u015awi\u0119tego Jana Aposto\u0142a i Ewangelisty na Harendzie<\/p>\n<p>Zapraszamy na koncert online na <a href=\"http:\/\/www.festiwale.zakopane.pl\/festiwal-koled-2020\">www.festiwale.zakopane.pl\/festiwal-koled-2020<\/a>\/ oraz profilach spo\u0142eczno\u015bciowych Miasta Zakopane.<\/p>\n<p><a href=\"https:\/\/www.youtube.com\/watch?v=uzFJJHvgYK4&amp;feature=youtu.be&amp;fbclid=IwAR0btbLEtExxbCuptY3_WY0Bb85PMbrflwfFuX707UxBKrloCvOgKnfmYlY\">https:\/\/www.youtube.com\/watch?v=uzFJJHvgYK4&amp;feature=youtu.be&amp;fbclid=IwAR0btbLEtExxbCuptY3_WY0Bb85PMbrflwfFuX707UxBKrloCvOgKnfmYlY<\/a><\/p>\n","protected":false},"excerpt":{"rendered":"<p>Hanna Zbyryt &#8211; aktorka, re\u017cyserka, \u00a0od najm\u0142odszych lat wyst\u0119puje na deskach profesjonalnego Teatru u takich [&hellip;]<\/p>\n","protected":false},"author":7,"featured_media":759,"comment_status":"closed","ping_status":"closed","sticky":false,"template":"","format":"standard","meta":[],"categories":[1],"tags":[],"acf":[],"_links":{"self":[{"href":"http:\/\/archiwum.festiwale.zakopane.pl\/festiwal-koled-2020\/wp-json\/wp\/v2\/posts\/758"}],"collection":[{"href":"http:\/\/archiwum.festiwale.zakopane.pl\/festiwal-koled-2020\/wp-json\/wp\/v2\/posts"}],"about":[{"href":"http:\/\/archiwum.festiwale.zakopane.pl\/festiwal-koled-2020\/wp-json\/wp\/v2\/types\/post"}],"author":[{"embeddable":true,"href":"http:\/\/archiwum.festiwale.zakopane.pl\/festiwal-koled-2020\/wp-json\/wp\/v2\/users\/7"}],"replies":[{"embeddable":true,"href":"http:\/\/archiwum.festiwale.zakopane.pl\/festiwal-koled-2020\/wp-json\/wp\/v2\/comments?post=758"}],"version-history":[{"count":7,"href":"http:\/\/archiwum.festiwale.zakopane.pl\/festiwal-koled-2020\/wp-json\/wp\/v2\/posts\/758\/revisions"}],"predecessor-version":[{"id":940,"href":"http:\/\/archiwum.festiwale.zakopane.pl\/festiwal-koled-2020\/wp-json\/wp\/v2\/posts\/758\/revisions\/940"}],"wp:featuredmedia":[{"embeddable":true,"href":"http:\/\/archiwum.festiwale.zakopane.pl\/festiwal-koled-2020\/wp-json\/wp\/v2\/media\/759"}],"wp:attachment":[{"href":"http:\/\/archiwum.festiwale.zakopane.pl\/festiwal-koled-2020\/wp-json\/wp\/v2\/media?parent=758"}],"wp:term":[{"taxonomy":"category","embeddable":true,"href":"http:\/\/archiwum.festiwale.zakopane.pl\/festiwal-koled-2020\/wp-json\/wp\/v2\/categories?post=758"},{"taxonomy":"post_tag","embeddable":true,"href":"http:\/\/archiwum.festiwale.zakopane.pl\/festiwal-koled-2020\/wp-json\/wp\/v2\/tags?post=758"}],"curies":[{"name":"wp","href":"https:\/\/api.w.org\/{rel}","templated":true}]}}