{"id":755,"date":"2021-01-08T09:20:53","date_gmt":"2021-01-08T08:20:53","guid":{"rendered":"https:\/\/festiwale.zakopane.pl\/festiwal-koled-2020\/?p=755"},"modified":"2021-02-01T10:09:02","modified_gmt":"2021-02-01T09:09:02","slug":"30-stycznia-vechi-acum","status":"publish","type":"post","link":"http:\/\/archiwum.festiwale.zakopane.pl\/festiwal-koled-2020\/2021\/01\/08\/30-stycznia-vechi-acum\/","title":{"rendered":"Vechi Acum &#8211; 30 stycznia &#8211; Zapraszamy"},"content":{"rendered":"<p>Vechi Acum (czyt. weczi akum) to krakowska grupa muzyczna powsta\u0142a ko\u0144cem 2018 roku.<\/p>\n<p>Pod enigmatyczn\u0105 nazw\u0105 zespo\u0142u, kt\u00f3ra w j\u0119zyku rumu\u0144skim oznacza \u201estaro-nowe\u201d kryje si\u0119 ch\u0119\u0107 przekazania tradycyjnej muzyki etnicznej w \u00a0\u015bwie\u017cym, niekonwencjonalnym wydaniu.<\/p>\n<p>Grup\u0119 tworz\u0105 osoby z r\u00f3\u017cnych, muzycznych region\u00f3w Polski &#8211; od Ziemi \u017bywieckiej, przez Ziemi\u0119 Podhala\u0144sk\u0105, Polski Spisz po Podkarpacie. Po\u0142\u0105czy\u0142a ich muzyka, a w szczeg\u00f3lno\u015bci umi\u0142owanie d\u017awi\u0119k\u00f3w etnicznych, nie tylko polskich, ale i ba\u0142ka\u0144skich czy \u017cydowskich &#8211; i w\u0142a\u015bnie taki repertuar prezentuj\u0105 na co dzie\u0144.<\/p>\n<p>&nbsp;<\/p>\n<p>Sk\u0142ad zespo\u0142u:<\/p>\n<ul>\n<li>Barbara Motyka \u2013 wokal, skrzypce<\/li>\n<li>Wojciech Bochenek- wokal<\/li>\n<li>Jakub Hubicki- akordeon<\/li>\n<li>Dominik Pietraszek -skrzypce<\/li>\n<li>Wojciech Chlanda &#8211; kontrabas<\/li>\n<li>Karol Wilkoszewski \u2013 perkusjonalia<\/li>\n<\/ul>\n<p>&nbsp;<\/p>\n<p><strong>30 stycznia &#8211; sobota godz. 18:00<\/strong> &#8211; Sanktuarium \u015aw. Antoniego, ul. Bulwary S\u0142owackiego 33<\/p>\n<p>Zapraszamy na koncert online na <a href=\"http:\/\/www.festiwale.zakopane.pl\/festiwal-koled-2020\">www.festiwale.zakopane.pl\/festiwal-koled-2020<\/a>\/ oraz profilach spo\u0142eczno\u015bciowych Miasta Zakopane.<\/p>\n<p><a href=\"https:\/\/www.youtube.com\/watch?v=DX9GONDjLPE\">https:\/\/www.youtube.com\/watch?v=DX9GONDjLPE<\/a><\/p>\n","protected":false},"excerpt":{"rendered":"<p>Vechi Acum (czyt. weczi akum) to krakowska grupa muzyczna powsta\u0142a ko\u0144cem 2018 roku. Pod enigmatyczn\u0105 [&hellip;]<\/p>\n","protected":false},"author":7,"featured_media":756,"comment_status":"closed","ping_status":"closed","sticky":false,"template":"","format":"standard","meta":[],"categories":[1],"tags":[],"acf":[],"_links":{"self":[{"href":"http:\/\/archiwum.festiwale.zakopane.pl\/festiwal-koled-2020\/wp-json\/wp\/v2\/posts\/755"}],"collection":[{"href":"http:\/\/archiwum.festiwale.zakopane.pl\/festiwal-koled-2020\/wp-json\/wp\/v2\/posts"}],"about":[{"href":"http:\/\/archiwum.festiwale.zakopane.pl\/festiwal-koled-2020\/wp-json\/wp\/v2\/types\/post"}],"author":[{"embeddable":true,"href":"http:\/\/archiwum.festiwale.zakopane.pl\/festiwal-koled-2020\/wp-json\/wp\/v2\/users\/7"}],"replies":[{"embeddable":true,"href":"http:\/\/archiwum.festiwale.zakopane.pl\/festiwal-koled-2020\/wp-json\/wp\/v2\/comments?post=755"}],"version-history":[{"count":5,"href":"http:\/\/archiwum.festiwale.zakopane.pl\/festiwal-koled-2020\/wp-json\/wp\/v2\/posts\/755\/revisions"}],"predecessor-version":[{"id":938,"href":"http:\/\/archiwum.festiwale.zakopane.pl\/festiwal-koled-2020\/wp-json\/wp\/v2\/posts\/755\/revisions\/938"}],"wp:featuredmedia":[{"embeddable":true,"href":"http:\/\/archiwum.festiwale.zakopane.pl\/festiwal-koled-2020\/wp-json\/wp\/v2\/media\/756"}],"wp:attachment":[{"href":"http:\/\/archiwum.festiwale.zakopane.pl\/festiwal-koled-2020\/wp-json\/wp\/v2\/media?parent=755"}],"wp:term":[{"taxonomy":"category","embeddable":true,"href":"http:\/\/archiwum.festiwale.zakopane.pl\/festiwal-koled-2020\/wp-json\/wp\/v2\/categories?post=755"},{"taxonomy":"post_tag","embeddable":true,"href":"http:\/\/archiwum.festiwale.zakopane.pl\/festiwal-koled-2020\/wp-json\/wp\/v2\/tags?post=755"}],"curies":[{"name":"wp","href":"https:\/\/api.w.org\/{rel}","templated":true}]}}