{"id":752,"date":"2021-01-08T08:10:42","date_gmt":"2021-01-08T07:10:42","guid":{"rendered":"https:\/\/festiwale.zakopane.pl\/festiwal-koled-2020\/?p=752"},"modified":"2021-01-26T09:00:39","modified_gmt":"2021-01-26T08:00:39","slug":"24-stycznia-martyna-kasprzycka","status":"publish","type":"post","link":"http:\/\/archiwum.festiwale.zakopane.pl\/festiwal-koled-2020\/2021\/01\/08\/24-stycznia-martyna-kasprzycka\/","title":{"rendered":"Martyna Kasprzycka &#8211; 24 stycznia &#8211; Zapraszamy"},"content":{"rendered":"<p>Zakopane, \u015bnieg, choinka to elementy, kt\u00f3re zimow\u0105 por\u0105 towarzyszy\u0107 nam b\u0119d\u0105 podczas \u015bwi\u0105tecznego koncertu kol\u0119d w wykonaniu Martyny Kasprzyckiej z zespo\u0142em wybitnych instrumentalist\u00f3w. Grupa przyjaci\u00f3\u0142 zaprezentuje kol\u0119dy i pastora\u0142ki we w\u0142asnej jazzowo &#8211; etnicznej aran\u017cacji, zaczerpni\u0119tej g\u0142\u00f3wnie z tradycji i folkloru polskiego oraz muzyki p\u0142yn\u0105cej z potrzeby ich serca.<\/p>\n<p>&nbsp;<\/p>\n<p>Martyna Kasprzycka \u2013 wokalistka, g\u00f3ralka z Zakopanego, abiturientka Krakowskiej Szko\u0142y Jazzu i Muzyki Rozrywkowej a obecnie studentka bydgoskiej Akademii Muzycznej im. Feliksa Nowowiejskiego w Bydgoszczy na kierunku Jazz i Muzyka Estradowa. Muzyka od zawsze kszta\u0142tuje jej osobowo\u015b\u0107, jest dla niej \u017ar\u00f3d\u0142em rado\u015bci i odskoczni\u0105 od rzeczywisto\u015bci, w wolnych chwilach komponuje w\u0142asne utwory, uwa\u017ca, \u017ce najwa\u017cniejsze jest brzmienie i przekaz muzyczny, tak\u017ce ten ukryty tekstach. Swoje inspiracje czerpie z muzyki ludowej, rocka, jazzu i muzyki improwizowanej. Szerszej publiczno\u015bci da\u0142a si\u0119 pozna\u0107 jako uczestniczka 9 edycji The Voice of Poland oraz podczas koncert\u00f3w w Studiu Piosenki Polskiego Radia. W 2018r zdoby\u0142a tytu\u0142 Talent Ma\u0142opolski, jest laureatk\u0105 g\u0142\u00f3wnych nagr\u00f3d og\u00f3lnopolskich festiwali muzycznych m.in. Festiwalu im. Kaliny J\u0119drusik, Festiwalu Piosenki Andrzeja Zieli\u0144skiego oraz tego roku Festiwalu Pami\u0119tajmy o Osieckiej.<\/p>\n<p>&nbsp;<\/p>\n<p>\u201eSerdecznie zapraszamy Pa\u0144stwa na kol\u0119dowanie, aby wsp\u00f3lnie poczu\u0107 nastr\u00f3j \u015awi\u0105t Bo\u017cego Narodzenia i cieszy\u0107 si\u0119 rado\u015bci\u0105 wyp\u0142ywaj\u0105c\u0105 z tej tajemnicy\u201d<\/p>\n<p>&nbsp;<\/p>\n<p>Sk\u0142ad zespo\u0142u:<br \/>\nMartyna Kasprzycka &#8211; wokal, skrzypce<br \/>\nKacper Kasprzak &#8211; fortepian<br \/>\nMaciej Domagalski &#8211; perkusja<br \/>\nBart\u0142omiej Werachowski \u2013 gitara basowa<\/p>\n<p><strong>24 stycznia &#8211; niedziela godz. 11:30<\/strong> &#8211; Ko\u015bci\u00f3\u0142 Mi\u0142osierdzia Bo\u017cego na Cyrhli<\/p>\n<p>Zapraszamy na koncert online\u00a0<a href=\"https:\/\/www.youtube.com\/watch?v=KuhEFB-Nt34&amp;feature=share&amp;fbclid=IwAR0V08Bikp5zW5A_mVZb3jSZqz3iGuRvQSXUwR0-GzqKUxrLSWSgLYC4OVo\">https:\/\/www.youtube.com\/watch?v=KuhEFB-Nt34&amp;feature=share&amp;fbclid=IwAR0V08Bikp5zW5A_mVZb3jSZqz3iGuRvQSXUwR0-GzqKUxrLSWSgLYC4OVo<\/a><\/p>\n","protected":false},"excerpt":{"rendered":"<p>Zakopane, \u015bnieg, choinka to elementy, kt\u00f3re zimow\u0105 por\u0105 towarzyszy\u0107 nam b\u0119d\u0105 podczas \u015bwi\u0105tecznego koncertu kol\u0119d [&hellip;]<\/p>\n","protected":false},"author":7,"featured_media":753,"comment_status":"closed","ping_status":"closed","sticky":false,"template":"","format":"standard","meta":[],"categories":[1],"tags":[],"acf":[],"_links":{"self":[{"href":"http:\/\/archiwum.festiwale.zakopane.pl\/festiwal-koled-2020\/wp-json\/wp\/v2\/posts\/752"}],"collection":[{"href":"http:\/\/archiwum.festiwale.zakopane.pl\/festiwal-koled-2020\/wp-json\/wp\/v2\/posts"}],"about":[{"href":"http:\/\/archiwum.festiwale.zakopane.pl\/festiwal-koled-2020\/wp-json\/wp\/v2\/types\/post"}],"author":[{"embeddable":true,"href":"http:\/\/archiwum.festiwale.zakopane.pl\/festiwal-koled-2020\/wp-json\/wp\/v2\/users\/7"}],"replies":[{"embeddable":true,"href":"http:\/\/archiwum.festiwale.zakopane.pl\/festiwal-koled-2020\/wp-json\/wp\/v2\/comments?post=752"}],"version-history":[{"count":4,"href":"http:\/\/archiwum.festiwale.zakopane.pl\/festiwal-koled-2020\/wp-json\/wp\/v2\/posts\/752\/revisions"}],"predecessor-version":[{"id":877,"href":"http:\/\/archiwum.festiwale.zakopane.pl\/festiwal-koled-2020\/wp-json\/wp\/v2\/posts\/752\/revisions\/877"}],"wp:featuredmedia":[{"embeddable":true,"href":"http:\/\/archiwum.festiwale.zakopane.pl\/festiwal-koled-2020\/wp-json\/wp\/v2\/media\/753"}],"wp:attachment":[{"href":"http:\/\/archiwum.festiwale.zakopane.pl\/festiwal-koled-2020\/wp-json\/wp\/v2\/media?parent=752"}],"wp:term":[{"taxonomy":"category","embeddable":true,"href":"http:\/\/archiwum.festiwale.zakopane.pl\/festiwal-koled-2020\/wp-json\/wp\/v2\/categories?post=752"},{"taxonomy":"post_tag","embeddable":true,"href":"http:\/\/archiwum.festiwale.zakopane.pl\/festiwal-koled-2020\/wp-json\/wp\/v2\/tags?post=752"}],"curies":[{"name":"wp","href":"https:\/\/api.w.org\/{rel}","templated":true}]}}