{"id":738,"date":"2021-01-08T08:40:45","date_gmt":"2021-01-08T07:40:45","guid":{"rendered":"https:\/\/festiwale.zakopane.pl\/festiwal-koled-2020\/?p=738"},"modified":"2021-01-17T16:37:20","modified_gmt":"2021-01-17T15:37:20","slug":"17-stycznia-megitza","status":"publish","type":"post","link":"http:\/\/archiwum.festiwale.zakopane.pl\/festiwal-koled-2020\/2021\/01\/08\/17-stycznia-megitza\/","title":{"rendered":"Megitza &#8211; 17 stycznia &#8211; Zapraszamy"},"content":{"rendered":"<p>Megitza to rodowita g\u00f3ralka graj\u0105ca na kontrabasie, wokalistka i kompozytorka Ma\u0142gorzata Babiarz, kt\u00f3ra w swojej tw\u00f3rczo\u015bci \u0142\u0105czy muzyk\u0119 \u015bwiata ze swoimi korzeniami. Nagra\u0142a do tej pory osiem p\u0142yt studyjnych z tradycyjnymi,\u00a0 lecz g\u0142\u00f3wnie w\u0142asnymi kompozycjami. Swoj\u0105 karier\u0119 muzyczn\u0105 rozpocz\u0119\u0142a w Stanach Zjednoczonych w 2008 roku.<\/p>\n<p>&#8222;Dobra nowina &#8211; Good Message&#8221; &#8211; taki jest przekaz koncertu kol\u0119d i pastora\u0142ek w wykonaniu Megitzy z zespo\u0142em. Arty\u015bci zaprezentuj\u0105 kol\u0119dy polskie i ze \u015bwiata.<\/p>\n<p>&#8222;Chcia\u0142abym, \u017ceby ten koncert, podobnie jak p\u0142yta, przyni\u00f3s\u0142 wzruszenie, mi\u0142o\u015b\u0107, niech uko\u0142ysze ludzkie troski i smutki, szczeg\u00f3lnie w obecnych czasach. Ka\u017cdy zas\u0142uguje na prezent, na mi\u0142o\u015b\u0107 i na szczypt\u0119 szcz\u0119\u015bcia &#8211; ka\u017cdego dnia, niech si\u0119 rodzi dobro w ka\u017cdym z nas, pomimo wszelkich przeciwno\u015bci losu&#8221;.<\/p>\n<p>&nbsp;<\/p>\n<p>Sk\u0142ad zespo\u0142u<\/p>\n<p>Ma\u0142gorzata Babiarz &#8211; wokal, kontrabas<\/p>\n<p>Konrad Lisas &#8211; akordeon<\/p>\n<p>Marcin Cyzowski &#8211; gitara, wokal<\/p>\n<p>Damian Niewi\u0144ski &#8211; perkusja, wokal<\/p>\n<p>&nbsp;<\/p>\n<p><strong>17 stycznia godz. 16:00<\/strong> Msza \u015aw., a po niej koncert Centrum Formacyjno &#8211; Szkoleniowe &#8222;Ksi\u0119\u017c\u00f3wka&#8221; Al. Przewodnik\u00f3w Tatrza\u0144skich 2<\/p>\n<p>Zapraszamy na koncert online na <a href=\"http:\/\/www.festiwale.zakopane.pl\/festiwal-koled-2020\">www.festiwale.zakopane.pl\/festiwal-koled-2020<\/a>\/ oraz profilach spo\u0142eczno\u015bciowych Miasta Zakopane.<\/p>\n<p><a href=\"https:\/\/www.youtube.com\/watch?v=ohzaHzdZCNU\">https:\/\/www.youtube.com\/watch?v=ohzaHzdZCNU<\/a><\/p>\n","protected":false},"excerpt":{"rendered":"<p>Megitza to rodowita g\u00f3ralka graj\u0105ca na kontrabasie, wokalistka i kompozytorka Ma\u0142gorzata Babiarz, kt\u00f3ra w swojej [&hellip;]<\/p>\n","protected":false},"author":7,"featured_media":739,"comment_status":"closed","ping_status":"closed","sticky":false,"template":"","format":"standard","meta":[],"categories":[1],"tags":[],"acf":[],"_links":{"self":[{"href":"http:\/\/archiwum.festiwale.zakopane.pl\/festiwal-koled-2020\/wp-json\/wp\/v2\/posts\/738"}],"collection":[{"href":"http:\/\/archiwum.festiwale.zakopane.pl\/festiwal-koled-2020\/wp-json\/wp\/v2\/posts"}],"about":[{"href":"http:\/\/archiwum.festiwale.zakopane.pl\/festiwal-koled-2020\/wp-json\/wp\/v2\/types\/post"}],"author":[{"embeddable":true,"href":"http:\/\/archiwum.festiwale.zakopane.pl\/festiwal-koled-2020\/wp-json\/wp\/v2\/users\/7"}],"replies":[{"embeddable":true,"href":"http:\/\/archiwum.festiwale.zakopane.pl\/festiwal-koled-2020\/wp-json\/wp\/v2\/comments?post=738"}],"version-history":[{"count":5,"href":"http:\/\/archiwum.festiwale.zakopane.pl\/festiwal-koled-2020\/wp-json\/wp\/v2\/posts\/738\/revisions"}],"predecessor-version":[{"id":840,"href":"http:\/\/archiwum.festiwale.zakopane.pl\/festiwal-koled-2020\/wp-json\/wp\/v2\/posts\/738\/revisions\/840"}],"wp:featuredmedia":[{"embeddable":true,"href":"http:\/\/archiwum.festiwale.zakopane.pl\/festiwal-koled-2020\/wp-json\/wp\/v2\/media\/739"}],"wp:attachment":[{"href":"http:\/\/archiwum.festiwale.zakopane.pl\/festiwal-koled-2020\/wp-json\/wp\/v2\/media?parent=738"}],"wp:term":[{"taxonomy":"category","embeddable":true,"href":"http:\/\/archiwum.festiwale.zakopane.pl\/festiwal-koled-2020\/wp-json\/wp\/v2\/categories?post=738"},{"taxonomy":"post_tag","embeddable":true,"href":"http:\/\/archiwum.festiwale.zakopane.pl\/festiwal-koled-2020\/wp-json\/wp\/v2\/tags?post=738"}],"curies":[{"name":"wp","href":"https:\/\/api.w.org\/{rel}","templated":true}]}}