{"id":735,"date":"2021-01-08T09:25:31","date_gmt":"2021-01-08T08:25:31","guid":{"rendered":"https:\/\/festiwale.zakopane.pl\/festiwal-koled-2020\/?p=735"},"modified":"2021-01-16T17:39:46","modified_gmt":"2021-01-16T16:39:46","slug":"16-stycznia-zespol-im-klimka-bachledy","status":"publish","type":"post","link":"http:\/\/archiwum.festiwale.zakopane.pl\/festiwal-koled-2020\/2021\/01\/08\/16-stycznia-zespol-im-klimka-bachledy\/","title":{"rendered":"Zesp\u00f3\u0142 im. Klimka Bachledy &#8211; 16 stycznia &#8211; Zapraszamy"},"content":{"rendered":"<p><strong>Zesp\u00f3\u0142 G\u00f3ralski im. Klimka Bachledy z Zakopanego<\/strong><\/p>\n<p>Zesp\u00f3\u0142 powsta\u0142 w 1952 roku przy zakopia\u0144skiej \u201eCepelii\u201d. W 1957 roku, po reaktywacji Zwi\u0105zku Podhalan, przeszed\u0142 pod jego opiek\u0119 i dzia\u0142a przy Zwi\u0105zku do dzi\u015b. Zesp\u00f3\u0142 zrzesza m\u0142odzie\u017c i doros\u0142ych, kt\u00f3rym kultura g\u00f3ralska, autentyczny \u015bpiew, taniec, muzyka, gwara, le\u017c\u0105 bardzo na sercu. Od ponad p\u00f3\u0142 wieku piel\u0119gnuje tradycje, kt\u00f3re w regionie Podhala s\u0105 ci\u0105gle \u017cywe. Dorobek artystyczny zespo\u0142u to programy i przestawienia oparte na tradycjach podhala\u0144skich, m.in. programy: <em>Na hali, Zaloty, Wesele g\u00f3ralskie, Jase\u0142ka<\/em>. Cz\u0142onkowie zespo\u0142u udzielali si\u0119 jako aktorzy w sztukach napisanych przez Juliana Reimschussela, a w latach 60-tych i 90-tych XX wieku opracowali jedyn\u0105 w tamtym czasie oper\u0119 g\u00f3ralsk\u0105 pt<em>. Jadwisia spod regli<\/em>, kt\u00f3ra wesz\u0142a w kanon g\u00f3ralskiej sztuki. Zesp\u00f3\u0142 aktywnie uczestniczy w \u017cyciu Miasta Zakopane, przygotowuj\u0105c opraw\u0119 artystyczn\u0105 wydarze\u0144 organizowanych przez Miasto. Od kilku lat u\u015bwietnia r\u00f3wnie\u017c opraw\u0119 Mszy \u015aw. w Starym Ko\u015bci\u00f3\u0142ku na P\u0119ksowym Brzyzku oraz Europejskie Targi Produkt\u00f3w Regionalnych. Szeroka dzia\u0142alno\u015b\u0107 edukacyjna Zespo\u0142u obejmuje tak\u017ce lekcje o regionie Podhala. \u201eKlimki\u201d uczestnicz\u0105 w wielu przegl\u0105dach i konkursach, zdobywaj\u0105c niejednokrotnie g\u0142\u00f3wne nagrody, cz\u0119sto koncertuj\u0105 na cele charytatywne. Cz\u0142onkowie zespo\u0142u mieli tak\u017ce okazj\u0119 odwiedzi\u0107 pi\u0119kne zak\u0105tki Polski i Europy, a w latach 70-tych koncertowali w Ameryce P\u00f3\u0142nocnej. Kierownikiem zespo\u0142u jest Zofia Kubiniec-Stanuch.<\/p>\n<p>&nbsp;<\/p>\n<p><strong>16 stycznia godz. 17:00<\/strong> Msza \u015aw., a po niej koncert &#8211; Ko\u015bci\u00f3\u0142 \u015awi\u0119tego Krzy\u017ca, ul. Cha\u0142ubi\u0144skiego 30<\/p>\n<p>Zapraszamy na koncert online\u00a0\u00a0<a href=\"https:\/\/www.youtube.com\/watch?v=2mg0alTK0W8&amp;feature=share&amp;fbclid=IwAR11GwS2yJKyVKNOl-UBk7ATjnC6jq4UKvH5S-qKDHu-JrFH2KB1nZTfj2E\">https:\/\/www.youtube.com\/watch?v=2mg0alTK0W8&amp;feature=share&amp;fbclid=IwAR11GwS2yJKyVKNOl-UBk7ATjnC6jq4UKvH5S-qKDHu-JrFH2KB1nZTfj2E<\/a><\/p>\n<p>&nbsp;<\/p>\n","protected":false},"excerpt":{"rendered":"<p>Zesp\u00f3\u0142 G\u00f3ralski im. Klimka Bachledy z Zakopanego Zesp\u00f3\u0142 powsta\u0142 w 1952 roku przy zakopia\u0144skiej \u201eCepelii\u201d. [&hellip;]<\/p>\n","protected":false},"author":7,"featured_media":736,"comment_status":"closed","ping_status":"closed","sticky":false,"template":"","format":"standard","meta":[],"categories":[1],"tags":[],"acf":[],"_links":{"self":[{"href":"http:\/\/archiwum.festiwale.zakopane.pl\/festiwal-koled-2020\/wp-json\/wp\/v2\/posts\/735"}],"collection":[{"href":"http:\/\/archiwum.festiwale.zakopane.pl\/festiwal-koled-2020\/wp-json\/wp\/v2\/posts"}],"about":[{"href":"http:\/\/archiwum.festiwale.zakopane.pl\/festiwal-koled-2020\/wp-json\/wp\/v2\/types\/post"}],"author":[{"embeddable":true,"href":"http:\/\/archiwum.festiwale.zakopane.pl\/festiwal-koled-2020\/wp-json\/wp\/v2\/users\/7"}],"replies":[{"embeddable":true,"href":"http:\/\/archiwum.festiwale.zakopane.pl\/festiwal-koled-2020\/wp-json\/wp\/v2\/comments?post=735"}],"version-history":[{"count":5,"href":"http:\/\/archiwum.festiwale.zakopane.pl\/festiwal-koled-2020\/wp-json\/wp\/v2\/posts\/735\/revisions"}],"predecessor-version":[{"id":839,"href":"http:\/\/archiwum.festiwale.zakopane.pl\/festiwal-koled-2020\/wp-json\/wp\/v2\/posts\/735\/revisions\/839"}],"wp:featuredmedia":[{"embeddable":true,"href":"http:\/\/archiwum.festiwale.zakopane.pl\/festiwal-koled-2020\/wp-json\/wp\/v2\/media\/736"}],"wp:attachment":[{"href":"http:\/\/archiwum.festiwale.zakopane.pl\/festiwal-koled-2020\/wp-json\/wp\/v2\/media?parent=735"}],"wp:term":[{"taxonomy":"category","embeddable":true,"href":"http:\/\/archiwum.festiwale.zakopane.pl\/festiwal-koled-2020\/wp-json\/wp\/v2\/categories?post=735"},{"taxonomy":"post_tag","embeddable":true,"href":"http:\/\/archiwum.festiwale.zakopane.pl\/festiwal-koled-2020\/wp-json\/wp\/v2\/tags?post=735"}],"curies":[{"name":"wp","href":"https:\/\/api.w.org\/{rel}","templated":true}]}}