{"id":732,"date":"2021-01-05T10:25:49","date_gmt":"2021-01-05T09:25:49","guid":{"rendered":"https:\/\/festiwale.zakopane.pl\/festiwal-koled-2020\/?p=732"},"modified":"2021-01-11T09:39:59","modified_gmt":"2021-01-11T08:39:59","slug":"10-stycznia-kapela-hanki-wojciak-2","status":"publish","type":"post","link":"http:\/\/archiwum.festiwale.zakopane.pl\/festiwal-koled-2020\/2021\/01\/05\/10-stycznia-kapela-hanki-wojciak-2\/","title":{"rendered":"Kapela Hanki W\u00f3jciak &#8211; 10 stycznia &#8211; Zapraszamy"},"content":{"rendered":"<p>Kapela Hanki W\u00f3jciak &#8211; zesp\u00f3\u0142 powsta\u0142y w Krakowie, graj\u0105cy muzyk\u0119 z pogranicza world music i folku, za\u0142o\u017cony przez wokalistk\u0119 i autork\u0119 piosenek &#8211; Hank\u0119 W\u00f3jciak rodem z Zakopanego.<br \/>\nW muzyce zespo\u0142u s\u0142ycha\u0107 echa muzyki orientalnej i celtyckiej, polskie motywy ludowe, po\u0142amane rytmy, wokaln\u0105 improwizacj\u0119 w rejestrze gwizdkowym. Prostota i powtarzalno\u015b\u0107 motyw\u00f3w<br \/>\nprzeplata si\u0119 tutaj z improwizacj\u0105, spok\u00f3j z dziko\u015bci\u0105, rado\u015b\u0107 ze smutkiem. To muzyka w swym za\u0142o\u017ceniu bliska ziemi, ludyczna, taneczna i transowa zarazem.<br \/>\nTeksty Hanki W\u00f3jciak opisuj\u0105 wsp\u00f3\u0142czesny \u015bwiat, ale zawarte w nich archaizmy, s\u0142owa zaczerpni\u0119te z g\u00f3ralskiej gwary przydaj\u0105 piosenkom ba\u015bniowo\u015bci i ludowo\u015bci.<br \/>\nZesp\u00f3\u0142 nagra\u0142 dwie autorskie p\u0142yty: Znachorka (2014) oraz Zas\u0142ona (2017). Opr\u00f3cz w\u0142asnych utwor\u00f3w zesp\u00f3\u0142 ma w repertuarze kol\u0119dy i pastora\u0142ki zaaran\u017cowane na etniczn\u0105 nut\u0119.<\/p>\n<p>\u201ePiosenki Hanki to niemal\u017ce doskona\u0142e po\u0142\u0105czenie warstw, kt\u00f3re jak\u017ce rzadko dzi\u015b id\u0105 w parze.<br \/>\nCiekawa barwa g\u0142osu, ogromna liryczno\u015b\u0107 interpretacji, muzykalno\u015b\u0107 aran\u017cacji, a nade wszystko \u2013<br \/>\nniepospolita poetycko\u015b\u0107 tekst\u00f3w.\u201d<br \/>\nWitold Bere\u015b \/ Polska Ma Sens<\/p>\n<p>Sk\u0142ad Kapeli:<br \/>\nHanka W\u00f3jciak &#8211; \u015bpiew<br \/>\nJacek D\u0142ugosz &#8211; gitara<br \/>\nTomek Czaderski &#8211; instrumenty perkusyjne<br \/>\nMateusz Frankiewicz &#8211; kontrabas<br \/>\nTomek Pawlak &#8211; skrzypce<br \/>\nJakub Piechnik &#8211; mandola<\/p>\n<p>&nbsp;<\/p>\n<p><strong>10 stycznia godz. 18:00<\/strong> Msza \u015aw., a po niej koncert &#8211; Ko\u015bci\u00f3\u0142 Naj\u015bwi\u0119tszej Marii Panny Kr\u00f3lowej \u015awiata, ul. Bulwary S\u0142owackiego 2<\/p>\n<p>Zapraszamy na koncert online\u00a0 na <a href=\"http:\/\/www.festiwale.zakopane.pl\/festiwal-koled-2020\">www.festiwale.zakopane.pl\/festiwal-koled-2020<\/a>\/ oraz profilach spo\u0142eczno\u015bciowych Miasta Zakopane.<\/p>\n<p><a href=\"https:\/\/www.youtube.com\/watch?fbclid=IwAR3kh-dE59HRg0G2-R0WTLheXjKyg_sfcW0dvCmsW70M-WkB0Yb8X55j57o&amp;v=nLRgiECWTRk&amp;feature=youtu.be\">https:\/\/www.youtube.com\/watch?fbclid=IwAR3kh-dE59HRg0G2-R0WTLheXjKyg_sfcW0dvCmsW70M-WkB0Yb8X55j57o&amp;v=nLRgiECWTRk&amp;feature=youtu.be<\/a><\/p>\n","protected":false},"excerpt":{"rendered":"<p>Kapela Hanki W\u00f3jciak &#8211; zesp\u00f3\u0142 powsta\u0142y w Krakowie, graj\u0105cy muzyk\u0119 z pogranicza world music i [&hellip;]<\/p>\n","protected":false},"author":7,"featured_media":733,"comment_status":"closed","ping_status":"closed","sticky":false,"template":"","format":"standard","meta":[],"categories":[1],"tags":[],"acf":[],"_links":{"self":[{"href":"http:\/\/archiwum.festiwale.zakopane.pl\/festiwal-koled-2020\/wp-json\/wp\/v2\/posts\/732"}],"collection":[{"href":"http:\/\/archiwum.festiwale.zakopane.pl\/festiwal-koled-2020\/wp-json\/wp\/v2\/posts"}],"about":[{"href":"http:\/\/archiwum.festiwale.zakopane.pl\/festiwal-koled-2020\/wp-json\/wp\/v2\/types\/post"}],"author":[{"embeddable":true,"href":"http:\/\/archiwum.festiwale.zakopane.pl\/festiwal-koled-2020\/wp-json\/wp\/v2\/users\/7"}],"replies":[{"embeddable":true,"href":"http:\/\/archiwum.festiwale.zakopane.pl\/festiwal-koled-2020\/wp-json\/wp\/v2\/comments?post=732"}],"version-history":[{"count":6,"href":"http:\/\/archiwum.festiwale.zakopane.pl\/festiwal-koled-2020\/wp-json\/wp\/v2\/posts\/732\/revisions"}],"predecessor-version":[{"id":806,"href":"http:\/\/archiwum.festiwale.zakopane.pl\/festiwal-koled-2020\/wp-json\/wp\/v2\/posts\/732\/revisions\/806"}],"wp:featuredmedia":[{"embeddable":true,"href":"http:\/\/archiwum.festiwale.zakopane.pl\/festiwal-koled-2020\/wp-json\/wp\/v2\/media\/733"}],"wp:attachment":[{"href":"http:\/\/archiwum.festiwale.zakopane.pl\/festiwal-koled-2020\/wp-json\/wp\/v2\/media?parent=732"}],"wp:term":[{"taxonomy":"category","embeddable":true,"href":"http:\/\/archiwum.festiwale.zakopane.pl\/festiwal-koled-2020\/wp-json\/wp\/v2\/categories?post=732"},{"taxonomy":"post_tag","embeddable":true,"href":"http:\/\/archiwum.festiwale.zakopane.pl\/festiwal-koled-2020\/wp-json\/wp\/v2\/tags?post=732"}],"curies":[{"name":"wp","href":"https:\/\/api.w.org\/{rel}","templated":true}]}}