{"id":686,"date":"2021-01-05T10:42:02","date_gmt":"2021-01-05T09:42:02","guid":{"rendered":"https:\/\/festiwale.zakopane.pl\/festiwal-koled-2020\/?p=686"},"modified":"2021-01-11T09:40:14","modified_gmt":"2021-01-11T08:40:14","slug":"9-stycznia-anna-gasienica-byrcyn","status":"publish","type":"post","link":"http:\/\/archiwum.festiwale.zakopane.pl\/festiwal-koled-2020\/2021\/01\/05\/9-stycznia-anna-gasienica-byrcyn\/","title":{"rendered":"Anna G\u0105sienica-Byrcyn &#8211; 9 stycznia &#8211; Zapraszamy"},"content":{"rendered":"<p><a href=\"https:\/\/www.youtube.com\/watch?v=J3tqnMJlAGs\">https:\/\/www.youtube.com\/watch?v=J3tqnMJlAGs<\/a><\/p>\n<p>&nbsp;<\/p>\n<p>Ma 21 lat i w tym roku wzi\u0119\u0142a udzia\u0142 w najwi\u0119kszym muzycznym show w Polsce w The Voice Of Poland, dotar\u0142a tam a\u017c do fina\u0142u, w programie zadebiutowa\u0142 \u00a0r\u00f3wnie\u017c jej nowy singiel ,,Noc\u0105&#8221;.<\/p>\n<p>Urodzi\u0142a si\u0119 w Toronto w Kanadzie, ale pochodzi z tradycyjnej rodziny g\u00f3ralskiej z Zakopanego. W wieku czterech lat, wraz z ca\u0142\u0105 rodzin\u0105 wr\u00f3ci\u0142a do Polski do Zakopanego. W wieku 6 lat rodzice zdecydowali o zapisaniu jej do Pa\u0144stwowej Og\u00f3lnokszta\u0142c\u0105cej Szko\u0142y Artystycznej im. Mieczys\u0142awa Kar\u0142owicza w Zakopanem na instrument skrzypce i tam uko\u0144czy\u0142a pierwszy stopie\u0144 szko\u0142y muzycznej. Dalsze kszta\u0142cenie muzyczne \u00a0kontynuowa\u0142a w Pa\u0144stwowej Og\u00f3lnokszta\u0142c\u0105cej Szkole Muzycznej im. Fryderyka Chopina w Krakowie.<\/p>\n<p>W liceum otworzy\u0142a si\u0119 na \u015bpiew, i finalnie ukierunkowa\u0142a si\u0119 na jazz i estrad\u0119, i w tych gatunkach si\u0119 odnalaz\u0142a. Wtedy te\u017c stwierdzi\u0142a, \u017ce chce przygotowa\u0107 si\u0119 do egzaminu wst\u0119pnego w Katowicach na kierunek Jazz i Muzyka Estradowa w specjalno\u015bci wokalistyka jazzowa. Uda\u0142o si\u0119 jej dosta\u0107 na wymarzon\u0105 Akademi\u0119 Muzyczn\u0105 i tam kszta\u0142ci sw\u00f3j wokal do dzi\u015b. Obecnie jest na trzecim roku licencjatu w klasie Mietka Szcze\u015bniaka i swoj\u0105 przysz\u0142o\u015b\u0107 wi\u0105\u017ce ze \u015bpiewem.<\/p>\n<p>&nbsp;<\/p>\n<p>Sk\u0142ad zespo\u0142u:<\/p>\n<p>Anna G\u0105sienica &#8211; Byrcyn &#8211; wokal,<\/p>\n<p>Maciej Sitkowski &#8211; gitara basowa,<\/p>\n<p>Robert Agaci\u0144ski &#8211; instrumenty perkusyjne,<\/p>\n<p>Pawe\u0142 Gw\u00f3\u017ad\u017a &#8211; fortepian,<\/p>\n<p>Kiril Levchuk &#8211; saksofon, flet.<\/p>\n<p><strong>godz. 18:00 &#8211; Msza \u015aw., a po niej koncert &#8211; <\/strong><strong>Transmisje on-line\u00a0 na <\/strong><strong><a href=\"http:\/\/www.festiwale.zakopane.pl\/festiwal-koled-2020\/\">www.festiwale.zakopane.pl\/festiwal-koled-2020\/<\/a> oraz profilach spo\u0142eczno\u015bciowych Miasta Zakopane.<\/strong><\/p>\n","protected":false},"excerpt":{"rendered":"<p>https:\/\/www.youtube.com\/watch?v=J3tqnMJlAGs &nbsp; Ma 21 lat i w tym roku wzi\u0119\u0142a udzia\u0142 w najwi\u0119kszym muzycznym show [&hellip;]<\/p>\n","protected":false},"author":7,"featured_media":741,"comment_status":"closed","ping_status":"closed","sticky":false,"template":"","format":"standard","meta":[],"categories":[1],"tags":[],"acf":[],"_links":{"self":[{"href":"http:\/\/archiwum.festiwale.zakopane.pl\/festiwal-koled-2020\/wp-json\/wp\/v2\/posts\/686"}],"collection":[{"href":"http:\/\/archiwum.festiwale.zakopane.pl\/festiwal-koled-2020\/wp-json\/wp\/v2\/posts"}],"about":[{"href":"http:\/\/archiwum.festiwale.zakopane.pl\/festiwal-koled-2020\/wp-json\/wp\/v2\/types\/post"}],"author":[{"embeddable":true,"href":"http:\/\/archiwum.festiwale.zakopane.pl\/festiwal-koled-2020\/wp-json\/wp\/v2\/users\/7"}],"replies":[{"embeddable":true,"href":"http:\/\/archiwum.festiwale.zakopane.pl\/festiwal-koled-2020\/wp-json\/wp\/v2\/comments?post=686"}],"version-history":[{"count":5,"href":"http:\/\/archiwum.festiwale.zakopane.pl\/festiwal-koled-2020\/wp-json\/wp\/v2\/posts\/686\/revisions"}],"predecessor-version":[{"id":803,"href":"http:\/\/archiwum.festiwale.zakopane.pl\/festiwal-koled-2020\/wp-json\/wp\/v2\/posts\/686\/revisions\/803"}],"wp:featuredmedia":[{"embeddable":true,"href":"http:\/\/archiwum.festiwale.zakopane.pl\/festiwal-koled-2020\/wp-json\/wp\/v2\/media\/741"}],"wp:attachment":[{"href":"http:\/\/archiwum.festiwale.zakopane.pl\/festiwal-koled-2020\/wp-json\/wp\/v2\/media?parent=686"}],"wp:term":[{"taxonomy":"category","embeddable":true,"href":"http:\/\/archiwum.festiwale.zakopane.pl\/festiwal-koled-2020\/wp-json\/wp\/v2\/categories?post=686"},{"taxonomy":"post_tag","embeddable":true,"href":"http:\/\/archiwum.festiwale.zakopane.pl\/festiwal-koled-2020\/wp-json\/wp\/v2\/tags?post=686"}],"curies":[{"name":"wp","href":"https:\/\/api.w.org\/{rel}","templated":true}]}}