{"id":673,"date":"2020-12-29T07:32:20","date_gmt":"2020-12-29T06:32:20","guid":{"rendered":"https:\/\/festiwale.zakopane.pl\/festiwal-koled-2020\/?p=673"},"modified":"2021-01-08T13:06:15","modified_gmt":"2021-01-08T12:06:15","slug":"6-stycznia-hanka-rybka","status":"publish","type":"post","link":"http:\/\/archiwum.festiwale.zakopane.pl\/festiwal-koled-2020\/2020\/12\/29\/6-stycznia-hanka-rybka\/","title":{"rendered":"Hanka Rybka &#8211; 6 stycznia &#8211; Zapraszamy"},"content":{"rendered":"<p>HANKA RYBKA \u2013 wokalistka dla kt\u00f3rej muzyka by\u0142a i jest naturalnym dope\u0142nieniem codziennego \u017cycia. Jak sama przyznaje, \u015bpiewa od zawsze. Ju\u017c jako m\u0142oda dziewczyna wielokrotnie uczestniczy\u0142a w koncertach kapel i zespo\u0142\u00f3w ludowych. Po uko\u0144czeniu studi\u00f3w wsp\u00f3\u0142pracowa\u0142a ze znakomitymi artystami scen polskich. Jej mo\u017cliwo\u015bci wokalne sprawi\u0142y, \u017ce od wielu lat istnieje w \u015bwiecie muzyki improwizowanej, jazzie b\u0119d\u0105c zapraszan\u0105 przez znakomitych muzyk\u00f3w i odwiedzaj\u0105c sceny Europy i Ameryki.<\/p>\n<p>W 2017 roku przyznano przez Ministerstwo Kultury i Dziedzictwa Narodowego Okoliczno\u015bciowej Nagrody za wieloletni\u0105 dzia\u0142alno\u015b\u0107 na niwie kultury i promowania Podhala.<\/p>\n<p>W 2019 Hanka Rybka wraz z zespo\u0142em otrzyma\u0142a z Ministerstwa Kultury i Dziedzictwa Narodowego Rzeczpospolitej Polskiej Br\u0105zowy Medal \u201cZas\u0142u\u017cony Kulturze W 2019 Hanka Rybka jako Anna Chowaniec-Stasi\u0144ska zosta\u0142a odznaczona Z\u0142otym Krzy\u017cem Zas\u0142ugi<\/p>\n<p>&nbsp;<\/p>\n<p>Sk\u0142ad zespo\u0142u<\/p>\n<p>Hanka Rybka<\/p>\n<p>Andrzej Jarz\u0105bek<\/p>\n<p>Pawe\u0142 Trebunia-Tutka<\/p>\n<p>Robert Czech<\/p>\n<p>Leszek Szczerba<\/p>\n<p>Dzieci<\/p>\n<p>&nbsp;<\/p>\n<p><strong>6 stycznia 2021r godz. 19:00 &#8211; Msza \u015aw. w Sanktuarium Naj\u015bwi\u0119tszej Rodziny, ul. Krup\u00f3wki 1 <\/strong><\/p>\n<p><strong>a po niej koncert Hanki Rybki z Zespo\u0142em<\/strong><\/p>\n<p><a href=\"https:\/\/www.youtube.com\/watch?v=nQzwOsGHg7g&amp;fbclid=IwAR09Oe-byEVpyMK-HphyFW8wtXGIvW4n1A200B9sLMiHgO8s1B58cC6x_V8\">https:\/\/www.youtube.com\/watch?v=nQzwOsGHg7g&amp;fbclid=IwAR09Oe-byEVpyMK-HphyFW8wtXGIvW4n1A200B9sLMiHgO8s1B58cC6x_V8<\/a><\/p>\n","protected":false},"excerpt":{"rendered":"<p>HANKA RYBKA \u2013 wokalistka dla kt\u00f3rej muzyka by\u0142a i jest naturalnym dope\u0142nieniem codziennego \u017cycia. Jak [&hellip;]<\/p>\n","protected":false},"author":7,"featured_media":742,"comment_status":"closed","ping_status":"closed","sticky":false,"template":"","format":"standard","meta":[],"categories":[1],"tags":[],"acf":[],"_links":{"self":[{"href":"http:\/\/archiwum.festiwale.zakopane.pl\/festiwal-koled-2020\/wp-json\/wp\/v2\/posts\/673"}],"collection":[{"href":"http:\/\/archiwum.festiwale.zakopane.pl\/festiwal-koled-2020\/wp-json\/wp\/v2\/posts"}],"about":[{"href":"http:\/\/archiwum.festiwale.zakopane.pl\/festiwal-koled-2020\/wp-json\/wp\/v2\/types\/post"}],"author":[{"embeddable":true,"href":"http:\/\/archiwum.festiwale.zakopane.pl\/festiwal-koled-2020\/wp-json\/wp\/v2\/users\/7"}],"replies":[{"embeddable":true,"href":"http:\/\/archiwum.festiwale.zakopane.pl\/festiwal-koled-2020\/wp-json\/wp\/v2\/comments?post=673"}],"version-history":[{"count":8,"href":"http:\/\/archiwum.festiwale.zakopane.pl\/festiwal-koled-2020\/wp-json\/wp\/v2\/posts\/673\/revisions"}],"predecessor-version":[{"id":786,"href":"http:\/\/archiwum.festiwale.zakopane.pl\/festiwal-koled-2020\/wp-json\/wp\/v2\/posts\/673\/revisions\/786"}],"wp:featuredmedia":[{"embeddable":true,"href":"http:\/\/archiwum.festiwale.zakopane.pl\/festiwal-koled-2020\/wp-json\/wp\/v2\/media\/742"}],"wp:attachment":[{"href":"http:\/\/archiwum.festiwale.zakopane.pl\/festiwal-koled-2020\/wp-json\/wp\/v2\/media?parent=673"}],"wp:term":[{"taxonomy":"category","embeddable":true,"href":"http:\/\/archiwum.festiwale.zakopane.pl\/festiwal-koled-2020\/wp-json\/wp\/v2\/categories?post=673"},{"taxonomy":"post_tag","embeddable":true,"href":"http:\/\/archiwum.festiwale.zakopane.pl\/festiwal-koled-2020\/wp-json\/wp\/v2\/tags?post=673"}],"curies":[{"name":"wp","href":"https:\/\/api.w.org\/{rel}","templated":true}]}}