{"id":670,"date":"2020-12-28T09:09:19","date_gmt":"2020-12-28T08:09:19","guid":{"rendered":"https:\/\/festiwale.zakopane.pl\/festiwal-koled-2020\/?p=670"},"modified":"2021-01-08T13:06:33","modified_gmt":"2021-01-08T12:06:33","slug":"rodzina-lassakow-3-stycznia","status":"publish","type":"post","link":"http:\/\/archiwum.festiwale.zakopane.pl\/festiwal-koled-2020\/2020\/12\/28\/rodzina-lassakow-3-stycznia\/","title":{"rendered":"Rodzina Lassak\u00f3w &#8222;Helios\u00f3w&#8221; &#8211; 3 stycznia &#8211; Zapraszamy"},"content":{"rendered":"<p><strong>Kol\u0119dowanie z Muzyk\u0105 Rodziny Lassak\u00f3w \u201eHelios\u00f3w\u201d z Zakopanego<\/strong><\/p>\n<p>Zabrzmi\u0105 kol\u0119dy i pastora\u0142ki w wykonaniu tradycyjnej muzyki g\u00f3ralskiej w sk\u0142adzie:<\/p>\n<p><strong>Halina Maciata &#8211; Lassak<\/strong> i <strong>Tomasz Lassak<\/strong> z c\u00f3rkami <strong>Katarzyn\u0105<\/strong> i <strong>Ann\u0105<\/strong><\/p>\n<p><strong>Janina<\/strong> <strong>Lassak <\/strong>i<strong> Janusz Lassak<\/strong> z c\u00f3rkami <strong>Helen\u0105<\/strong> i <strong>Michalin\u0105 <\/strong>oraz <strong>Stanis\u0142aw Maciata <\/strong><\/p>\n<p>&nbsp;<\/p>\n<p>Rodziny Lassak\u00f3w i Maciat\u00f3w kontynuuj\u0105 wielopokoleniowe tradycje muzykowania.<\/p>\n<p>Pradziadek Szymon Lassak z Z\u0119bu budowa\u0142 w 1904 roku Kapliczk\u0119 w Jaszczur\u00f3wce wg projektu Stanis\u0142awa Witkiewicza. W tym te\u017c roku urodzi\u0142 si\u0119 jeden z jego syn\u00f3w, Franciszek (dziadek Tomasza i Janusza) \u2013 cie\u015bla, wybitny prymista i krawiec \u201eportek\u201d g\u00f3ralskich. Przekaza\u0142 swoje umiej\u0119tno\u015bci synom i wnukom. <strong>Janusz<\/strong> jest prymist\u0105, nauczycielem muzyki g\u00f3ralskiej, absolwentem Technikum Budowlanego. Na Festiwalu <em>\u201e<\/em>Na G\u00f3ralsk\u0105 Nut\u0119<em>\u201d<\/em> w Chicago trzykrotnie z rz\u0119du zdoby\u0142 I miejsce i zosta\u0142 uhonorowany Nagrod\u0105 Specjaln\u0105 &#8211; <em>Z\u0142\u00f3bcokami<\/em>. Na 47. MFFZG w Zakopanem otrzyma\u0142 <em>Nagrod\u0119 Saba\u0142owych G\u0119\u015bli.<\/em> <strong>Tomasz<\/strong> jest muzykantem, \u015bpiewakiem, technikiem budowlanym, wiernie kontynuuj\u0105cym g\u00f3ralskie tradycje architektoniczne. Wygrywa\u0142 konkursy \u015bpiewu pytackiego, konkursy doro\u017ckarskie przy <em>Jesieni Tatrza\u0144skiej<\/em> w Zakopanem. By\u0142 solist\u0105 opery g\u00f3ralskiej <em>\u201e<\/em>Ojciec \u015awi\u0119ty Jan Pawe\u0142 II na Podhalu<em>\u201d<\/em>.<\/p>\n<p>W rodzinie Maciat\u00f3w J\u00f3zef Maciata \u2013 muzykant, stolarz \u2013 gra\u0142 w zespo\u0142ach regionalnych, uczy\u0142 dzieci z Bia\u0142ego Dunajca gry na skrzypcach. Swoim dzieciom przekaza\u0142 mi\u0142o\u015b\u0107 do muzyki i kultury g\u00f3ralskiej. <strong>Janina<\/strong> jest etnografem i absolwentk\u0105 Akademii Ekonomicznej. <strong>Halina<\/strong> uko\u0144czy\u0142a Politechnik\u0119 Krakowsk\u0105, jest etnomuzykologiem, pedagogiem, jurorem konkurs\u00f3w ludowych, m.in. Mi\u0119dzynarodowego Festiwalu Folkloru Ziem G\u00f3rskich w Zakopanem. <strong>Stanis\u0142aw<\/strong> Maciata jest in\u017cynierem, by\u0142 d\u0142ugoletnim pracownikiem Starostwa Nowotarskiego w Wydziale Architektury. Rodze\u0144stwo by\u0142o cz\u0142onkami licznych zespo\u0142\u00f3w regionalnych (m.in.: \u201eMa\u0142e Podhale\u201d, \u201eZesp\u00f3\u0142 im. A. Skupnia Florka\u201d z Bia\u0142ego Dunajca, \u201eHyrni\u201d z Chicago) oraz instruktorami studenckiego zespo\u0142u \u201eSkalni\u201d.<\/p>\n<p>M\u0142ode pokolenie, kuzynki: Katarzyna, Anna, Michalina i Helena nale\u017c\u0105 do Zespo\u0142u im. Klimka Bachledy. Siostry <strong>Katarzyna<\/strong> i <strong>Anna<\/strong> s\u0105 absolwentkami Pa\u0144stwowej Og\u00f3lnokszta\u0142c\u0105cej Szko\u0142y Artystycznej w Zakopanem, w klasie skrzypiec i fortepianu. S\u0105 laureatkami konkurs\u00f3w muzycznych, plastycznych i literackich. <strong>Katarzyna<\/strong> uko\u0144czy\u0142a studia na Uniwersytecie Muzycznym Fryderyka Chopina w klasie skrzypiec prof. UMFC, dra hab. Janusza Wawrowskiego oraz filologi\u0119 angielsk\u0105 na Uniwersytecie Warszawskim. Wyst\u0119puje jako solistka i kameralistka z zespo\u0142em Warsaw String Players oraz z Tatrza\u0144sk\u0105 Orkiestr\u0105 Klimatyczn\u0105. Zdoby\u0142a pierwsze miejsce w XVII Og\u00f3lnopolskim Konkursie Wokalnym \u201ePami\u0119tajmy o Osieckiej\u201d. Jako prymistka jest laureatk\u0105 Mi\u0119dzynarodowego Konkursu Kapel, \u015apiewak\u00f3w i Instrumentalist\u00f3w Ludowych, \u201eSaba\u0142owych Baja\u0144\u201d, \u201eBerdowego Muzykowania\u201d. <strong>Anna<\/strong> studiuje \u015bpiew solowy w klasie prof. dr hab. Jadwigi Rapp\u00e9 na UMFC oraz prawo na UKSW. Siostry <strong>Michalina<\/strong> i <strong>Helena <\/strong>nale\u017c\u0105 do g\u00f3ralskiego zespo\u0142u studenckiego \u201eSkalni\u201d. <strong>Michalina <\/strong>uko\u0144czy\u0142a studia na Wydziale Chemii Uniwersytetu Jagiello\u0144skiego w Krakowie, ze specjalizacj\u0105 magistersk\u0105 w nowoczesnej syntezie i\u00a0fizykochemii organicznej. <strong>Helena <\/strong>studiuje filologi\u0119 angielsk\u0105 na Uniwersytecie Jagiello\u0144skim.<\/p>\n<p>Obie rodziny s\u0105 laureatami Konkursu Kapel Ludowych w Kazimierzu Dolnym. Wsp\u00f3lnie wygrali Konkurs Kapel w Chicago. Rodzina zdoby\u0142a I Nagrod\u0119 na <em>\u201e<\/em>Przedn\u00f3wku w\u00a0Polanach<em>\u201d <\/em>w Ko\u015bcielisku, I miejsce na \u201eXI Dziado\u0144cynym Graniu\u201d w Bukowinie. Bior\u0105 czynny udzia\u0142 w uroczysto\u015bciach ko\u015bcielnych, dzia\u0142alno\u015bci Zwi\u0105zku Podhalan oraz w\u00a0licznych wydarzeniach kulturalnych na Podhalu, a tak\u017ce w kraju i za granic\u0105. Wyst\u0119powali w operze g\u00f3ralskiej<em> \u201e<\/em>Ojciec \u015awi\u0119ty Jan Pawe\u0142 II na Podhalu<em>\u201d<\/em>, kt\u00f3rej wystawienia odby\u0142y si\u0119 w Teatrze Narodowym, Operze Krakowskiej i Teatrze Capranica w Rzymie.<\/p>\n<p>&nbsp;<\/p>\n<p><strong>godz. 18:00 &#8211; Msza \u015bwi\u0119ta w Ko\u015bciele Mi\u0142osierdzia Bo\u017cego, a po niej koncert Rodziny Lassak\u00f3w &#8222;Helios\u00f3w&#8221;\u00a0<\/strong><\/p>\n<p><strong>Zakopane, ul. Chramc\u00f3wki <\/strong><\/p>\n<p>&nbsp;<\/p>\n<p><a href=\"https:\/\/www.youtube.com\/watch?v=HNlbJ0cS2RU&amp;t=30s\">https:\/\/www.youtube.com\/watch?v=HNlbJ0cS2RU&amp;t=30s<\/a><\/p>\n","protected":false},"excerpt":{"rendered":"<p>Kol\u0119dowanie z Muzyk\u0105 Rodziny Lassak\u00f3w \u201eHelios\u00f3w\u201d z Zakopanego Zabrzmi\u0105 kol\u0119dy i pastora\u0142ki w wykonaniu tradycyjnej [&hellip;]<\/p>\n","protected":false},"author":7,"featured_media":731,"comment_status":"closed","ping_status":"closed","sticky":false,"template":"","format":"standard","meta":[],"categories":[1],"tags":[],"acf":[],"_links":{"self":[{"href":"http:\/\/archiwum.festiwale.zakopane.pl\/festiwal-koled-2020\/wp-json\/wp\/v2\/posts\/670"}],"collection":[{"href":"http:\/\/archiwum.festiwale.zakopane.pl\/festiwal-koled-2020\/wp-json\/wp\/v2\/posts"}],"about":[{"href":"http:\/\/archiwum.festiwale.zakopane.pl\/festiwal-koled-2020\/wp-json\/wp\/v2\/types\/post"}],"author":[{"embeddable":true,"href":"http:\/\/archiwum.festiwale.zakopane.pl\/festiwal-koled-2020\/wp-json\/wp\/v2\/users\/7"}],"replies":[{"embeddable":true,"href":"http:\/\/archiwum.festiwale.zakopane.pl\/festiwal-koled-2020\/wp-json\/wp\/v2\/comments?post=670"}],"version-history":[{"count":6,"href":"http:\/\/archiwum.festiwale.zakopane.pl\/festiwal-koled-2020\/wp-json\/wp\/v2\/posts\/670\/revisions"}],"predecessor-version":[{"id":787,"href":"http:\/\/archiwum.festiwale.zakopane.pl\/festiwal-koled-2020\/wp-json\/wp\/v2\/posts\/670\/revisions\/787"}],"wp:featuredmedia":[{"embeddable":true,"href":"http:\/\/archiwum.festiwale.zakopane.pl\/festiwal-koled-2020\/wp-json\/wp\/v2\/media\/731"}],"wp:attachment":[{"href":"http:\/\/archiwum.festiwale.zakopane.pl\/festiwal-koled-2020\/wp-json\/wp\/v2\/media?parent=670"}],"wp:term":[{"taxonomy":"category","embeddable":true,"href":"http:\/\/archiwum.festiwale.zakopane.pl\/festiwal-koled-2020\/wp-json\/wp\/v2\/categories?post=670"},{"taxonomy":"post_tag","embeddable":true,"href":"http:\/\/archiwum.festiwale.zakopane.pl\/festiwal-koled-2020\/wp-json\/wp\/v2\/tags?post=670"}],"curies":[{"name":"wp","href":"https:\/\/api.w.org\/{rel}","templated":true}]}}